{"id":146307,"date":"2025-03-07T15:02:53","date_gmt":"2025-03-07T18:02:53","guid":{"rendered":"https:\/\/www.aarquiteta.com.br\/blog\/para-bons-momentos-8-inspiracoes-de-varandas-gourmet\/"},"modified":"2025-03-07T15:02:53","modified_gmt":"2025-03-07T18:02:53","slug":"para-bons-momentos-8-inspiracoes-de-varandas-gourmet","status":"publish","type":"post","link":"https:\/\/www.aarquiteta.com.br\/blog\/para-bons-momentos-8-inspiracoes-de-varandas-gourmet\/","title":{"rendered":"Inspira\u00e7\u00f5es Para Uma Linda Varanda Gourmet"},"content":{"rendered":"<p><body><\/p>\n<p>As varandas gourmet s\u00e3o um verdadeiro must-have para quem busca conforto e estilo nos apartamentos modernos. Com elas, d\u00e1 pra receber os amigos, fazer aquele churrasco ou simplesmente relaxar. Neste artigo, vou te contar tudo sobre esse espa\u00e7o incr\u00edvel e como transform\u00e1-lo no cora\u00e7\u00e3o da sua casa.<\/p>\n<h2>Introdu\u00e7\u00e3o<\/h2>\n<p>A tend\u00eancia das varandas gourmet cresceu junto com a necessidade de espa\u00e7o para lazer em lares mais compactos. Cada vez mais, esse espa\u00e7o se torna um lugar de encontro para amigos e familiares, permitindo que desfrutemos de momentos inesquec\u00edveis sem sair de casa.<\/p>\n<h2>O que s\u00e3o varandas gourmet?<\/h2>\n<p>Uma varanda gourmet \u00e9 mais que um simples espa\u00e7o ao ar livre \u2014 \u00e9 uma extens\u00e3o da cozinha, pensada para facilitar o preparo e a degusta\u00e7\u00e3o de refei\u00e7\u00f5es. A ideia \u00e9 criar um ambiente onde se possa cozinhar e socializar ao mesmo tempo, oferecendo um clima descontra\u00eddo e acolhedor.<\/p>\n<h2>Vantagens de ter uma varanda gourmet<\/h2>\n<h3>Receber os amigos com conforto<\/h3>\n<figure style=\"width: 1024px\" class=\"wp-caption aligncenter\"><img decoding=\"async\" src=\"https:\/\/www.aarquiteta.com.br\/blog\/wp-content\/uploads\/2025\/03\/para-bons-momentos-8-inspiracoes-de-varandas-gourmet01.jpg\" alt=\"Inspira\u00e7\u00f5es Para Uma Linda Varanda Gourmet\" width=\"1024\" height=\"1024\" title=\"\"><figcaption class=\"wp-caption-text\">Inspira\u00e7\u00f5es Para Uma Linda Varanda Gourmet<\/figcaption><\/figure>\n<p>Imagina a cena: voc\u00ea est\u00e1 na sua varanda gourmet, preparando um delicioso prato enquanto seus amigos chegam e se acomodam. Essa integra\u00e7\u00e3o traz conforto e praticidade, tornando a recep\u00e7\u00e3o muito mais agrad\u00e1vel.<\/p>\n<h3>Praticidade nas recep\u00e7\u00f5es<\/h3>\n<figure style=\"width: 1024px\" class=\"wp-caption aligncenter\"><img decoding=\"async\" src=\"https:\/\/www.aarquiteta.com.br\/blog\/wp-content\/uploads\/2025\/03\/varandasgourmet5-1.jpeg.webp\" alt=\"inspira\u00e7\u00f5es de varandas gourmet\" title=\"\"><figcaption class=\"wp-caption-text\">inspira\u00e7\u00f5es de varandas gourmet<\/figcaption><\/figure>\n<p>Ao inv\u00e9s de ter que se preocupar com reservas de sal\u00e3o de festas ou hor\u00e1rios limitados, a varanda gourmet permite que voc\u00ea organize a sua festa no seu tempo, sem restri\u00e7\u00f5es. \u00c9 como ter sua pr\u00f3pria festa ao ar livre, sempre que quiser!<\/p>\n<h3>Valoriza\u00e7\u00e3o do im\u00f3vel<\/h3>\n<figure style=\"width: 1024px\" class=\"wp-caption aligncenter\"><img decoding=\"async\" src=\"https:\/\/www.aarquiteta.com.br\/blog\/wp-content\/uploads\/2025\/03\/varandasgourmet1.jpeg.webp\" alt=\"inspira\u00e7\u00f5es de varandas gourmet\" title=\"\"><figcaption class=\"wp-caption-text\">inspira\u00e7\u00f5es de varandas gourmet<\/figcaption><\/figure>\n<p>A presen\u00e7a de uma varanda gourmet pode ser um grande atrativo na hora de vender ou alugar o seu apartamento. Os compradores est\u00e3o cada vez mais interessados em espa\u00e7os que proporcionem qualidade de vida e conforto. Portanto, essa \u00e9 uma super vantagem!<\/p>\n<h2>Dicas para decorar sua varanda gourmet<\/h2>\n<h3>M\u00f3veis de madeira<\/h3>\n<figure style=\"width: 1024px\" class=\"wp-caption aligncenter\"><img decoding=\"async\" src=\"https:\/\/www.aarquiteta.com.br\/blog\/wp-content\/uploads\/2025\/03\/para-bons-momentos-8-inspiracoes-de-varandas-gourmet02.jpg\" alt=\"Inspira\u00e7\u00f5es Para Uma Linda Varanda Gourmet\" width=\"1024\" height=\"1024\" title=\"\"><figcaption class=\"wp-caption-text\">Inspira\u00e7\u00f5es Para Uma Linda Varanda Gourmet<\/figcaption><\/figure>\n<p>Uma boa dica \u00e9 optar por m\u00f3veis de madeira, que trazem um toque r\u00fastico e acolhedor ao ambiente. Mesas, cadeiras e bancos de madeira criam uma atmosfera \u00fanica, perfeita para os momentos que voc\u00ea vai compartilhar.<\/p>\n<h3>Eletrodom\u00e9sticos essenciais<\/h3>\n<figure style=\"width: 1024px\" class=\"wp-caption aligncenter\"><img decoding=\"async\" src=\"https:\/\/www.aarquiteta.com.br\/blog\/wp-content\/uploads\/2025\/03\/varandasgourmet2-1.jpeg.webp\" alt=\"inspira\u00e7\u00f5es de varandas gourmet\" title=\"\"><figcaption class=\"wp-caption-text\">inspira\u00e7\u00f5es de varandas gourmet<\/figcaption><\/figure>\n<p>Para facilitar a experi\u00eancia culin\u00e1ria, alguns eletrodom\u00e9sticos s\u00e3o fundamentais. O cooktop e a churrasqueira s\u00e3o os protagonistas, mas n\u00e3o esque\u00e7a de uma boa coifa para garantir que os cheiros n\u00e3o invadam o ambiente. Um frigobar tamb\u00e9m \u00e9 uma \u00f3tima adi\u00e7\u00e3o para beber uma cervejinha gelada!<\/p>\n<h3>Itens decorativos<\/h3>\n<figure style=\"width: 1024px\" class=\"wp-caption aligncenter\"><img decoding=\"async\" src=\"https:\/\/www.aarquiteta.com.br\/blog\/wp-content\/uploads\/2025\/03\/para-bons-momentos-8-inspiracoes-de-varandas-gourmet03.jpg\" alt=\"Inspira\u00e7\u00f5es Para Uma Linda Varanda Gourmet\" width=\"1024\" height=\"1024\" title=\"\"><figcaption class=\"wp-caption-text\">Inspira\u00e7\u00f5es Para Uma Linda Varanda Gourmet<\/figcaption><\/figure>\n<p>Elementos decorativos como quadros, vasos de plantas, e at\u00e9 uma horta vertical podem dar ainda mais charme \u00e0 sua varanda gourmet. Pense em como voc\u00ea quer que seu espa\u00e7o se sinta: relaxante, alegre, ou talvez um pouco mais chique?<\/p>\n<h2>Inspira\u00e7\u00f5es de varandas gourmet<\/h2>\n<p>Se precisar de ideias, n\u00e3o faltam inspira\u00e7\u00f5es para tornar a sua varanda gourmet dos sonhos. De espa\u00e7os minimalistas a \u00e1reas amplas com churrasqueiras imponentes, cada detalhe pode ser ajustado ao seu gosto pessoal. Olhe no Pinterest ou Instagram e se embrenhe no mundo das varandas gourmet.<\/p>\n<h3>Exemplo 1: Estilo r\u00fastico<\/h3>\n<figure style=\"width: 1024px\" class=\"wp-caption aligncenter\"><img decoding=\"async\" src=\"https:\/\/www.aarquiteta.com.br\/blog\/wp-content\/uploads\/2025\/03\/varandasgourmet3-1.jpeg.webp\" alt=\"inspira\u00e7\u00f5es de varandas gourmet\" title=\"\"><figcaption class=\"wp-caption-text\">inspira\u00e7\u00f5es de varandas gourmet<\/figcaption><\/figure>\n<p>Um ambiente r\u00fastico com bancos de madeira e uma pequena churrasqueira \u00e9 uma excelente escolha para quem aprecia um toque campestre. Adicione algumas lanternas e almofadas para completar o visual aconchegante.<\/p>\n<h3>Exemplo 2: Modernidade e eleg\u00e2ncia<\/h3>\n<figure style=\"width: 1024px\" class=\"wp-caption aligncenter\"><img decoding=\"async\" src=\"https:\/\/www.aarquiteta.com.br\/blog\/wp-content\/uploads\/2025\/03\/para-bons-momentos-8-inspiracoes-de-varandas-gourmet4.jpg\" alt=\"Inspira\u00e7\u00f5es Para Uma Linda Varanda Gourmet\" width=\"1024\" height=\"1024\" title=\"\"><figcaption class=\"wp-caption-text\">Inspira\u00e7\u00f5es Para Uma Linda Varanda Gourmet<\/figcaption><\/figure>\n<p>Se o seu estilo \u00e9 mais contempor\u00e2neo, que tal investir em m\u00f3veis de metal e vidro? Esses materiais trazem leveza e sofistica\u00e7\u00e3o. Aposte em plantas suspensas e ilumina\u00e7\u00e3o LED para um clima mais intimista.<\/p>\n<h3>Exemplo 3: Aconchego em pequenos espa\u00e7os<\/h3>\n<figure style=\"width: 1024px\" class=\"wp-caption aligncenter\"><img decoding=\"async\" src=\"https:\/\/www.aarquiteta.com.br\/blog\/wp-content\/uploads\/2025\/03\/varandasgourmet4-1.jpeg.webp\" alt=\"inspira\u00e7\u00f5es de varandas gourmet\" title=\"\"><figcaption class=\"wp-caption-text\">inspira\u00e7\u00f5es de varandas gourmet<\/figcaption><\/figure>\n<p>Se a sua varanda n\u00e3o \u00e9 muito grande, n\u00e3o se preocupe! Com mesas dobr\u00e1veis e cadeiras empilh\u00e1veis, voc\u00ea pode maximizar o espa\u00e7o e criar um ambiente funcional e charmoso.<\/p>\n<h2>Conclus\u00e3o<\/h2>\n<p>A varanda gourmet \u00e9 um espa\u00e7o que n\u00e3o s\u00f3 reflete quem somos, mas tamb\u00e9m torna os momentos em fam\u00edlia e amigos ainda mais especiais. Transform\u00e1-la em um local agrad\u00e1vel e funcional \u00e9 um investimento que vale a pena. Ent\u00e3o, que tal colocar a m\u00e3o na massa e deixar sua varanda pronta para receber bons momentos?<\/p>\n<p><\/body><br \/>\n<iframe title=\"YouTube video player\" src=\"https:\/\/www.youtube.com\/embed\/rLJYqjWQyP0\" width=\"560\" height=\"315\" frameborder=\"0\" allowfullscreen=\"allowfullscreen\"><\/iframe><\/p>\n<figure style=\"width: 1024px\" class=\"wp-caption aligncenter\"><img decoding=\"async\" src=\"https:\/\/www.aarquiteta.com.br\/blog\/wp-content\/uploads\/2025\/03\/varandasgourmet6.jpeg.webp\" alt=\"inspira\u00e7\u00f5es de varandas gourmet\" title=\"\"><figcaption class=\"wp-caption-text\">inspira\u00e7\u00f5es de varandas gourmet<\/figcaption><\/figure>\n","protected":false},"excerpt":{"rendered":"<p>Descubra 8 incr\u00edveis inspira\u00e7\u00f5es de varandas gourmet e dicas de decora\u00e7\u00e3o para transformar seu espa\u00e7o em um local perfeito para receber.<\/p>\n","protected":false},"author":102,"featured_media":146300,"comment_status":"open","ping_status":"","sticky":false,"template":"","format":"standard","meta":{"footnotes":""},"categories":[1507,6,249],"tags":[],"class_list":["post-146307","post","type-post","status-publish","format-standard","has-post-thumbnail","category-arquitetura","category-carreira-de-arquitetura","category-engenharia-e-construcao-civil"],"_wp_attached_file":null,"_wp_attachment_metadata":null,"_wp_attachment_context":null,"_wp_attachment_is_custom_header":null,"geo_longitude":null,"geo_public":null,"geo_latitude":null,"_publicize_done_external":null,"_wpas_done_3897181":null,"publicize_twitter_user":null,"_wpas_done_3897175":null,"_wpas_skip_3897181":null,"_wpas_skip_3897175":null,"_wpas_skip_3924723":null,"_wpas_mess":null,"_wpas_done_3924723":null,"wps_subtitle":"","_links":{"self":[{"href":"https:\/\/www.aarquiteta.com.br\/blog\/wp-json\/wp\/v2\/posts\/146307","targetHints":{"allow":["GET"]}}],"collection":[{"href":"https:\/\/www.aarquiteta.com.br\/blog\/wp-json\/wp\/v2\/posts"}],"about":[{"href":"https:\/\/www.aarquiteta.com.br\/blog\/wp-json\/wp\/v2\/types\/post"}],"author":[{"embeddable":true,"href":"https:\/\/www.aarquiteta.com.br\/blog\/wp-json\/wp\/v2\/users\/102"}],"replies":[{"embeddable":true,"href":"https:\/\/www.aarquiteta.com.br\/blog\/wp-json\/wp\/v2\/comments?post=146307"}],"version-history":[{"count":0,"href":"https:\/\/www.aarquiteta.com.br\/blog\/wp-json\/wp\/v2\/posts\/146307\/revisions"}],"wp:featuredmedia":[{"embeddable":true,"href":"https:\/\/www.aarquiteta.com.br\/blog\/wp-json\/wp\/v2\/media\/146300"}],"wp:attachment":[{"href":"https:\/\/www.aarquiteta.com.br\/blog\/wp-json\/wp\/v2\/media?parent=146307"}],"wp:term":[{"taxonomy":"category","embeddable":true,"href":"https:\/\/www.aarquiteta.com.br\/blog\/wp-json\/wp\/v2\/categories?post=146307"},{"taxonomy":"post_tag","embeddable":true,"href":"https:\/\/www.aarquiteta.com.br\/blog\/wp-json\/wp\/v2\/tags?post=146307"}],"curies":[{"name":"wp","href":"https:\/\/api.w.org\/{rel}","templated":true}]}}