{"id":146288,"date":"2025-03-07T13:45:06","date_gmt":"2025-03-07T16:45:06","guid":{"rendered":"https:\/\/www.aarquiteta.com.br\/blog\/design-de-casas\/"},"modified":"2025-03-07T13:45:06","modified_gmt":"2025-03-07T16:45:06","slug":"design-de-casas","status":"publish","type":"post","link":"https:\/\/www.aarquiteta.com.br\/blog\/design-de-casas\/","title":{"rendered":"7 Inova\u00e7\u00f5es em Design de Casas para 2025 que Voc\u00ea Precisa Conhecer"},"content":{"rendered":"<p>As casas do futuro s\u00e3o como sonhos que ganham forma: cheias de possibilidades e com um toque de modernidade. Em 2025, a inspira\u00e7\u00e3o para o <b>design de casas<\/b> promete encantar e transformar nossos lares em verdadeiros ref\u00fagios.<\/p>\n<figure style=\"width: 1024px\" class=\"wp-caption aligncenter\"><img decoding=\"async\" src=\"https:\/\/www.aarquiteta.com.br\/blog\/wp-content\/uploads\/2025\/03\/design-de-casas01.jpg\" alt=\"Design de Casas: Tend\u00eancias e Inspira\u00e7\u00f5es para Projetos Modernos em 2025\" width=\"1024\" height=\"1024\" title=\"\"><figcaption class=\"wp-caption-text\">Design de Casas: Tend\u00eancias e Inspira\u00e7\u00f5es para Projetos Modernos em 2025<\/figcaption><\/figure>\n<h3>Tend\u00eancias em Materiais Sustent\u00e1veis<\/h3>\n<p>A sustentabilidade t\u00e1 em alta, e n\u00e3o tem como negar! Materiais como <b>bambu<\/b>, vidro reciclado e at\u00e9 mesmo pl\u00e1sticos reutilizados est\u00e3o fazendo a festa nas constru\u00e7\u00f5es. Eles n\u00e3o s\u00f3 ajudam o meio ambiente, mas tamb\u00e9m trazem um charme todo especial ao lar.<\/p>\n<figure style=\"width: 1024px\" class=\"wp-caption aligncenter\"><img decoding=\"async\" src=\"https:\/\/www.aarquiteta.com.br\/blog\/wp-content\/uploads\/2025\/03\/design-de-casas02.jpg\" alt=\"Design de Casas: Tend\u00eancias e Inspira\u00e7\u00f5es para Projetos Modernos em 2025\" width=\"1024\" height=\"1024\" title=\"\"><figcaption class=\"wp-caption-text\">Design de Casas: Tend\u00eancias e Inspira\u00e7\u00f5es para Projetos Modernos em 2025<\/figcaption><\/figure>\n<h3>Espa\u00e7os Abertos e Integrados<\/h3>\n<p>Sabe aquele conceito de um espa\u00e7o onde a cozinha se comunica com a sala? Pois \u00e9! Em 2025, <b>ambientes integrados<\/b> s\u00e3o a regra. As paredes v\u00e3o sair de cena e a conviv\u00eancia vai brilhar. O resultado? Mais liberdade e conforto!<\/p>\n<h3>Cores e Texturas do Futuro<\/h3>\n<p>A paleta de cores da vez \u00e9 bem ousada. <b>Tons terrosos<\/b>, como marrons e verdes, ganham destaque, enquanto texturas como veludo e linho se unem para criar ambientes acolhedores. Preparados para se sentirem abra\u00e7ados por suas paredes?<\/p>\n<h3>Ilumina\u00e7\u00e3o Inteligente<\/h3>\n<p>Se tem algo que a tecnologia trouxe de bom \u00e9 a <b>ilumina\u00e7\u00e3o inteligente<\/b>. Lumin\u00e1rias que se ajustam ao clima do dia? E que mudam a intensidade dependendo do seu humor? Essa \u00e9 a verdadeira magia da modernidade!<\/p>\n<figure style=\"width: 1024px\" class=\"wp-caption aligncenter\"><img decoding=\"async\" src=\"https:\/\/www.aarquiteta.com.br\/blog\/wp-content\/uploads\/2025\/03\/9fab929a00b35f41de6d4a02d114dbbe-800x1200.jpg\" alt=\"Design de Casas: Tend\u00eancias e Inspira\u00e7\u00f5es para Projetos Modernos em 2025\" width=\"1024\" height=\"1024\" title=\"\"><figcaption class=\"wp-caption-text\">Fonte: Pinterest<\/figcaption><\/figure>\n<h3>Jardins Verticais e Natureza Dentro de Casa<\/h3>\n<p>Quem n\u00e3o ama um toque da natureza? Os <b>jardins verticais<\/b> t\u00e3o na moda e s\u00e3o perfeitos para trazer frescor e vitalidade para o lar. Imagine um cantinho verde que purifica o ar e ainda \u00e9 um lindo adorno. Divino, n\u00e9?<\/p>\n<figure style=\"width: 1024px\" class=\"wp-caption aligncenter\"><img decoding=\"async\" src=\"https:\/\/www.aarquiteta.com.br\/blog\/wp-content\/uploads\/2025\/03\/31a0c67d8c9502f28c86d6abf1636339.jpg\" alt=\"Design de Casas: Tend\u00eancias e Inspira\u00e7\u00f5es para Projetos Modernos em 2025\" width=\"1024\" height=\"1024\" title=\"\"><figcaption class=\"wp-caption-text\">Fonte: Pinterest<\/figcaption><\/figure>\n<h3>Curiosidades sobre Design Futurista<\/h3>\n<p>Um detalhe inesperado: sabia que muitos designers est\u00e3o pensando em <b>casas modulares<\/b>? Isso significa que voc\u00ea pode trocar partes da sua casa com facilidade e criar novos ambientes sempre que quiser. \u00c9 como trocar de roupa!<\/p>\n<figure style=\"width: 1024px\" class=\"wp-caption aligncenter\"><img decoding=\"async\" src=\"https:\/\/www.aarquiteta.com.br\/blog\/wp-content\/uploads\/2025\/03\/6b396cccc411f995311982f5b94ceda5-814x1200.jpg\" alt=\"Design de Casas: Tend\u00eancias e Inspira\u00e7\u00f5es para Projetos Modernos em 2025\" width=\"1024\" height=\"1024\" title=\"\"><figcaption class=\"wp-caption-text\">Fonte: Pinterest<\/figcaption><\/figure>\n<h3>Acess\u00f3rios que Fazem a Diferen\u00e7a<\/h3>\n<p>Os pequenos detalhes importam, e os <b>acess\u00f3rios funcionais<\/b> s\u00e3o o segredo. Desde pe\u00e7as decorativas at\u00e9 objetos utilit\u00e1rios que s\u00e3o de encher os olhos, todos eles estar\u00e3o presentes, provando que menos \u00e9 mais.<\/p>\n<figure style=\"width: 1024px\" class=\"wp-caption aligncenter\"><img decoding=\"async\" src=\"https:\/\/www.aarquiteta.com.br\/blog\/wp-content\/uploads\/2025\/03\/0dd618095aa8ac6216945524acee372c-800x1200.jpg\" alt=\"Design de Casas: Tend\u00eancias e Inspira\u00e7\u00f5es para Projetos Modernos em 2025\" width=\"1024\" height=\"1024\" title=\"\"><figcaption class=\"wp-caption-text\">Fonte: Pinterest<\/figcaption><\/figure>\n<h3>Conclus\u00e3o: Um Futuro Brilhante<\/h3>\n<p>Enfim, o design de casas em 2025 promete uma fus\u00e3o de <b>estilo, conforto e funcionalidade<\/b>. Cada espa\u00e7o ser\u00e1 uma extens\u00e3o da nossa personalidade. Mais do que casas, ser\u00e3o lares que contam nossas hist\u00f3rias. E quem n\u00e3o ama um lar que se transforma a cada dia?<\/p>\n<figure style=\"width: 1024px\" class=\"wp-caption aligncenter\"><img decoding=\"async\" src=\"https:\/\/www.aarquiteta.com.br\/blog\/wp-content\/uploads\/2025\/03\/aafa5b5e9159a7d777d78ca6f997c641.jpg\" alt=\"Design de Casas: Tend\u00eancias e Inspira\u00e7\u00f5es para Projetos Modernos em 2025\" width=\"1024\" height=\"1024\" title=\"\"><figcaption class=\"wp-caption-text\">Fonte: Pinterest<\/figcaption><\/figure>\n<figure style=\"width: 1024px\" class=\"wp-caption aligncenter\"><img decoding=\"async\" src=\"https:\/\/www.aarquiteta.com.br\/blog\/wp-content\/uploads\/2025\/03\/64110af1152085d111b80f32ebbba59b.jpg\" alt=\"Design de Casas: Tend\u00eancias e Inspira\u00e7\u00f5es para Projetos Modernos em 2025\" width=\"1024\" height=\"1024\" title=\"\"><figcaption class=\"wp-caption-text\">Fonte: Pinterest<\/figcaption><\/figure>\n","protected":false},"excerpt":{"rendered":"<p>7 Inova\u00e7\u00f5es em Design de Casas para 2025 que Voc\u00ea Precisa Conhecer<\/p>\n","protected":false},"author":102,"featured_media":146277,"comment_status":"open","ping_status":"","sticky":false,"template":"","format":"standard","meta":{"footnotes":""},"categories":[1484],"tags":[],"class_list":["post-146288","post","type-post","status-publish","format-standard","has-post-thumbnail","category-decoracao"],"_wp_attached_file":null,"_wp_attachment_metadata":null,"_wp_attachment_context":null,"_wp_attachment_is_custom_header":null,"geo_longitude":null,"geo_public":null,"geo_latitude":null,"_publicize_done_external":null,"_wpas_done_3897181":null,"publicize_twitter_user":null,"_wpas_done_3897175":null,"_wpas_skip_3897181":null,"_wpas_skip_3897175":null,"_wpas_skip_3924723":null,"_wpas_mess":null,"_wpas_done_3924723":null,"wps_subtitle":"","_links":{"self":[{"href":"https:\/\/www.aarquiteta.com.br\/blog\/wp-json\/wp\/v2\/posts\/146288","targetHints":{"allow":["GET"]}}],"collection":[{"href":"https:\/\/www.aarquiteta.com.br\/blog\/wp-json\/wp\/v2\/posts"}],"about":[{"href":"https:\/\/www.aarquiteta.com.br\/blog\/wp-json\/wp\/v2\/types\/post"}],"author":[{"embeddable":true,"href":"https:\/\/www.aarquiteta.com.br\/blog\/wp-json\/wp\/v2\/users\/102"}],"replies":[{"embeddable":true,"href":"https:\/\/www.aarquiteta.com.br\/blog\/wp-json\/wp\/v2\/comments?post=146288"}],"version-history":[{"count":0,"href":"https:\/\/www.aarquiteta.com.br\/blog\/wp-json\/wp\/v2\/posts\/146288\/revisions"}],"wp:featuredmedia":[{"embeddable":true,"href":"https:\/\/www.aarquiteta.com.br\/blog\/wp-json\/wp\/v2\/media\/146277"}],"wp:attachment":[{"href":"https:\/\/www.aarquiteta.com.br\/blog\/wp-json\/wp\/v2\/media?parent=146288"}],"wp:term":[{"taxonomy":"category","embeddable":true,"href":"https:\/\/www.aarquiteta.com.br\/blog\/wp-json\/wp\/v2\/categories?post=146288"},{"taxonomy":"post_tag","embeddable":true,"href":"https:\/\/www.aarquiteta.com.br\/blog\/wp-json\/wp\/v2\/tags?post=146288"}],"curies":[{"name":"wp","href":"https:\/\/api.w.org\/{rel}","templated":true}]}}