{"id":146179,"date":"2025-03-06T13:08:36","date_gmt":"2025-03-06T16:08:36","guid":{"rendered":"https:\/\/www.aarquiteta.com.br\/blog\/sururu-conchas-que-transformam\/"},"modified":"2025-03-06T13:08:36","modified_gmt":"2025-03-06T16:08:36","slug":"sururu-conchas-que-transformam","status":"publish","type":"post","link":"https:\/\/www.aarquiteta.com.br\/blog\/sururu-conchas-que-transformam\/","title":{"rendered":"Descubra como o Projeto Sururu Revoluciona a Sustentabilidade atrav\u00e9s da Inova\u00e7\u00e3o!"},"content":{"rendered":"<p>Voc\u00ea sabia que as conchas descartadas podem se transformar em <b>solu\u00e7\u00f5es sustent\u00e1veis<\/b>? O projeto Sururu \u00e9 uma verdadeira revolu\u00e7\u00e3o!<\/p>\n<h3>O que \u00e9 o Projeto Sururu?<\/h3>\n<figure style=\"width: 1024px\" class=\"wp-caption aligncenter\"><img decoding=\"async\" src=\"https:\/\/www.aarquiteta.com.br\/blog\/wp-content\/uploads\/2025\/03\/sururu-conchas-que-transformam-01.jpg\" alt=\"Sustentabilidade e Inova\u00e7\u00e3o: O Impacto do Projeto Sururu\" width=\"1024\" height=\"1024\" title=\"\"><figcaption class=\"wp-caption-text\">Sustentabilidade e Inova\u00e7\u00e3o: O Impacto do Projeto Sururu<\/figcaption><\/figure>\n<p>O projeto Sururu surge como uma proposta inovadora que visa utilizar <b>conchas de sururu<\/b> descartadas para promover uma economia circular.<\/p>\n<p>Com isso, buscamos repensar a rela\u00e7\u00e3o entre o consumo e o meio ambiente. Essa iniciativa preciosa faz a diferen\u00e7a na cultura e na economia do local.<\/p>\n<h3>A import\u00e2ncia da Sustentabilidade<\/h3>\n<figure style=\"width: 1024px\" class=\"wp-caption aligncenter\"><img decoding=\"async\" src=\"https:\/\/www.aarquiteta.com.br\/blog\/wp-content\/uploads\/2025\/03\/SururuConchasqueTransformamitamacio-1120x706.jpg\" alt=\"Itamacio dos Santos \u00e9 artes\u00e3o local que contribui para o desenvolvimento do cobog\u00f3 Munda\u00fa.\" title=\"\"><figcaption class=\"wp-caption-text\">Itamacio dos Santos \u00e9 artes\u00e3o local que contribui para o desenvolvimento do cobog\u00f3 Munda\u00fa.<\/figcaption><\/figure>\n<p>A sustentabilidade \u00e9 mais do que uma palavra da moda. \u00c9 uma necessidade! Transformar lixo em algo \u00fatil \u00e9 um passo enorme.<\/p>\n<p>A natureza nos d\u00e1 tudo, e precisamos retribuir. O projeto Sururu \u00e9 uma forma de valoriza\u00e7\u00e3o. Afinal, quem n\u00e3o ama cuidar do planeta e ainda <b>valoriz\u00e1-lo<\/b>? Pois \u00e9!<\/p>\n<h3>Inova\u00e7\u00e3o no cora\u00e7\u00e3o do projeto<\/h3>\n<figure style=\"width: 1024px\" class=\"wp-caption aligncenter\"><img decoding=\"async\" src=\"https:\/\/www.aarquiteta.com.br\/blog\/wp-content\/uploads\/2025\/03\/1718822652012352-635x423.jpg\" alt=\"Imagem de produto do projeto Sururu: Conchas que Transformam mostrando design sustent\u00e1vel da Portobello.\" title=\"\"><figcaption class=\"wp-caption-text\">Imagem de produto do projeto Sururu: Conchas que Transformam mostrando design sustent\u00e1vel da Portobello.<\/figcaption><\/figure>\n<p>A inova\u00e7\u00e3o est\u00e1 no DNA do projeto Sururu. Conchas descartadas, que antes eram consideradas res\u00edduos, agora s\u00e3o transformadas em produtos fascinantes e \u00fateis.<\/p>\n<p>Com criatividade e um toque de amor pela cultura local, as conchas ganham vida nova! \u00c9 como ver uma <b>f\u00eanix<\/b> renascer das cinzas, s\u00f3 que aqui, das conchas!<\/p>\n<h3>Valorizando a Cultura Local<\/h3>\n<figure style=\"width: 1024px\" class=\"wp-caption aligncenter\"><img decoding=\"async\" src=\"https:\/\/www.aarquiteta.com.br\/blog\/wp-content\/uploads\/2025\/03\/sururu-conchas-que-transformam-02.jpg\" alt=\"Sustentabilidade e Inova\u00e7\u00e3o: O Impacto do Projeto Sururu\" width=\"1024\" height=\"1024\" title=\"\"><figcaption class=\"wp-caption-text\">Sustentabilidade e Inova\u00e7\u00e3o: O Impacto do Projeto Sururu<\/figcaption><\/figure>\n<p>Um projeto que n\u00e3o s\u00f3 cativa, mas tamb\u00e9m <b>exprime a cultura<\/b> da nossa regi\u00e3o \u00e9, sem d\u00favida, essencial.<\/p>\n<p>As comunidades locais t\u00eam a chance de se envolver e ver seu patrim\u00f4nio cultural sendo celebrado e respeitado. Olha que beleza!<\/p>\n<h3>Impacto na Economia Local<\/h3>\n<figure style=\"width: 1024px\" class=\"wp-caption aligncenter\"><img decoding=\"async\" src=\"https:\/\/www.aarquiteta.com.br\/blog\/wp-content\/uploads\/2025\/03\/SururuConchasqueTransformamdesigners.jpg\" alt=\"Designers Rodrigo Ambrosio e Marcelo Rosenbaum s\u00e3o as mentes criativas por tr\u00e1s dos produtos do projeto.\" title=\"\"><figcaption class=\"wp-caption-text\">Designers Rodrigo Ambrosio e Marcelo Rosenbaum s\u00e3o as mentes criativas por tr\u00e1s dos produtos do projeto.<\/figcaption><\/figure>\n<p>Al\u00e9m de ser sustent\u00e1vel, o projeto Sururu tamb\u00e9m traz um impacto direto na economia local. A gera\u00e7\u00e3o de <b>emprego<\/b> e renda \u00e9 vis\u00edvel.<\/p>\n<p>Empreendedores locais t\u00eam a chance de participar desse movimento e inovar em seus pr\u00f3prios neg\u00f3cios. \u00c9 o ciclo da vida! Um ajuda o outro.<\/p>\n<h3>Caminhos para Novas Solu\u00e7\u00f5es<\/h3>\n<figure style=\"width: 1024px\" class=\"wp-caption aligncenter\"><img decoding=\"async\" src=\"https:\/\/www.aarquiteta.com.br\/blog\/wp-content\/uploads\/2025\/03\/sururu-conchas-que-transformam-03.jpg\" alt=\"Sustentabilidade e Inova\u00e7\u00e3o: O Impacto do Projeto Sururu\" width=\"1024\" height=\"1024\" title=\"\"><figcaption class=\"wp-caption-text\">Sustentabilidade e Inova\u00e7\u00e3o: O Impacto do Projeto Sururu<\/figcaption><\/figure>\n<p>Todo esse trabalho nos lembra que as solu\u00e7\u00f5es sustent\u00e1veis est\u00e3o ao nosso redor. Precisamos apenas de um olhar diferente.<\/p>\n<p>O projeto Sururu nos ensina que \u00e9 totalmente poss\u00edvel gerar inova\u00e7\u00e3o a partir do que j\u00e1 existe. Imagine isso em outras \u00e1reas da vida?<\/p>\n<h3>Uma Chamada \u00e0 A\u00e7\u00e3o!<\/h3>\n<figure style=\"width: 1024px\" class=\"wp-caption aligncenter\"><img decoding=\"async\" src=\"https:\/\/www.aarquiteta.com.br\/blog\/wp-content\/uploads\/2025\/03\/SururuConchasqueTransformamconchas-1120x747.jpg\" alt=\"Antes, conchas do sururu eram descartadas \u00e0s margens da lagoa Munda\u00fa.\" title=\"\"><figcaption class=\"wp-caption-text\">Antes, conchas do sururu eram descartadas \u00e0s margens da lagoa Munda\u00fa.<\/figcaption><\/figure>\n<p>Agora, eu te pergunto: voc\u00ea est\u00e1 pronto para se inspirar no projeto Sururu e buscar alternativas sustent\u00e1veis? A mudan\u00e7a come\u00e7a com pequenos passos!<\/p>\n<p>Vamos juntos transformar o lixo em arte e cultura, valorizando nossa economia e o planeta. Afinal, cuidar do mundo \u00e9 tarefa de todos n\u00f3s!<\/p>\n<figure style=\"width: 1024px\" class=\"wp-caption aligncenter\"><img decoding=\"async\" src=\"https:\/\/www.aarquiteta.com.br\/blog\/wp-content\/uploads\/2025\/03\/sururu-conchas-que-transformam-4.jpg\" alt=\"Sustentabilidade e Inova\u00e7\u00e3o: O Impacto do Projeto Sururu\" width=\"1024\" height=\"1024\" title=\"\"><figcaption class=\"wp-caption-text\">Sustentabilidade e Inova\u00e7\u00e3o: O Impacto do Projeto Sururu<\/figcaption><\/figure>\n<figure style=\"width: 1024px\" class=\"wp-caption aligncenter\"><img decoding=\"async\" src=\"https:\/\/www.aarquiteta.com.br\/blog\/wp-content\/uploads\/2025\/03\/sururuconchasquetransformam0-1120x747.jpg\" alt=\"Pesca do sururu na Lagoa Munda\u00fa, em Alagoas, \u00e9 fonte de renda da comunidade local.\" title=\"\"><figcaption class=\"wp-caption-text\">Pesca do sururu na Lagoa Munda\u00fa, em Alagoas, \u00e9 fonte de renda da comunidade local.<\/figcaption><\/figure>\n<h3>Para se aprofundar mais sobre o tema, veja a minha recomenda\u00e7\u00e3o sobre o tema deste artigo no v\u00eddeo a seguir abaixo:<\/h3>\n<p><iframe title=\"YouTube video player\" src=\"https:\/\/www.youtube.com\/embed\/b5fLZyn8hPw\" width=\"560\" height=\"315\" frameborder=\"0\" allowfullscreen=\"allowfullscreen\"><\/iframe><\/p>\n<figure style=\"width: 1024px\" class=\"wp-caption aligncenter\"><img decoding=\"async\" src=\"https:\/\/www.aarquiteta.com.br\/blog\/wp-content\/uploads\/2025\/03\/SururuConchasqueTransformammundau-747x1120.jpg\" alt=\"Meia parede e divis\u00f3ria de ambientes s\u00e3o possibilidade de uso do Cobog\u00f3 Munda\u00fa.\" title=\"\"><figcaption class=\"wp-caption-text\">Meia parede e divis\u00f3ria de ambientes s\u00e3o possibilidade de uso do Cobog\u00f3 Munda\u00fa.<\/figcaption><\/figure>\n","protected":false},"excerpt":{"rendered":"<p>Descubra como o projeto Sururu transforma conchas descartadas em solu\u00e7\u00f5es sustent\u00e1veis, valorizando cultura e economia local.<\/p>\n","protected":false},"author":102,"featured_media":146172,"comment_status":"open","ping_status":"","sticky":false,"template":"","format":"standard","meta":{"footnotes":""},"categories":[35375,971,19206],"tags":[],"class_list":["post-146179","post","type-post","status-publish","format-standard","has-post-thumbnail","category-acabamentos","category-design-de-interiores","category-revestimentos"],"_wp_attached_file":null,"_wp_attachment_metadata":null,"_wp_attachment_context":null,"_wp_attachment_is_custom_header":null,"geo_longitude":null,"geo_public":null,"geo_latitude":null,"_publicize_done_external":null,"_wpas_done_3897181":null,"publicize_twitter_user":null,"_wpas_done_3897175":null,"_wpas_skip_3897181":null,"_wpas_skip_3897175":null,"_wpas_skip_3924723":null,"_wpas_mess":null,"_wpas_done_3924723":null,"wps_subtitle":"","_links":{"self":[{"href":"https:\/\/www.aarquiteta.com.br\/blog\/wp-json\/wp\/v2\/posts\/146179","targetHints":{"allow":["GET"]}}],"collection":[{"href":"https:\/\/www.aarquiteta.com.br\/blog\/wp-json\/wp\/v2\/posts"}],"about":[{"href":"https:\/\/www.aarquiteta.com.br\/blog\/wp-json\/wp\/v2\/types\/post"}],"author":[{"embeddable":true,"href":"https:\/\/www.aarquiteta.com.br\/blog\/wp-json\/wp\/v2\/users\/102"}],"replies":[{"embeddable":true,"href":"https:\/\/www.aarquiteta.com.br\/blog\/wp-json\/wp\/v2\/comments?post=146179"}],"version-history":[{"count":0,"href":"https:\/\/www.aarquiteta.com.br\/blog\/wp-json\/wp\/v2\/posts\/146179\/revisions"}],"wp:featuredmedia":[{"embeddable":true,"href":"https:\/\/www.aarquiteta.com.br\/blog\/wp-json\/wp\/v2\/media\/146172"}],"wp:attachment":[{"href":"https:\/\/www.aarquiteta.com.br\/blog\/wp-json\/wp\/v2\/media?parent=146179"}],"wp:term":[{"taxonomy":"category","embeddable":true,"href":"https:\/\/www.aarquiteta.com.br\/blog\/wp-json\/wp\/v2\/categories?post=146179"},{"taxonomy":"post_tag","embeddable":true,"href":"https:\/\/www.aarquiteta.com.br\/blog\/wp-json\/wp\/v2\/tags?post=146179"}],"curies":[{"name":"wp","href":"https:\/\/api.w.org\/{rel}","templated":true}]}}