{"id":146168,"date":"2025-03-06T12:24:48","date_gmt":"2025-03-06T15:24:48","guid":{"rendered":"https:\/\/www.aarquiteta.com.br\/blog\/jardim-lateral-corredor-estreito\/"},"modified":"2025-03-06T12:24:48","modified_gmt":"2025-03-06T15:24:48","slug":"jardim-lateral-corredor-estreito","status":"publish","type":"post","link":"https:\/\/www.aarquiteta.com.br\/blog\/jardim-lateral-corredor-estreito\/","title":{"rendered":"Jardim Lateral: Como Transformar Corredores Estreitos em Espa\u00e7os Verdes"},"content":{"rendered":"<p><body><\/p>\n<p><b>Seu corredor lateral est\u00e1 sem gra\u00e7a?<\/b> Transforme esse espa\u00e7o estreito em um <b>jardim encantador<\/b>, cheio de vida e cor, sem complica\u00e7\u00e3o e aproveitando cada cent\u00edmetro.<\/p>\n<h3>Por que transformar um corredor em jardim lateral?<\/h3>\n<figure style=\"width: 1024px\" class=\"wp-caption aligncenter\"><img decoding=\"async\" src=\"https:\/\/www.aarquiteta.com.br\/blog\/wp-content\/uploads\/2025\/03\/jardim-lateral-corredor-estreito04.jpg\" alt=\"Jardim Lateral: Como Transformar Corredores Estreitos em Espa\u00e7os Verdes\" width=\"1024\" height=\"1024\" title=\"\"><figcaption class=\"wp-caption-text\">Jardim Lateral: Como Transformar Corredores Estreitos em Espa\u00e7os Verdes<\/figcaption><\/figure>\n<p>Voc\u00ea j\u00e1 pensou que aquele corredor esquecido pode se tornar um <b>cantinho verde cheio de charme<\/b>? Al\u00e9m de decorar, ele refresca a casa e traz bem-estar.<\/p>\n<p>E o melhor: n\u00e3o precisa ser um expert em paisagismo para criar um ambiente acolhedor e cheio de personalidade.<\/p>\n<h3>Escolhendo as plantas ideais<\/h3>\n<figure style=\"width: 1024px\" class=\"wp-caption aligncenter\"><img decoding=\"async\" src=\"https:\/\/www.aarquiteta.com.br\/blog\/wp-content\/uploads\/2025\/03\/jardim-lateral-corredor-estreito03.jpg\" alt=\"Jardim Lateral: Como Transformar Corredores Estreitos em Espa\u00e7os Verdes\" width=\"1024\" height=\"1024\" title=\"\"><figcaption class=\"wp-caption-text\">Jardim Lateral: Como Transformar Corredores Estreitos em Espa\u00e7os Verdes<\/figcaption><\/figure>\n<p>O segredo de um <b>jardim lateral perfeito<\/b> est\u00e1 na escolha das plantas. Prefira esp\u00e9cies que se adaptam a espa\u00e7os pequenos e com pouca luz direta.<\/p>\n<p>Samambaias, suculentas e jib\u00f3ias s\u00e3o \u00f3timas op\u00e7\u00f5es. Se o corredor recebe bastante sol, aposte em lavandas e mini \u00e1rvores frut\u00edferas.<\/p>\n<h3>Vasos ou jardim vertical? Escolha a melhor solu\u00e7\u00e3o<\/h3>\n<figure style=\"width: 1024px\" class=\"wp-caption aligncenter\"><img decoding=\"async\" src=\"https:\/\/www.aarquiteta.com.br\/blog\/wp-content\/uploads\/2025\/03\/jardim-lateral-corredor-estreito02.jpg\" alt=\"Jardim Lateral: Como Transformar Corredores Estreitos em Espa\u00e7os Verdes\" width=\"1024\" height=\"1024\" title=\"\"><figcaption class=\"wp-caption-text\">Jardim Lateral: Como Transformar Corredores Estreitos em Espa\u00e7os Verdes<\/figcaption><\/figure>\n<p>Se espa\u00e7o for um problema, um <b>jardim vertical<\/b> pode ser a solu\u00e7\u00e3o m\u00e1gica! Pendure vasos em suportes ou instale pain\u00e9is verdes na parede.<\/p>\n<p>Mas se preferir, pequenos vasos no ch\u00e3o criam um efeito aconchegante. S\u00f3 cuide para n\u00e3o atrapalhar a circula\u00e7\u00e3o.<\/p>\n<h3>O poder da ilumina\u00e7\u00e3o no jardim lateral<\/h3>\n<figure style=\"width: 1024px\" class=\"wp-caption aligncenter\"><img decoding=\"async\" src=\"https:\/\/www.aarquiteta.com.br\/blog\/wp-content\/uploads\/2025\/03\/jardim-lateral-corredor-estreito01.jpg\" alt=\"Jardim Lateral: Como Transformar Corredores Estreitos em Espa\u00e7os Verdes\" width=\"1024\" height=\"1024\" title=\"\"><figcaption class=\"wp-caption-text\">Jardim Lateral: Como Transformar Corredores Estreitos em Espa\u00e7os Verdes<\/figcaption><\/figure>\n<p>N\u00e3o adianta ter um jardim lindo se ele some no escuro! Invista em <b>ilumina\u00e7\u00e3o indireta<\/b>, como lanternas solares ou spots de LED.<\/p>\n<p>Luzes bem posicionadas destacam as plantas e criam um visual encantador tamb\u00e9m \u00e0 noite.<\/p>\n<h3>Pisos e caminhos que valorizam o espa\u00e7o<\/h3>\n<p>Quer dar um charme a mais ao seu jardim lateral? Escolha <b>pisos drenantes<\/b>, pedras decorativas ou decks de madeira.<\/p>\n<p>Al\u00e9m de funcionais, esses elementos fazem toda a diferen\u00e7a na est\u00e9tica do corredor.<\/p>\n<h3>M\u00f3veis e decora\u00e7\u00f5es para um toque especial<\/h3>\n<h3>Assista agora a minha recomenda\u00e7\u00e3o de video abaixo sobre o tema que estamos tratando neste artigo: <\/h3>\n<p><div class=\"youtube-embed\" data-video_id=\"t9Janb9Ng08\"><iframe title=\"Pergolado no corredor externo ! Muitas ideias para voc\u00ea.\" width=\"696\" height=\"392\" src=\"https:\/\/www.youtube.com\/embed\/t9Janb9Ng08?feature=oembed&#038;enablejsapi=1\" frameborder=\"0\" allow=\"accelerometer; autoplay; clipboard-write; encrypted-media; gyroscope; picture-in-picture; web-share\" referrerpolicy=\"strict-origin-when-cross-origin\" allowfullscreen><\/iframe><\/div>\n<\/p>\n<p>Pequenos bancos, fontes de \u00e1gua e objetos decorativos adicionam personalidade ao seu <b>jardim lateral<\/b>.<\/p>\n<p>Se o espa\u00e7o permitir, um banco de madeira pode transformar o local em um cantinho de descanso.<\/p>\n<h3>Manuten\u00e7\u00e3o: como manter seu jardim sempre bonito<\/h3>\n<p>N\u00e3o adianta montar um espa\u00e7o maravilhoso e esquecer de cuidar dele! Regue as plantas na frequ\u00eancia certa e fa\u00e7a podas regularmente.<\/p>\n<p>Outro detalhe importante: use um adubo de qualidade para garantir folhas verdes e flores saud\u00e1veis.<\/p>\n<h3>Inspira\u00e7\u00f5es para diferentes estilos de jardim<\/h3>\n<p>Seu <b>jardim lateral<\/b> pode seguir diversos estilos: r\u00fastico, moderno ou tropical. Use pedras naturais para um ar mais campestre ou aposte em vasos minimalistas para um visual contempor\u00e2neo.<\/p>\n<p>N\u00e3o existe regra fixa! O mais importante \u00e9 criar um espa\u00e7o que fa\u00e7a voc\u00ea se sentir bem.<\/p>\n<p><\/body><\/p>\n","protected":false},"excerpt":{"rendered":"<p>Descubra dicas pr\u00e1ticas para criar um jardim lateral encantador em corredores estreitos, aproveitando ao m\u00e1ximo cada cent\u00edmetro com solu\u00e7\u00f5es de paisagismo, ilumina\u00e7\u00e3o e decora\u00e7\u00e3o.<\/p>\n","protected":false},"author":102,"featured_media":146165,"comment_status":"open","ping_status":"","sticky":false,"template":"","format":"standard","meta":{"footnotes":""},"categories":[1484,971,18792,18794],"tags":[],"class_list":["post-146168","post","type-post","status-publish","format-standard","has-post-thumbnail","category-decoracao","category-design-de-interiores","category-decoracao-de-apartamento","category-projetos-de-decoracao-de-casas"],"_wp_attached_file":null,"_wp_attachment_metadata":null,"_wp_attachment_context":null,"_wp_attachment_is_custom_header":null,"geo_longitude":null,"geo_public":null,"geo_latitude":null,"_publicize_done_external":null,"_wpas_done_3897181":null,"publicize_twitter_user":null,"_wpas_done_3897175":null,"_wpas_skip_3897181":null,"_wpas_skip_3897175":null,"_wpas_skip_3924723":null,"_wpas_mess":null,"_wpas_done_3924723":null,"wps_subtitle":"","_links":{"self":[{"href":"https:\/\/www.aarquiteta.com.br\/blog\/wp-json\/wp\/v2\/posts\/146168","targetHints":{"allow":["GET"]}}],"collection":[{"href":"https:\/\/www.aarquiteta.com.br\/blog\/wp-json\/wp\/v2\/posts"}],"about":[{"href":"https:\/\/www.aarquiteta.com.br\/blog\/wp-json\/wp\/v2\/types\/post"}],"author":[{"embeddable":true,"href":"https:\/\/www.aarquiteta.com.br\/blog\/wp-json\/wp\/v2\/users\/102"}],"replies":[{"embeddable":true,"href":"https:\/\/www.aarquiteta.com.br\/blog\/wp-json\/wp\/v2\/comments?post=146168"}],"version-history":[{"count":0,"href":"https:\/\/www.aarquiteta.com.br\/blog\/wp-json\/wp\/v2\/posts\/146168\/revisions"}],"wp:featuredmedia":[{"embeddable":true,"href":"https:\/\/www.aarquiteta.com.br\/blog\/wp-json\/wp\/v2\/media\/146165"}],"wp:attachment":[{"href":"https:\/\/www.aarquiteta.com.br\/blog\/wp-json\/wp\/v2\/media?parent=146168"}],"wp:term":[{"taxonomy":"category","embeddable":true,"href":"https:\/\/www.aarquiteta.com.br\/blog\/wp-json\/wp\/v2\/categories?post=146168"},{"taxonomy":"post_tag","embeddable":true,"href":"https:\/\/www.aarquiteta.com.br\/blog\/wp-json\/wp\/v2\/tags?post=146168"}],"curies":[{"name":"wp","href":"https:\/\/api.w.org\/{rel}","templated":true}]}}