{"id":146155,"date":"2025-03-06T12:00:38","date_gmt":"2025-03-06T15:00:38","guid":{"rendered":"https:\/\/www.aarquiteta.com.br\/blog\/?p=146155"},"modified":"2025-03-06T12:23:17","modified_gmt":"2025-03-06T15:23:17","slug":"erros-que-deixam-a-casa-mais-quente","status":"publish","type":"post","link":"https:\/\/www.aarquiteta.com.br\/blog\/erros-que-deixam-a-casa-mais-quente\/","title":{"rendered":"7 Erros que Deixam Sua Casa Mais Quente e Como Evit\u00e1-los"},"content":{"rendered":"<p data-start=\"376\" data-end=\"709\">Est\u00e1 <strong data-start=\"381\" data-end=\"390\">calor<\/strong> e parece que o <strong data-start=\"406\" data-end=\"425\">ar-condicionado<\/strong> n\u00e3o d\u00e1 conta? Sua casa pode estar mais quente por escolhas erradas na <strong data-start=\"496\" data-end=\"528\">constru\u00e7\u00e3o e nos acabamentos<\/strong>. Algumas decis\u00f5es podem piorar o isolamento t\u00e9rmico, aumentando a temperatura interna. Saiba agora como evitar os principais erros e deixar seu lar mais <strong data-start=\"682\" data-end=\"706\">fresco e confort\u00e1vel<\/strong>!<\/p><h2 data-start=\"711\" data-end=\"759\"><strong data-start=\"714\" data-end=\"757\">1. Orienta\u00e7\u00e3o da Casa em Rela\u00e7\u00e3o ao Sol<\/strong><\/h2><p data-start=\"761\" data-end=\"961\">A <strong data-start=\"763\" data-end=\"783\">orienta\u00e7\u00e3o solar<\/strong> da casa influencia diretamente na temperatura dos ambientes. Ambientes de <strong data-start=\"858\" data-end=\"879\">longa perman\u00eancia<\/strong>, como <a href=\"https:\/\/www.aarquiteta.com.br\/blog\/?s=quarto\">quartos<\/a>, devem evitar a <strong data-start=\"910\" data-end=\"935\">fachada norte e oeste<\/strong>, pois recebem mais sol.<\/p><p data-start=\"963\" data-end=\"1175\">Se sua casa j\u00e1 foi constru\u00edda com uma m\u00e1 orienta\u00e7\u00e3o solar, invista em <strong data-start=\"1033\" data-end=\"1072\">brises, cortinas t\u00e9rmicas e cobog\u00f3s<\/strong>. Essas solu\u00e7\u00f5es ajudam a controlar a incid\u00eancia solar, tornando os espa\u00e7os internos mais agrad\u00e1veis.<\/p><figure id=\"attachment_146161\" aria-describedby=\"caption-attachment-146161\" style=\"width: 1536px\" class=\"wp-caption alignnone\"><img decoding=\"async\" class=\"size-full wp-image-146161\" src=\"https:\/\/www.aarquiteta.com.br\/blog\/wp-content\/uploads\/2025\/03\/7-Erros-que-Deixam-Sua-Casa-Mais-Quente-e-Como-Evita-los-1.jpg\" alt=\"7 Erros que Deixam Sua Casa Mais Quente e Como Evit\u00e1-los\" width=\"1536\" height=\"1536\" title=\"\"><figcaption id=\"caption-attachment-146161\" class=\"wp-caption-text\">7 Erros que Deixam Sua Casa Mais Quente e Como Evit\u00e1-los<\/figcaption><\/figure><h2 data-start=\"1177\" data-end=\"1228\"><strong data-start=\"1180\" data-end=\"1226\">2. Falta de Isolamento T\u00e9rmico nas Paredes<\/strong><\/h2><p data-start=\"1230\" data-end=\"1403\">O <strong data-start=\"1232\" data-end=\"1254\">isolamento t\u00e9rmico<\/strong> das <a href=\"https:\/\/www.aarquiteta.com.br\/blog\/?s=PAREDE\">paredes<\/a> \u00e9 essencial para manter a casa fresca. O uso de <strong data-start=\"1315\" data-end=\"1335\">blocos cer\u00e2micos<\/strong> \u00e9 melhor do que concreto maci\u00e7o, pois oferecem melhor isolamento.<\/p><p data-start=\"1405\" data-end=\"1584\">Uma solu\u00e7\u00e3o eficaz \u00e9 instalar <strong data-start=\"1435\" data-end=\"1458\">fachadas ventiladas<\/strong>, que criam um colch\u00e3o de ar entre a <a href=\"https:\/\/www.aarquiteta.com.br\/blog\/?s=PAREDE\">parede<\/a> e o revestimento externo. Isso reduz a absor\u00e7\u00e3o do calor e melhora a ventila\u00e7\u00e3o.<\/p><h2 data-start=\"1586\" data-end=\"1640\"><strong data-start=\"1589\" data-end=\"1638\">3. Cobertura com Materiais que Absorvem Calor<\/strong><\/h2><p data-start=\"1642\" data-end=\"1821\">A <strong data-start=\"1644\" data-end=\"1657\">cobertura<\/strong> \u00e9 um dos principais pontos de entrada do calor. Telhas de <strong data-start=\"1716\" data-end=\"1758\">fibrocimento, met\u00e1licas e transl\u00facidas<\/strong> esquentam demais e tornam o ambiente interno desconfort\u00e1vel.<\/p><p data-start=\"1823\" data-end=\"2033\">Prefira telhas <strong data-start=\"1838\" data-end=\"1856\">termoac\u00fasticas<\/strong> ou <strong data-start=\"1860\" data-end=\"1883\">de barro esmaltadas<\/strong>, que ajudam a reduzir a temperatura interna. Aplicar uma <strong data-start=\"1941\" data-end=\"1958\">manta t\u00e9rmica<\/strong> sob o telhado tamb\u00e9m \u00e9 uma excelente alternativa para minimizar o calor.<\/p><figure id=\"attachment_146157\" aria-describedby=\"caption-attachment-146157\" style=\"width: 1024px\" class=\"wp-caption alignnone\"><img decoding=\"async\" class=\"size-full wp-image-146157\" src=\"https:\/\/www.aarquiteta.com.br\/blog\/wp-content\/uploads\/2025\/03\/7-Erros-que-Deixam-Sua-Casa-Mais-Quente-e-Como-Evita-los.png\" alt=\"7 Erros que Deixam Sua Casa Mais Quente e Como Evit\u00e1-los\" width=\"1024\" height=\"1024\" title=\"\"><figcaption id=\"caption-attachment-146157\" class=\"wp-caption-text\">7 Erros que Deixam Sua Casa Mais Quente e Como Evit\u00e1-los<\/figcaption><\/figure><h2 data-start=\"2035\" data-end=\"2084\"><strong data-start=\"2038\" data-end=\"2082\">4. Excesso de Piso e Concreto no Quintal<\/strong><\/h2><p data-start=\"2086\" data-end=\"2242\">Ter um <strong data-start=\"2093\" data-end=\"2119\"><a href=\"https:\/\/www.aarquiteta.com.br\/blog\/?s=QUINTAL\">quintal<\/a> todo cimentado<\/strong> ou com pisos frios pode piorar a sensa\u00e7\u00e3o t\u00e9rmica dentro de casa. O concreto ret\u00e9m calor durante o dia e libera \u00e0 noite.<\/p><p data-start=\"2244\" data-end=\"2423\">Adicione <strong data-start=\"2253\" data-end=\"2290\">grama, \u00e1rvores e \u00e1reas perme\u00e1veis<\/strong> no quintal para reduzir o calor ao redor da casa. O paisagismo ajuda a refrescar o ambiente, criando um microclima mais agrad\u00e1vel.<\/p><h2 data-start=\"2425\" data-end=\"2473\"><strong data-start=\"2428\" data-end=\"2471\">5. Janelas Pequenas ou Mal Posicionadas<\/strong><\/h2><p data-start=\"2475\" data-end=\"2669\">Janelas pequenas ou mal posicionadas prejudicam a <strong data-start=\"2525\" data-end=\"2547\">ventila\u00e7\u00e3o cruzada<\/strong>, essencial para manter a casa fresca. Al\u00e9m disso, vidros comuns deixam o calor entrar e aumentar a temperatura interna.<\/p><p data-start=\"2671\" data-end=\"2861\">Instale janelas maiores e, se poss\u00edvel, escolha <strong data-start=\"2719\" data-end=\"2760\">vidros insulados ou de controle solar<\/strong>. O uso de <strong data-start=\"2771\" data-end=\"2795\">persianas venezianas<\/strong> tamb\u00e9m ajuda a bloquear o sol enquanto permite a entrada de ar.<\/p><figure id=\"attachment_106572\" aria-describedby=\"caption-attachment-106572\" style=\"width: 1024px\" class=\"wp-caption alignnone\"><img decoding=\"async\" class=\"size-full wp-image-106572\" src=\"https:\/\/www.aarquiteta.com.br\/blog\/wp-content\/uploads\/2024\/02\/plantas-que-refrescam-a-casa-no-verao02.jpg\" alt=\"plantas que refrescam a casa no ver\u00e3o\" width=\"1024\" height=\"1024\" title=\"\" srcset=\"https:\/\/www.aarquiteta.com.br\/blog\/wp-content\/uploads\/2024\/02\/plantas-que-refrescam-a-casa-no-verao02.jpg 1024w, https:\/\/www.aarquiteta.com.br\/blog\/wp-content\/uploads\/2024\/02\/plantas-que-refrescam-a-casa-no-verao02-696x696.jpg 696w, https:\/\/www.aarquiteta.com.br\/blog\/wp-content\/uploads\/2024\/02\/plantas-que-refrescam-a-casa-no-verao02-96x96.jpg 96w, https:\/\/www.aarquiteta.com.br\/blog\/wp-content\/uploads\/2024\/02\/plantas-que-refrescam-a-casa-no-verao02-150x150.jpg 150w\" sizes=\"(max-width: 1024px) 100vw, 1024px\" \/><figcaption id=\"caption-attachment-106572\" class=\"wp-caption-text\">plantas que refrescam a casa no ver\u00e3o<\/figcaption><\/figure><h2 data-start=\"2863\" data-end=\"2900\"><strong data-start=\"2866\" data-end=\"2898\">6. M\u00f3veis Altos e em Excesso<\/strong><\/h2><p data-start=\"2902\" data-end=\"3074\">M\u00f3veis altos e robustos podem bloquear a circula\u00e7\u00e3o de ar dentro dos c\u00f4modos, deixando o ambiente mais abafado. Uma m\u00e1 distribui\u00e7\u00e3o de m\u00f3veis impede a ventila\u00e7\u00e3o natural.<\/p><p data-start=\"3076\" data-end=\"3227\">Opte por um <strong data-start=\"3088\" data-end=\"3110\">design minimalista<\/strong>, com m\u00f3veis baixos e bem espa\u00e7ados. Isso melhora o fluxo de ar e evita a reten\u00e7\u00e3o de calor nos ambientes internos.<\/p><h2 data-start=\"3229\" data-end=\"3267\"><strong data-start=\"3232\" data-end=\"3265\">7. Cores Escuras na Decora\u00e7\u00e3o<\/strong><\/h2><p data-start=\"3269\" data-end=\"3417\"><a href=\"https:\/\/www.aarquiteta.com.br\/blog\/?s=CORES\">Cores<\/a> escuras absorvem mais calor, tornando o ambiente mais quente. Isso vale tanto para <strong data-start=\"3358\" data-end=\"3391\">paredes, m\u00f3veis e at\u00e9 tecidos<\/strong>, como sof\u00e1s e cortinas.<\/p><p data-start=\"3419\" data-end=\"3605\">Prefira <strong data-start=\"3427\" data-end=\"3442\">tons claros<\/strong> na decora\u00e7\u00e3o, pois refletem melhor a luz e ajudam a manter a temperatura agrad\u00e1vel. <strong data-start=\"3527\" data-end=\"3542\">Pisos frios<\/strong> como porcelanato ou cimento queimado tamb\u00e9m s\u00e3o boas op\u00e7\u00f5es.<\/p><hr data-start=\"3607\" data-end=\"3610\" \/><p data-start=\"3612\" data-end=\"3869\">Evitar esses erros pode tornar sua casa mais <strong data-start=\"3657\" data-end=\"3681\">fresca e confort\u00e1vel<\/strong>, reduzindo a necessidade de climatiza\u00e7\u00e3o artificial e economizando energia. Pequenas mudan\u00e7as na constru\u00e7\u00e3o e decora\u00e7\u00e3o podem fazer toda a diferen\u00e7a para enfrentar os dias mais quentes.<\/p><p data-start=\"3871\" data-end=\"3989\" data-is-last-node=\"\" data-is-only-node=\"\">Se voc\u00ea gostou dessas dicas, compartilhe com quem tamb\u00e9m est\u00e1 sofrendo com o <strong data-start=\"3948\" data-end=\"3957\">calor<\/strong> e quer uma casa mais agrad\u00e1vel!<\/p><div class=\"youtube-embed\" data-video_id=\"nbCaPyikFAo\"><iframe title=\"7 ERROS QUE DEIXAM A CASA QUENTE -  ESCAPAR DO CALOR SEM AR CONDICIONADO EM CASAS E APARTAMENTOS\" width=\"696\" height=\"392\" src=\"https:\/\/www.youtube.com\/embed\/nbCaPyikFAo?feature=oembed&#038;enablejsapi=1\" frameborder=\"0\" allow=\"accelerometer; autoplay; clipboard-write; encrypted-media; gyroscope; picture-in-picture; web-share\" referrerpolicy=\"strict-origin-when-cross-origin\" allowfullscreen><\/iframe><\/div>","protected":false},"excerpt":{"rendered":"<p>Est\u00e1 calor e parece que o ar-condicionado n\u00e3o d\u00e1 conta? Sua casa pode estar mais quente por escolhas erradas na constru\u00e7\u00e3o e nos acabamentos. Algumas decis\u00f5es podem piorar o isolamento t\u00e9rmico, aumentando a temperatura interna. Saiba agora como evitar os principais erros e deixar seu lar mais fresco e confort\u00e1vel!1. Orienta\u00e7\u00e3o da Casa em Rela\u00e7\u00e3o [&hellip;]<\/p>\n","protected":false},"author":20,"featured_media":146161,"comment_status":"open","ping_status":"closed","sticky":false,"template":"","format":"standard","meta":{"footnotes":""},"categories":[1507],"tags":[],"class_list":["post-146155","post","type-post","status-publish","format-standard","has-post-thumbnail","category-arquitetura"],"_wp_attached_file":null,"_wp_attachment_metadata":null,"_wp_attachment_context":null,"_wp_attachment_is_custom_header":null,"geo_longitude":null,"geo_public":null,"geo_latitude":null,"_publicize_done_external":null,"_wpas_done_3897181":null,"publicize_twitter_user":null,"_wpas_done_3897175":null,"_wpas_skip_3897181":null,"_wpas_skip_3897175":null,"_wpas_skip_3924723":null,"_wpas_mess":null,"_wpas_done_3924723":null,"wps_subtitle":"","_links":{"self":[{"href":"https:\/\/www.aarquiteta.com.br\/blog\/wp-json\/wp\/v2\/posts\/146155","targetHints":{"allow":["GET"]}}],"collection":[{"href":"https:\/\/www.aarquiteta.com.br\/blog\/wp-json\/wp\/v2\/posts"}],"about":[{"href":"https:\/\/www.aarquiteta.com.br\/blog\/wp-json\/wp\/v2\/types\/post"}],"author":[{"embeddable":true,"href":"https:\/\/www.aarquiteta.com.br\/blog\/wp-json\/wp\/v2\/users\/20"}],"replies":[{"embeddable":true,"href":"https:\/\/www.aarquiteta.com.br\/blog\/wp-json\/wp\/v2\/comments?post=146155"}],"version-history":[{"count":0,"href":"https:\/\/www.aarquiteta.com.br\/blog\/wp-json\/wp\/v2\/posts\/146155\/revisions"}],"wp:featuredmedia":[{"embeddable":true,"href":"https:\/\/www.aarquiteta.com.br\/blog\/wp-json\/wp\/v2\/media\/146161"}],"wp:attachment":[{"href":"https:\/\/www.aarquiteta.com.br\/blog\/wp-json\/wp\/v2\/media?parent=146155"}],"wp:term":[{"taxonomy":"category","embeddable":true,"href":"https:\/\/www.aarquiteta.com.br\/blog\/wp-json\/wp\/v2\/categories?post=146155"},{"taxonomy":"post_tag","embeddable":true,"href":"https:\/\/www.aarquiteta.com.br\/blog\/wp-json\/wp\/v2\/tags?post=146155"}],"curies":[{"name":"wp","href":"https:\/\/api.w.org\/{rel}","templated":true}]}}