{"id":146091,"date":"2025-03-05T16:16:14","date_gmt":"2025-03-05T19:16:14","guid":{"rendered":"https:\/\/www.aarquiteta.com.br\/blog\/norman-foster-2\/"},"modified":"2025-03-05T16:16:14","modified_gmt":"2025-03-05T19:16:14","slug":"norman-foster-2","status":"publish","type":"post","link":"https:\/\/www.aarquiteta.com.br\/blog\/norman-foster-2\/","title":{"rendered":"Descubra o Estilo Inovador de Norman Foster: Segredos do Arquiteto Premiado!"},"content":{"rendered":"<p>Norman Foster, um dos <b>grandes nomes<\/b> da arquitetura contempor\u00e2nea, transformou o conceito de espa\u00e7os urbanos com suas obras inovadoras e sustent\u00e1veis.<\/p>\n<h3>A trajet\u00f3ria de Norman Foster<\/h3>\n<figure style=\"width: 1024px\" class=\"wp-caption aligncenter\"><img decoding=\"async\" src=\"https:\/\/www.aarquiteta.com.br\/blog\/wp-content\/uploads\/2025\/03\/norman-foster-01.jpg\" alt=\"Norman Foster: a hist\u00f3ria e o estilo do premiado arquiteto\" width=\"1024\" height=\"1024\" title=\"\"><figcaption class=\"wp-caption-text\">Norman Foster: a hist\u00f3ria e o estilo do premiado arquiteto<\/figcaption><\/figure>\n<p>Voc\u00ea j\u00e1 se perguntou como um simples arquiteto pode revolucionar cidades inteiras? <b>Norman Foster<\/b> nasceu em 1935, na Inglaterra, e desde cedo mostrou um talento especial para o design.<\/p>\n<p>Formou-se na Universidade de Manchester e, mais tarde, na prestigiosa Universidade de Yale. <b>Seus primeiros passos<\/b> na arquitetura foram marcados pela busca constante por inova\u00e7\u00e3o.<\/p>\n<h3>O estilo que encanta e inspira<\/h3>\n<figure style=\"width: 1024px\" class=\"wp-caption aligncenter\"><img decoding=\"async\" src=\"https:\/\/www.aarquiteta.com.br\/blog\/wp-content\/uploads\/2025\/03\/17278138016562688-1120x839.jpg\" alt=\"A essential home \u00e9 uma forma de repensar o abrigo \u2014 se antes era tempor\u00e1rio, hoje ele \u00e9 um lar (Projeto: Foster + Partners)\" title=\"\"><figcaption class=\"wp-caption-text\">A essential home \u00e9 uma forma de repensar o abrigo \u2014 se antes era tempor\u00e1rio, hoje ele \u00e9 um lar (Projeto: Foster + Partners)<\/figcaption><\/figure>\n<p>Foster possui um estilo que mistura <b>modernidade<\/b> e sustentabilidade. Ele sempre buscou maneiras de usar materiais que n\u00e3o agridem o meio ambiente.<\/p>\n<p>Suas obras s\u00e3o aut\u00eanticas e funcionais, refletindo a cultura contempor\u00e2nea. Um verdadeiro artista que transforma a\u00e7o e vidro em <b>poesia arquitet\u00f4nica<\/b>.<\/p>\n<h3>Principais obras do arquiteto<\/h3>\n<figure style=\"width: 1024px\" class=\"wp-caption aligncenter\"><img decoding=\"async\" src=\"https:\/\/www.aarquiteta.com.br\/blog\/wp-content\/uploads\/2025\/03\/17277342192880247.jpg\" alt=\"Norman Foster atualmente (Foto: Foster + Partners)\" title=\"\"><figcaption class=\"wp-caption-text\">Norman Foster atualmente (Foto: Foster + Partners)<\/figcaption><\/figure>\n<p>Entre seus maiores sucessos, podemos destacar o <b>Reichstag<\/b>, em Berlim, que combina hist\u00f3ria e modernidade, e o impressionante <b>Sky Park<\/b>, em Seul.<\/p>\n<p>Cada projeto possui uma hist\u00f3ria, uma raz\u00e3o de ser. Ele \u00e9 como um maestro que orquestra cada detalhe para criar harmonia nos espa\u00e7os urbanos.<\/p>\n<h3>A arquitetura como forma de arte<\/h3>\n<figure style=\"width: 1024px\" class=\"wp-caption aligncenter\"><img decoding=\"async\" src=\"https:\/\/www.aarquiteta.com.br\/blog\/wp-content\/uploads\/2025\/03\/norman-foster-02.jpg\" alt=\"Norman Foster: a hist\u00f3ria e o estilo do premiado arquiteto\" width=\"1024\" height=\"1024\" title=\"\"><figcaption class=\"wp-caption-text\">Norman Foster: a hist\u00f3ria e o estilo do premiado arquiteto<\/figcaption><\/figure>\n<p>Para mim, a arquitetura n\u00e3o \u00e9 apenas constru\u00e7\u00e3o; \u00e9 uma <b>forma de arte<\/b> que dialoga com as pessoas. Foster encanta com suas obras que fazem os olhos brilhar.<\/p>\n<p>H\u00e1 sempre algo de <b>m\u00e1gico<\/b> em seus projetos. \u00c9 como se cada edif\u00edcio tivesse vida pr\u00f3pria, conversando com o entorno e as pessoas que nele habitam.<\/p>\n<h3>O toque sustent\u00e1vel<\/h3>\n<figure style=\"width: 1024px\" class=\"wp-caption aligncenter\"><img decoding=\"async\" src=\"https:\/\/www.aarquiteta.com.br\/blog\/wp-content\/uploads\/2025\/03\/17278202383606997-1120x840.jpg\" alt=\"Escrit\u00f3rio Foster + Partners, em 2018 (Foto: Diamond Geezer)\" title=\"\"><figcaption class=\"wp-caption-text\">Escrit\u00f3rio Foster + Partners, em 2018 (Foto: Diamond Geezer)<\/figcaption><\/figure>\n<p>Um dos legados de Foster \u00e9 a sustentabilidade nas constru\u00e7\u00f5es. Ele sempre se preocupou com o impacto ambiental. <b>Usar tecnologias verdes<\/b> nas suas obras \u00e9, sem d\u00favida, um diferencial fundamental.<\/p>\n<p>Al\u00e9m disso, suas cria\u00e7\u00f5es visam a efici\u00eancia energ\u00e9tica, reduzindo a emiss\u00e3o de carbono. \u00c9 inspirador ver como a arquitetura pode contribuir para um mundo melhor.<\/p>\n<h3>Reconhecimentos e pr\u00eamios<\/h3>\n<figure style=\"width: 1024px\" class=\"wp-caption aligncenter\"><img decoding=\"async\" src=\"https:\/\/www.aarquiteta.com.br\/blog\/wp-content\/uploads\/2025\/03\/norman-foster-03.jpg\" alt=\"Norman Foster: a hist\u00f3ria e o estilo do premiado arquiteto\" width=\"1024\" height=\"1024\" title=\"\"><figcaption class=\"wp-caption-text\">Norman Foster: a hist\u00f3ria e o estilo do premiado arquiteto<\/figcaption><\/figure>\n<p>Foster possui uma infinidade de <b>pr\u00eamios<\/b> em sua carreira, incluindo o Pritzker, considerado o Nobel da arquitetura. Seu trabalho \u00e9 reconhecido globalmente.<\/p>\n<p>Isso mostra que a busca pela excel\u00eancia e inova\u00e7\u00e3o vale a pena. Assim, ele se tornou um verdadeiro <b>\u00edcone contempor\u00e2neo<\/b>.<\/p>\n<h3>Um legado de inova\u00e7\u00e3o<\/h3>\n<figure style=\"width: 1024px\" class=\"wp-caption aligncenter\"><img decoding=\"async\" src=\"https:\/\/www.aarquiteta.com.br\/blog\/wp-content\/uploads\/2025\/03\/GettyImages-95628756-1-700x523.jpg\" alt=\"30 St Mary Axe (\u00e0 direita) \u00e9 um dos seus projetos mais marcantes\" title=\"\"><figcaption class=\"wp-caption-text\">30 St Mary Axe (\u00e0 direita) \u00e9 um dos seus projetos mais marcantes<\/figcaption><\/figure>\n<p>O que aprendi com Norman Foster \u00e9 que a arquitetura pode contar hist\u00f3rias e <b>transformar vidas<\/b>. Cada projeto \u00e9 um novo desafio, uma nova oportunidade.<\/p>\n<p>Sua carreira \u00e9 a prova de que \u00e9 poss\u00edvel fazer arte e ainda se preocupar com o futuro do planeta. Cada cria\u00e7\u00e3o \u00e9 uma semente plantada para um amanh\u00e3 melhor.<\/p>\n<figure style=\"width: 1024px\" class=\"wp-caption aligncenter\"><img decoding=\"async\" src=\"https:\/\/www.aarquiteta.com.br\/blog\/wp-content\/uploads\/2025\/03\/norman-foster-4.jpg\" alt=\"Norman Foster: a hist\u00f3ria e o estilo do premiado arquiteto\" width=\"1024\" height=\"1024\" title=\"\"><figcaption class=\"wp-caption-text\">Norman Foster: a hist\u00f3ria e o estilo do premiado arquiteto<\/figcaption><\/figure>\n<figure style=\"width: 1024px\" class=\"wp-caption aligncenter\"><img decoding=\"async\" src=\"https:\/\/www.aarquiteta.com.br\/blog\/wp-content\/uploads\/2025\/03\/GettyImages-157584057-1-700x467.jpg\" alt=\"C\u00fapula do Reichstag, casa do parlamento alem\u00e3o\" title=\"\"><figcaption class=\"wp-caption-text\">C\u00fapula do Reichstag, casa do parlamento alem\u00e3o<\/figcaption><\/figure>\n<h3>Para se aprofundar mais sobre o tema, veja a minha recomenda\u00e7\u00e3o sobre o tema deste artigo no v\u00eddeo a seguir abaixo:<\/h3>\n<p><iframe title=\"YouTube video player\" src=\"https:\/\/www.youtube.com\/embed\/YOC3jh6_5ik\" width=\"560\" height=\"315\" frameborder=\"0\" allowfullscreen=\"allowfullscreen\"><\/iframe><\/p>\n<figure style=\"width: 1024px\" class=\"wp-caption aligncenter\"><img decoding=\"async\" src=\"https:\/\/www.aarquiteta.com.br\/blog\/wp-content\/uploads\/2025\/03\/17278163491458757-1120x630.jpg\" alt=\"Steve Jobs Theater \u00e9 o teatro localizado dentro do Apple Park (Projeto: Foster + Partners)\" title=\"\"><figcaption class=\"wp-caption-text\">Steve Jobs Theater \u00e9 o teatro localizado dentro do Apple Park (Projeto: Foster + Partners)<\/figcaption><\/figure>\n","protected":false},"excerpt":{"rendered":"<p>Descubra a fascinante carreira de Norman Foster, \u00edcone da arquitetura contempor\u00e2nea com obras inovadoras e sustent\u00e1veis.<\/p>\n","protected":false},"author":102,"featured_media":146084,"comment_status":"open","ping_status":"","sticky":false,"template":"","format":"standard","meta":{"footnotes":""},"categories":[35375,971,19206],"tags":[],"class_list":["post-146091","post","type-post","status-publish","format-standard","has-post-thumbnail","category-acabamentos","category-design-de-interiores","category-revestimentos"],"_wp_attached_file":null,"_wp_attachment_metadata":null,"_wp_attachment_context":null,"_wp_attachment_is_custom_header":null,"geo_longitude":null,"geo_public":null,"geo_latitude":null,"_publicize_done_external":null,"_wpas_done_3897181":null,"publicize_twitter_user":null,"_wpas_done_3897175":null,"_wpas_skip_3897181":null,"_wpas_skip_3897175":null,"_wpas_skip_3924723":null,"_wpas_mess":null,"_wpas_done_3924723":null,"wps_subtitle":"","_links":{"self":[{"href":"https:\/\/www.aarquiteta.com.br\/blog\/wp-json\/wp\/v2\/posts\/146091","targetHints":{"allow":["GET"]}}],"collection":[{"href":"https:\/\/www.aarquiteta.com.br\/blog\/wp-json\/wp\/v2\/posts"}],"about":[{"href":"https:\/\/www.aarquiteta.com.br\/blog\/wp-json\/wp\/v2\/types\/post"}],"author":[{"embeddable":true,"href":"https:\/\/www.aarquiteta.com.br\/blog\/wp-json\/wp\/v2\/users\/102"}],"replies":[{"embeddable":true,"href":"https:\/\/www.aarquiteta.com.br\/blog\/wp-json\/wp\/v2\/comments?post=146091"}],"version-history":[{"count":0,"href":"https:\/\/www.aarquiteta.com.br\/blog\/wp-json\/wp\/v2\/posts\/146091\/revisions"}],"wp:featuredmedia":[{"embeddable":true,"href":"https:\/\/www.aarquiteta.com.br\/blog\/wp-json\/wp\/v2\/media\/146084"}],"wp:attachment":[{"href":"https:\/\/www.aarquiteta.com.br\/blog\/wp-json\/wp\/v2\/media?parent=146091"}],"wp:term":[{"taxonomy":"category","embeddable":true,"href":"https:\/\/www.aarquiteta.com.br\/blog\/wp-json\/wp\/v2\/categories?post=146091"},{"taxonomy":"post_tag","embeddable":true,"href":"https:\/\/www.aarquiteta.com.br\/blog\/wp-json\/wp\/v2\/tags?post=146091"}],"curies":[{"name":"wp","href":"https:\/\/api.w.org\/{rel}","templated":true}]}}