{"id":146079,"date":"2025-03-05T13:54:54","date_gmt":"2025-03-05T16:54:54","guid":{"rendered":"https:\/\/www.aarquiteta.com.br\/blog\/fachadas-sustentaveis-natureza-arquitetura\/"},"modified":"2025-03-05T13:54:54","modified_gmt":"2025-03-05T16:54:54","slug":"fachadas-sustentaveis-natureza-arquitetura","status":"publish","type":"post","link":"https:\/\/www.aarquiteta.com.br\/blog\/fachadas-sustentaveis-natureza-arquitetura\/","title":{"rendered":"Fachadas Sustent\u00e1veis: Integrando Natureza e Arquitetura"},"content":{"rendered":"<p><body><\/p>\n<p><b>Voc\u00ea j\u00e1 imaginou uma fachada que n\u00e3o apenas embeleza, mas tamb\u00e9m melhora a qualidade do ar e reduz o calor?<\/b> Fachadas sustent\u00e1veis integram natureza e arquitetura, trazendo inova\u00e7\u00e3o e bem-estar.<\/p>\n<h3>O que s\u00e3o fachadas sustent\u00e1veis?<\/h3>\n<figure style=\"width: 1024px\" class=\"wp-caption aligncenter\"><img decoding=\"async\" src=\"https:\/\/www.aarquiteta.com.br\/blog\/wp-content\/uploads\/2025\/03\/fachadas-sustentaveis-natureza-arquitetura04.jpg\" alt=\"Fachadas Sustent\u00e1veis: Integrando Natureza e Arquitetura\" width=\"1024\" height=\"1024\" title=\"\"><figcaption class=\"wp-caption-text\">Fachadas Sustent\u00e1veis: Integrando Natureza e Arquitetura<\/figcaption><\/figure>\n<p>As <b>fachadas sustent\u00e1veis<\/b> s\u00e3o uma revolu\u00e7\u00e3o no design arquitet\u00f4nico. Elas utilizam materiais ecol\u00f3gicos, vegeta\u00e7\u00e3o e tecnologia para criar constru\u00e7\u00f5es mais eficientes e harmoniosas com o meio ambiente.<\/p>\n<h3>Benef\u00edcios para o meio ambiente e para voc\u00ea<\/h3>\n<figure style=\"width: 1024px\" class=\"wp-caption aligncenter\"><img decoding=\"async\" src=\"https:\/\/www.aarquiteta.com.br\/blog\/wp-content\/uploads\/2025\/03\/fachadas-sustentaveis-natureza-arquitetura03.jpg\" alt=\"Fachadas Sustent\u00e1veis: Integrando Natureza e Arquitetura\" width=\"1024\" height=\"1024\" title=\"\"><figcaption class=\"wp-caption-text\">Fachadas Sustent\u00e1veis: Integrando Natureza e Arquitetura<\/figcaption><\/figure>\n<p>Al\u00e9m de ajudarem na <b>redu\u00e7\u00e3o do aquecimento urbano<\/b>, essas fachadas melhoram a qualidade do ar, promovem isolamento t\u00e9rmico e ainda tornam os espa\u00e7os mais agrad\u00e1veis.<\/p>\n<h3>Jardins verticais: beleza e funcionalidade<\/h3>\n<figure style=\"width: 1024px\" class=\"wp-caption aligncenter\"><img decoding=\"async\" src=\"https:\/\/www.aarquiteta.com.br\/blog\/wp-content\/uploads\/2025\/03\/fachadas-sustentaveis-natureza-arquitetura02.jpg\" alt=\"Fachadas Sustent\u00e1veis: Integrando Natureza e Arquitetura\" width=\"1024\" height=\"1024\" title=\"\"><figcaption class=\"wp-caption-text\">Fachadas Sustent\u00e1veis: Integrando Natureza e Arquitetura<\/figcaption><\/figure>\n<p>Os <b>jardins verticais<\/b> n\u00e3o s\u00e3o apenas um charme para a fachada. Eles filtram poluentes, aumentam a umidade e oferecem um visual espetacular. Perfeitos para quem busca um ambiente mais verde.<\/p>\n<h3>Materiais ecol\u00f3gicos: inova\u00e7\u00e3o e efici\u00eancia<\/h3>\n<figure style=\"width: 1024px\" class=\"wp-caption aligncenter\"><img decoding=\"async\" src=\"https:\/\/www.aarquiteta.com.br\/blog\/wp-content\/uploads\/2025\/03\/fachadas-sustentaveis-natureza-arquitetura01.jpg\" alt=\"Fachadas Sustent\u00e1veis: Integrando Natureza e Arquitetura\" width=\"1024\" height=\"1024\" title=\"\"><figcaption class=\"wp-caption-text\">Fachadas Sustent\u00e1veis: Integrando Natureza e Arquitetura<\/figcaption><\/figure>\n<p>Usar <b>materiais sustent\u00e1veis<\/b> como madeira de reflorestamento, tintas naturais e concreto ecol\u00f3gico faz toda a diferen\u00e7a. Al\u00e9m de sustent\u00e1veis, s\u00e3o dur\u00e1veis e esteticamente incr\u00edveis.<\/p>\n<h3>Energia solar nas fachadas: um passo a mais<\/h3>\n<p>J\u00e1 pensou em uma fachada que gera energia? O uso de <b>pain\u00e9is solares<\/b> integrados transforma edif\u00edcios em fontes pr\u00f3prias de eletricidade, reduzindo gastos e impacto ambiental.<\/p>\n<h3>Como aplicar uma fachada sustent\u00e1vel na sua casa?<\/h3>\n<h3>Assista agora a minha recomenda\u00e7\u00e3o de video abaixo sobre o tema que estamos tratando neste artigo: <\/h3>\n<p><div class=\"youtube-embed\" data-video_id=\"4plnl0vd_vc\"><iframe title=\"O que Torna Francis K\u00e9r\u00e9 um \u00cdcone na Arquitetura Sustent\u00e1vel?\" width=\"696\" height=\"392\" src=\"https:\/\/www.youtube.com\/embed\/4plnl0vd_vc?feature=oembed&#038;enablejsapi=1\" frameborder=\"0\" allow=\"accelerometer; autoplay; clipboard-write; encrypted-media; gyroscope; picture-in-picture; web-share\" referrerpolicy=\"strict-origin-when-cross-origin\" allowfullscreen><\/iframe><\/div>\n<\/p>\n<p>N\u00e3o precisa ser um projeto grandioso. Pequenas mudan\u00e7as, como mais plantas, uso de materiais recicl\u00e1veis e melhor aproveitamento da luz natural, j\u00e1 causam um impacto positivo.<\/p>\n<h3>Custos e benef\u00edcios: vale a pena investir?<\/h3>\n<p>Se voc\u00ea est\u00e1 se perguntando se o investimento vale a pena, a resposta \u00e9 <b>sim<\/b>. A economia na conta de energia, menor manuten\u00e7\u00e3o e valoriza\u00e7\u00e3o do im\u00f3vel compensam o valor inicial.<\/p>\n<h3>O futuro das constru\u00e7\u00f5es verdes<\/h3>\n<p>Com o crescente interesse por <b>arquitetura sustent\u00e1vel<\/b>, essas fachadas v\u00eam se tornando tend\u00eancia mundial. Mais do que uma est\u00e9tica moderna, elas s\u00e3o um compromisso com o futuro do planeta.<\/p>\n<p><b>Se ainda acha que sustentabilidade e sofistica\u00e7\u00e3o n\u00e3o combinam, est\u00e1 na hora de olhar para o futuro da arquitetura com outros olhos.<\/b><\/p>\n<p><\/body><\/p>\n","protected":false},"excerpt":{"rendered":"<p>Explore solu\u00e7\u00f5es sustent\u00e1veis para fachadas que unem design inovador e respeito ao meio ambiente, criando espa\u00e7os mais verdes e saud\u00e1veis.<\/p>\n","protected":false},"author":102,"featured_media":146076,"comment_status":"open","ping_status":"","sticky":false,"template":"","format":"standard","meta":{"footnotes":""},"categories":[1484,971,18792,18794],"tags":[],"class_list":["post-146079","post","type-post","status-publish","format-standard","has-post-thumbnail","category-decoracao","category-design-de-interiores","category-decoracao-de-apartamento","category-projetos-de-decoracao-de-casas"],"_wp_attached_file":null,"_wp_attachment_metadata":null,"_wp_attachment_context":null,"_wp_attachment_is_custom_header":null,"geo_longitude":null,"geo_public":null,"geo_latitude":null,"_publicize_done_external":null,"_wpas_done_3897181":null,"publicize_twitter_user":null,"_wpas_done_3897175":null,"_wpas_skip_3897181":null,"_wpas_skip_3897175":null,"_wpas_skip_3924723":null,"_wpas_mess":null,"_wpas_done_3924723":null,"wps_subtitle":"","_links":{"self":[{"href":"https:\/\/www.aarquiteta.com.br\/blog\/wp-json\/wp\/v2\/posts\/146079","targetHints":{"allow":["GET"]}}],"collection":[{"href":"https:\/\/www.aarquiteta.com.br\/blog\/wp-json\/wp\/v2\/posts"}],"about":[{"href":"https:\/\/www.aarquiteta.com.br\/blog\/wp-json\/wp\/v2\/types\/post"}],"author":[{"embeddable":true,"href":"https:\/\/www.aarquiteta.com.br\/blog\/wp-json\/wp\/v2\/users\/102"}],"replies":[{"embeddable":true,"href":"https:\/\/www.aarquiteta.com.br\/blog\/wp-json\/wp\/v2\/comments?post=146079"}],"version-history":[{"count":0,"href":"https:\/\/www.aarquiteta.com.br\/blog\/wp-json\/wp\/v2\/posts\/146079\/revisions"}],"wp:featuredmedia":[{"embeddable":true,"href":"https:\/\/www.aarquiteta.com.br\/blog\/wp-json\/wp\/v2\/media\/146076"}],"wp:attachment":[{"href":"https:\/\/www.aarquiteta.com.br\/blog\/wp-json\/wp\/v2\/media?parent=146079"}],"wp:term":[{"taxonomy":"category","embeddable":true,"href":"https:\/\/www.aarquiteta.com.br\/blog\/wp-json\/wp\/v2\/categories?post=146079"},{"taxonomy":"post_tag","embeddable":true,"href":"https:\/\/www.aarquiteta.com.br\/blog\/wp-json\/wp\/v2\/tags?post=146079"}],"curies":[{"name":"wp","href":"https:\/\/api.w.org\/{rel}","templated":true}]}}