{"id":146063,"date":"2025-03-05T12:59:55","date_gmt":"2025-03-05T15:59:55","guid":{"rendered":"https:\/\/www.aarquiteta.com.br\/blog\/tendencias-fachadas-casas-modernas-2025\/"},"modified":"2025-03-05T12:59:55","modified_gmt":"2025-03-05T15:59:55","slug":"tendencias-fachadas-casas-modernas-2025","status":"publish","type":"post","link":"https:\/\/www.aarquiteta.com.br\/blog\/tendencias-fachadas-casas-modernas-2025\/","title":{"rendered":"Tend\u00eancias em Fachadas de Casas Modernas para 2025"},"content":{"rendered":"<p><body><\/p>\n<p><b>As fachadas de casas modernas em 2025<\/b> trazem designs ousados, materiais inovadores e um toque sustent\u00e1vel. Quer saber como deixar sua casa incr\u00edvel? Vem comigo!<\/p>\n<h3>Minimalismo com personalidade<\/h3>\n<figure style=\"width: 1024px\" class=\"wp-caption aligncenter\"><img decoding=\"async\" src=\"https:\/\/www.aarquiteta.com.br\/blog\/wp-content\/uploads\/2025\/03\/tendencias-fachadas-casas-modernas-202504.jpg\" alt=\"Tend\u00eancias em Fachadas de Casas Modernas para 2025\" width=\"1024\" height=\"1024\" title=\"\"><figcaption class=\"wp-caption-text\">Tend\u00eancias em Fachadas de Casas Modernas para 2025<\/figcaption><\/figure>\n<p>O <b>minimalismo<\/b> continua em alta, mas agora ganha mais personalidade. Nada de fachadas sem vida! O segredo est\u00e1 nos <b>detalhes elegantes<\/b>, como portas imponentes e texturas marcantes.<\/p>\n<p>Menos \u00e9 mais, mas com estilo! Aposte em cores neutras, formas geom\u00e9tricas e ilumina\u00e7\u00e3o embutida para um visual moderno e sofisticado.<\/p>\n<h3>Materiais naturais e sustent\u00e1veis<\/h3>\n<figure style=\"width: 1024px\" class=\"wp-caption aligncenter\"><img decoding=\"async\" src=\"https:\/\/www.aarquiteta.com.br\/blog\/wp-content\/uploads\/2025\/03\/tendencias-fachadas-casas-modernas-202503.jpg\" alt=\"Tend\u00eancias em Fachadas de Casas Modernas para 2025\" width=\"1024\" height=\"1024\" title=\"\"><figcaption class=\"wp-caption-text\">Tend\u00eancias em Fachadas de Casas Modernas para 2025<\/figcaption><\/figure>\n<p>A sustentabilidade nunca esteve t\u00e3o presente no mercado. Em 2025, fachadas modernas apostam em <b>madeira certificada, pedras naturais<\/b> e revestimentos ecol\u00f3gicos.<\/p>\n<p>Al\u00e9m de serem amigos do meio ambiente, esses materiais trazem um toque aconchegante e refinado para a fachada, criando um equil\u00edbrio perfeito entre natureza e modernidade.<\/p>\n<h3>Ilumina\u00e7\u00e3o estrat\u00e9gica<\/h3>\n<figure style=\"width: 1024px\" class=\"wp-caption aligncenter\"><img decoding=\"async\" src=\"https:\/\/www.aarquiteta.com.br\/blog\/wp-content\/uploads\/2025\/03\/tendencias-fachadas-casas-modernas-202502.jpg\" alt=\"Tend\u00eancias em Fachadas de Casas Modernas para 2025\" width=\"1024\" height=\"1024\" title=\"\"><figcaption class=\"wp-caption-text\">Tend\u00eancias em Fachadas de Casas Modernas para 2025<\/figcaption><\/figure>\n<p>Uma boa ilumina\u00e7\u00e3o n\u00e3o apenas valoriza a fachada, como tamb\u00e9m garante mais seguran\u00e7a. Em 2025, as tend\u00eancias apontam para um uso inteligente de <b>LED embutido, arandelas modernas<\/b> e sensores de presen\u00e7a.<\/p>\n<p>A ideia \u00e9 criar efeitos visuais incr\u00edveis, destacando linhas arquitet\u00f4nicas e tornando a casa um verdadeiro espet\u00e1culo durante a noite.<\/p>\n<h3>Integra\u00e7\u00e3o com jardins verticais<\/h3>\n<figure style=\"width: 1024px\" class=\"wp-caption aligncenter\"><img decoding=\"async\" src=\"https:\/\/www.aarquiteta.com.br\/blog\/wp-content\/uploads\/2025\/03\/tendencias-fachadas-casas-modernas-202501.jpg\" alt=\"Tend\u00eancias em Fachadas de Casas Modernas para 2025\" width=\"1024\" height=\"1024\" title=\"\"><figcaption class=\"wp-caption-text\">Tend\u00eancias em Fachadas de Casas Modernas para 2025<\/figcaption><\/figure>\n<p><b>Verde na fachada? Sim, por favor!<\/b> Os jardins verticais crescem nas fachadas modernas, trazendo frescor e ajudando no isolamento t\u00e9rmico da casa.<\/p>\n<p>Al\u00e9m disso, essa tend\u00eancia permite personalizar a fachada conforme o estilo da resid\u00eancia, seja com plantas tropicais exuberantes ou um visual mais clean com suculentas.<\/p>\n<h3>Portas de destaque<\/h3>\n<p>Se existe um elemento capaz de transformar qualquer fachada, \u00e9 a <b>porta principal<\/b>. Portas imponentes, com acabamento em madeira, a\u00e7o ou vidro, marcam presen\u00e7a em projetos modernos.<\/p>\n<p>O truque aqui \u00e9 escolher um design que converse com a fachada e, ao mesmo tempo, cause impacto logo na entrada.<\/p>\n<h3>Vidros e transpar\u00eancia<\/h3>\n<h3>Assista agora a minha recomenda\u00e7\u00e3o de video abaixo sobre o tema que estamos tratando neste artigo: <\/h3>\n<p><div class=\"youtube-embed\" data-video_id=\"CFP9A7mGcW0\"><iframe title=\"2025: As 9 Tend\u00eancias de Decora\u00e7\u00e3o Que Voc\u00ea Precisa Conhecer!\" width=\"696\" height=\"392\" src=\"https:\/\/www.youtube.com\/embed\/CFP9A7mGcW0?feature=oembed&#038;enablejsapi=1\" frameborder=\"0\" allow=\"accelerometer; autoplay; clipboard-write; encrypted-media; gyroscope; picture-in-picture; web-share\" referrerpolicy=\"strict-origin-when-cross-origin\" allowfullscreen><\/iframe><\/div>\n<\/p>\n<p>A tend\u00eancia dos <b>vidros refletivos<\/b> e grandes janelas continua firme em 2025. A luz natural invade os ambientes, economizando energia e ampliando os espa\u00e7os.<\/p>\n<p>O melhor? D\u00e1 para combinar vidro com outros materiais, como madeira e concreto, criando uma est\u00e9tica sofisticada e equilibrada.<\/p>\n<h3>Fachadas assim\u00e9tricas<\/h3>\n<p>Esque\u00e7a as fachadas &#8220;certinhas&#8221;! Formas <b>assim\u00e9tricas<\/b> e volumetrias criativas prometem ser o grande destaque no design de 2025.<\/p>\n<p>Linhas irregulares e elementos sobrepostos d\u00e3o dinamismo \u00e0 fachada, tornando a casa \u00fanica e cheia de personalidade.<\/p>\n<h3>Tecnologia e automa\u00e7\u00e3o<\/h3>\n<p>A modernidade vai muito al\u00e9m do visual. A integra\u00e7\u00e3o com <b>automa\u00e7\u00e3o residencial<\/b> torna a fachada mais funcional e segura.<\/p>\n<p>Fechaduras eletr\u00f4nicas, ilumina\u00e7\u00e3o controlada por aplicativo e at\u00e9 vidros que mudam de transpar\u00eancia s\u00e3o alguns dos diferenciais que tornam a experi\u00eancia ainda mais inovadora.<\/p>\n<p><b>Resumindo:<\/b> As fachadas de 2025 equilibram <b>design, sustentabilidade e tecnologia<\/b>, criando resid\u00eancias modernas, estilosas e funcionais. Qual dessas tend\u00eancias mais combina com seu projeto? Conta pra mim!<\/p>\n<p><\/body><\/p>\n","protected":false},"excerpt":{"rendered":"<p>Fique por dentro das \u00faltimas tend\u00eancias em design de fachadas modernas e descubra como aplic\u00e1-las em seu projeto residencial.<\/p>\n","protected":false},"author":102,"featured_media":146060,"comment_status":"open","ping_status":"","sticky":false,"template":"","format":"standard","meta":{"footnotes":""},"categories":[1484,971,18792,18794],"tags":[],"class_list":["post-146063","post","type-post","status-publish","format-standard","has-post-thumbnail","category-decoracao","category-design-de-interiores","category-decoracao-de-apartamento","category-projetos-de-decoracao-de-casas"],"_wp_attached_file":null,"_wp_attachment_metadata":null,"_wp_attachment_context":null,"_wp_attachment_is_custom_header":null,"geo_longitude":null,"geo_public":null,"geo_latitude":null,"_publicize_done_external":null,"_wpas_done_3897181":null,"publicize_twitter_user":null,"_wpas_done_3897175":null,"_wpas_skip_3897181":null,"_wpas_skip_3897175":null,"_wpas_skip_3924723":null,"_wpas_mess":null,"_wpas_done_3924723":null,"wps_subtitle":"","_links":{"self":[{"href":"https:\/\/www.aarquiteta.com.br\/blog\/wp-json\/wp\/v2\/posts\/146063","targetHints":{"allow":["GET"]}}],"collection":[{"href":"https:\/\/www.aarquiteta.com.br\/blog\/wp-json\/wp\/v2\/posts"}],"about":[{"href":"https:\/\/www.aarquiteta.com.br\/blog\/wp-json\/wp\/v2\/types\/post"}],"author":[{"embeddable":true,"href":"https:\/\/www.aarquiteta.com.br\/blog\/wp-json\/wp\/v2\/users\/102"}],"replies":[{"embeddable":true,"href":"https:\/\/www.aarquiteta.com.br\/blog\/wp-json\/wp\/v2\/comments?post=146063"}],"version-history":[{"count":0,"href":"https:\/\/www.aarquiteta.com.br\/blog\/wp-json\/wp\/v2\/posts\/146063\/revisions"}],"wp:featuredmedia":[{"embeddable":true,"href":"https:\/\/www.aarquiteta.com.br\/blog\/wp-json\/wp\/v2\/media\/146060"}],"wp:attachment":[{"href":"https:\/\/www.aarquiteta.com.br\/blog\/wp-json\/wp\/v2\/media?parent=146063"}],"wp:term":[{"taxonomy":"category","embeddable":true,"href":"https:\/\/www.aarquiteta.com.br\/blog\/wp-json\/wp\/v2\/categories?post=146063"},{"taxonomy":"post_tag","embeddable":true,"href":"https:\/\/www.aarquiteta.com.br\/blog\/wp-json\/wp\/v2\/tags?post=146063"}],"curies":[{"name":"wp","href":"https:\/\/api.w.org\/{rel}","templated":true}]}}