{"id":146032,"date":"2025-03-04T19:03:31","date_gmt":"2025-03-04T22:03:31","guid":{"rendered":"https:\/\/www.aarquiteta.com.br\/blog\/poltronas-para-sala\/"},"modified":"2025-03-04T19:03:31","modified_gmt":"2025-03-04T22:03:31","slug":"poltronas-para-sala","status":"publish","type":"post","link":"https:\/\/www.aarquiteta.com.br\/blog\/poltronas-para-sala\/","title":{"rendered":"Descubra como escolher poltronas incr\u00edveis para sua sala: 70 modelos que v\u00e3o inspirar sua decora\u00e7\u00e3o!"},"content":{"rendered":"<p>Escolher a poltrona perfeita pode fazer toda a diferen\u00e7a na sua sala e na sua decora\u00e7\u00e3o. Vamos te ajudar!<\/p>\n<h3>Como escolher a poltrona ideal para sua sala<\/h3>\n<figure style=\"width: 1024px\" class=\"wp-caption aligncenter\"><img decoding=\"async\" src=\"https:\/\/www.aarquiteta.com.br\/blog\/wp-content\/uploads\/2025\/03\/poltronas-para-sala-5-960x1200.jpg\" alt=\"Mix de estilos em harmonia, criando um ambiente agrad\u00e1vel e acolhedor.\" title=\"\"><figcaption class=\"wp-caption-text\">Mix de estilos em harmonia, criando um ambiente agrad\u00e1vel e acolhedor.<\/figcaption><\/figure>\n<p>Voc\u00ea j\u00e1 percebeu como um simples detalhe pode <b>transformar<\/b> completamente a decora\u00e7\u00e3o da sua sala? Muita gente quer um ambiente sofisticado, mas tem medo de errar na escolha.<\/p>\n<p>Hoje, vou te mostrar como escolher poltronas sem medo e com muito estilo! Lembre-se de que a poltrona \u00e9 mais do que um m\u00f3vel, \u00e9 <b>um convite ao conforto<\/b>.<\/p>\n<h3>Explore os diferentes estilos de poltronas<\/h3>\n<figure style=\"width: 1024px\" class=\"wp-caption aligncenter\"><img decoding=\"async\" src=\"https:\/\/www.aarquiteta.com.br\/blog\/wp-content\/uploads\/2025\/03\/poltronas-para-sala01.jpg\" alt=\"Poltronas para Sala: Onde Comprar e 70 Modelos para Inspirar\" width=\"1024\" height=\"1024\" title=\"\"><figcaption class=\"wp-caption-text\">Poltronas para Sala: Onde Comprar e 70 Modelos para Inspirar<\/figcaption><\/figure>\n<p>Na hora de escolher, \u00e9 bom lembrar que as <b>poltronas incr\u00edveis<\/b> v\u00eam em uma variedade de estilos. Voc\u00ea pode optar por uma elegante poltrona em couro ou uma mais despojada em tecido. H\u00e1 espa\u00e7o para todos os gostos!<\/p>\n<p>Uma hist\u00f3ria r\u00e1pida: um amigo meu escolheu uma poltrona rosa neon. Agora, ela \u00e9 a estrella da sala, embora o marido tenha reclamado um pouco. O que importa \u00e9 que ele se acostumou e a pe\u00e7a trouxe uma vida nova ao ambiente.<\/p>\n<h3>Cores que falam por si s\u00f3<\/h3>\n<figure style=\"width: 1024px\" class=\"wp-caption aligncenter\"><img decoding=\"async\" src=\"https:\/\/www.aarquiteta.com.br\/blog\/wp-content\/uploads\/2025\/03\/poltronas-para-sala.jpg\" alt=\"Poltrona essencial para complementar a decora\u00e7\u00e3o de uma sala de estar, oferecendo conforto.\" title=\"\"><figcaption class=\"wp-caption-text\">Poltrona essencial para complementar a decora\u00e7\u00e3o de uma sala de estar, oferecendo conforto.<\/figcaption><\/figure>\n<p>As cores t\u00eam um poder incr\u00edvel. Uma <b>poltrona colorida<\/b> pode iluminar um canto escuro da sala, enquanto uma neutra oferece um ar mais sofisticado. Eu sempre brinco que a cor certa pode fazer com que voc\u00ea se sinta em um filme de Hollywood!<\/p>\n<h3>Conforto \u00e9 o rei<\/h3>\n<figure style=\"width: 1024px\" class=\"wp-caption aligncenter\"><img decoding=\"async\" src=\"https:\/\/www.aarquiteta.com.br\/blog\/wp-content\/uploads\/2025\/03\/poltronas-para-sala02.jpg\" alt=\"Poltronas para Sala: Onde Comprar e 70 Modelos para Inspirar\" width=\"1024\" height=\"1024\" title=\"\"><figcaption class=\"wp-caption-text\">Poltronas para Sala: Onde Comprar e 70 Modelos para Inspirar<\/figcaption><\/figure>\n<p>Nada como chegar em casa e relaxar em uma poltrona confort\u00e1vel, n\u00e3o \u00e9 mesmo? N\u00e3o adianta apenas ser linda; ela precisa ser aconchegante. Escolha uma que <b>se encaixe no seu corpo<\/b>, como se fosse um abra\u00e7o, sabe?<\/p>\n<h3>Inova\u00e7\u00e3o nas texturas<\/h3>\n<figure style=\"width: 1024px\" class=\"wp-caption aligncenter\"><img decoding=\"async\" src=\"https:\/\/www.aarquiteta.com.br\/blog\/wp-content\/uploads\/2025\/03\/poltronas-para-sala-1.jpg\" alt=\"Modelo robusto e cheio de conforto, ideal para qualquer sala.\" title=\"\"><figcaption class=\"wp-caption-text\">Modelo robusto e cheio de conforto, ideal para qualquer sala.<\/figcaption><\/figure>\n<p>Texturas diferentes est\u00e3o super na moda! Experimente misturar uma poltrona de veludo com um sof\u00e1 de linho. O resultado \u00e9 uma sala cheia de <b>personalidade<\/b> e estilo.<\/p>\n<h3>Aposte em combina\u00e7\u00f5es<\/h3>\n<figure style=\"width: 1024px\" class=\"wp-caption aligncenter\"><img decoding=\"async\" src=\"https:\/\/www.aarquiteta.com.br\/blog\/wp-content\/uploads\/2025\/03\/poltronas-para-sala03.jpg\" alt=\"Poltronas para Sala: Onde Comprar e 70 Modelos para Inspirar\" width=\"1024\" height=\"1024\" title=\"\"><figcaption class=\"wp-caption-text\">Poltronas para Sala: Onde Comprar e 70 Modelos para Inspirar<\/figcaption><\/figure>\n<p>Mix de poltronas \u00e9 a tend\u00eancia do momento. Que tal colocar duas poltronas de estilos diferentes lado a lado? Uma \u00e9 mais robusta e a outra mais delicada. Essa <b>harmonia de contrastes<\/b> pode criar um visual deslumbrante!<\/p>\n<h3>Complete com almofadas e mantas<\/h3>\n<figure style=\"width: 1024px\" class=\"wp-caption aligncenter\"><img decoding=\"async\" src=\"https:\/\/www.aarquiteta.com.br\/blog\/wp-content\/uploads\/2025\/03\/poltronas-para-sala-2.jpg\" alt=\"Linda poltrona que concede um toque r\u00fastico ao espa\u00e7o, trazendo charme e aconchego.\" title=\"\"><figcaption class=\"wp-caption-text\">Linda poltrona que concede um toque r\u00fastico ao espa\u00e7o, trazendo charme e aconchego.<\/figcaption><\/figure>\n<p>Ah, as almofadas! Elas s\u00e3o o toque final. Uma poltrona com almofadas bem escolhidas pode se transformar. E n\u00e3o tenha medo de ousar! Metade da divers\u00e3o \u00e9 experimentar <b>estilos e texturas<\/b>.<\/p>\n<h3>70 modelos que v\u00e3o inspirar sua decora\u00e7\u00e3o!<\/h3>\n<figure style=\"width: 1024px\" class=\"wp-caption aligncenter\"><img decoding=\"async\" src=\"https:\/\/www.aarquiteta.com.br\/blog\/wp-content\/uploads\/2025\/03\/poltronas-para-sala4.jpg\" alt=\"Poltronas para Sala: Onde Comprar e 70 Modelos para Inspirar\" width=\"1024\" height=\"1024\" title=\"\"><figcaption class=\"wp-caption-text\">Poltronas para Sala: Onde Comprar e 70 Modelos para Inspirar<\/figcaption><\/figure>\n<p>Por \u00faltimo, mas n\u00e3o menos importante, inspire-se em modelos incr\u00edveis que podem trazer novas ideias para a sua <b>decora\u00e7\u00e3o<\/b>. Poltronas de diferentes formatos, cores e estilos est\u00e3o aguardando por voc\u00ea, e s\u00f3 voc\u00ea pode escolher a sua favorita!<\/p>\n<p>Dessa forma, a escolha da poltrona para a sua sala n\u00e3o precisa ser um bicho de sete cabe\u00e7as. Aposte na criatividade, experimente e, acima de tudo, divirta-se com as combina\u00e7\u00f5es. Afinal, sua sala tamb\u00e9m merece brilhar!<\/p>\n<figure style=\"width: 1024px\" class=\"wp-caption aligncenter\"><img decoding=\"async\" src=\"https:\/\/www.aarquiteta.com.br\/blog\/wp-content\/uploads\/2025\/03\/poltronas-para-sala-3-961x1200.jpg\" alt=\"O tom rose das poltronas contrasta com a paisagem litor\u00e2nea, adicionando eleg\u00e2ncia.\" title=\"\"><figcaption class=\"wp-caption-text\">O tom rose das poltronas contrasta com a paisagem litor\u00e2nea, adicionando eleg\u00e2ncia.<\/figcaption><\/figure>\n<h3>Para se aprofundar mais sobre o tema, veja a minha recomenda\u00e7\u00e3o sobre o tema deste artigo no v\u00eddeo a seguir abaixo:<\/h3>\n<p><iframe title=\"YouTube video player\" src=\"https:\/\/www.youtube.com\/embed\/FqnKK0niE3k\" width=\"560\" height=\"315\" frameborder=\"0\" allowfullscreen=\"allowfullscreen\"><\/iframe><\/p>\n<figure style=\"width: 1024px\" class=\"wp-caption aligncenter\"><img decoding=\"async\" src=\"https:\/\/www.aarquiteta.com.br\/blog\/wp-content\/uploads\/2025\/03\/poltronas-para-sala-4-960x1200.jpg\" alt=\"Poltrona robusta que concede charme \u00e0 sala de estar, ideal para momentos de relaxamento.\" title=\"\"><figcaption class=\"wp-caption-text\">Poltrona robusta que concede charme \u00e0 sala de estar, ideal para momentos de relaxamento.<\/figcaption><\/figure>\n","protected":false},"excerpt":{"rendered":"<p>Descubra 70 modelos de poltronas para sala que v\u00e3o transformar sua decora\u00e7\u00e3o. Conforto e estilo para todos os gostos!<\/p>\n","protected":false},"author":102,"featured_media":146022,"comment_status":"open","ping_status":"","sticky":false,"template":"","format":"standard","meta":{"footnotes":""},"categories":[1484],"tags":[],"class_list":["post-146032","post","type-post","status-publish","format-standard","has-post-thumbnail","category-decoracao"],"_wp_attached_file":null,"_wp_attachment_metadata":null,"_wp_attachment_context":null,"_wp_attachment_is_custom_header":null,"geo_longitude":null,"geo_public":null,"geo_latitude":null,"_publicize_done_external":null,"_wpas_done_3897181":null,"publicize_twitter_user":null,"_wpas_done_3897175":null,"_wpas_skip_3897181":null,"_wpas_skip_3897175":null,"_wpas_skip_3924723":null,"_wpas_mess":null,"_wpas_done_3924723":null,"wps_subtitle":"","_links":{"self":[{"href":"https:\/\/www.aarquiteta.com.br\/blog\/wp-json\/wp\/v2\/posts\/146032","targetHints":{"allow":["GET"]}}],"collection":[{"href":"https:\/\/www.aarquiteta.com.br\/blog\/wp-json\/wp\/v2\/posts"}],"about":[{"href":"https:\/\/www.aarquiteta.com.br\/blog\/wp-json\/wp\/v2\/types\/post"}],"author":[{"embeddable":true,"href":"https:\/\/www.aarquiteta.com.br\/blog\/wp-json\/wp\/v2\/users\/102"}],"replies":[{"embeddable":true,"href":"https:\/\/www.aarquiteta.com.br\/blog\/wp-json\/wp\/v2\/comments?post=146032"}],"version-history":[{"count":0,"href":"https:\/\/www.aarquiteta.com.br\/blog\/wp-json\/wp\/v2\/posts\/146032\/revisions"}],"wp:featuredmedia":[{"embeddable":true,"href":"https:\/\/www.aarquiteta.com.br\/blog\/wp-json\/wp\/v2\/media\/146022"}],"wp:attachment":[{"href":"https:\/\/www.aarquiteta.com.br\/blog\/wp-json\/wp\/v2\/media?parent=146032"}],"wp:term":[{"taxonomy":"category","embeddable":true,"href":"https:\/\/www.aarquiteta.com.br\/blog\/wp-json\/wp\/v2\/categories?post=146032"},{"taxonomy":"post_tag","embeddable":true,"href":"https:\/\/www.aarquiteta.com.br\/blog\/wp-json\/wp\/v2\/tags?post=146032"}],"curies":[{"name":"wp","href":"https:\/\/api.w.org\/{rel}","templated":true}]}}