{"id":146006,"date":"2025-03-04T18:08:39","date_gmt":"2025-03-04T21:08:39","guid":{"rendered":"https:\/\/www.aarquiteta.com.br\/blog\/pendente-para-sala\/"},"modified":"2025-03-04T18:08:39","modified_gmt":"2025-03-04T21:08:39","slug":"pendente-para-sala","status":"publish","type":"post","link":"https:\/\/www.aarquiteta.com.br\/blog\/pendente-para-sala\/","title":{"rendered":"Transforme sua sala com estes 50 modelos de pendente modernos e elegantes que v\u00e3o deixar voc\u00ea encantado!"},"content":{"rendered":"<p>Transforme a sua sala com pendentes modernos e elegantes e prepare-se para encantar seus convidados!<\/p>\n<h3>1. Pendentes que aproveitam a altura!<\/h3>\n<figure style=\"width: 1024px\" class=\"wp-caption aligncenter\"><img decoding=\"async\" src=\"https:\/\/www.aarquiteta.com.br\/blog\/wp-content\/uploads\/2025\/03\/pendente-para-sala-5-730x730.jpg\" alt=\"Imagem de pendente para sala 6 - o fio solto do pendente ajuda a compor a decora\u00e7\u00e3o\" title=\"\"><figcaption class=\"wp-caption-text\">Imagem de pendente para sala 6 &#8211; o fio solto do pendente ajuda a compor a decora\u00e7\u00e3o<\/figcaption><\/figure>\n<p>Sabe aqueles <b>pendentes<\/b> que iluminam e ainda s\u00e3o charmosos? Colocar um trio sobre a mesa de jantar \u00e9 simplesmente maravilhoso! Al\u00e9m de iluminar, traz um charme que voc\u00ea n\u00e3o pode deixar passar.<\/p>\n<h3>2. Cores s\u00f3brias para um toque elegante<\/h3>\n<figure style=\"width: 1024px\" class=\"wp-caption aligncenter\"><img decoding=\"async\" src=\"https:\/\/www.aarquiteta.com.br\/blog\/wp-content\/uploads\/2025\/03\/pendente-para-sala01.jpg\" alt=\"50 modelos de pendente para sala que s\u00e3o modernos e elegantes\" width=\"1024\" height=\"1024\" title=\"\"><figcaption class=\"wp-caption-text\">50 modelos de pendente para sala que s\u00e3o modernos e elegantes<\/figcaption><\/figure>\n<p>A c\u00fapula preta \u00e9 um verdadeiro statement. Este detalhe <b>transforma<\/b> a atmosfera, garantindo um ambiente mais sofisticado e moderno. Use e abuse desse contraste.<\/p>\n<h3>3. Amplie sua sala com tons claros<\/h3>\n<figure style=\"width: 1024px\" class=\"wp-caption aligncenter\"><img decoding=\"async\" src=\"https:\/\/www.aarquiteta.com.br\/blog\/wp-content\/uploads\/2025\/03\/pendente-para-sala-0.jpg\" alt=\"Imagem de pendente para sala 1 - utilizado em trio, para iluminar a mesa de jantar\" title=\"\"><figcaption class=\"wp-caption-text\">Imagem de pendente para sala 1 &#8211; utilizado em trio, para iluminar a mesa de jantar<\/figcaption><\/figure>\n<p>Aposte em pendentes com cores mais suaves se a sua sala \u00e9 compacta. Eles criam a sensa\u00e7\u00e3o de <b>amplitude<\/b> e leveza no ambiente. Sua sala vai respirar estilo!<\/p>\n<h3>4. Alturas diferentes trazem dinamismo<\/h3>\n<figure style=\"width: 1024px\" class=\"wp-caption aligncenter\"><img decoding=\"async\" src=\"https:\/\/www.aarquiteta.com.br\/blog\/wp-content\/uploads\/2025\/03\/pendente-para-sala02.jpg\" alt=\"50 modelos de pendente para sala que s\u00e3o modernos e elegantes\" width=\"1024\" height=\"1024\" title=\"\"><figcaption class=\"wp-caption-text\">50 modelos de pendente para sala que s\u00e3o modernos e elegantes<\/figcaption><\/figure>\n<p>Isso mesmo! O mesmo modelo de pendente em alturas variadas traz uma <b>composi\u00e7\u00e3o incr\u00edvel<\/b> e tudo fica mais divertido. Experimente! O resultado vai ser digno de aplauso.<\/p>\n<h3>5. A delicadeza do artesanal<\/h3>\n<figure style=\"width: 1024px\" class=\"wp-caption aligncenter\"><img decoding=\"async\" src=\"https:\/\/www.aarquiteta.com.br\/blog\/wp-content\/uploads\/2025\/03\/pendente-para-sala-1-730x913.jpg\" alt=\"Imagem de pendente para sala 2 - sua c\u00fapula na cor preta deixa o ambiente mais s\u00f3brio\" title=\"\"><figcaption class=\"wp-caption-text\">Imagem de pendente para sala 2 &#8211; sua c\u00fapula na cor preta deixa o ambiente mais s\u00f3brio<\/figcaption><\/figure>\n<p>Pendentes com <b>c\u00fapulas artesanais<\/b> trazem autenticidade e personalidade. Eles s\u00e3o o tipo de pe\u00e7a que faz a diferen\u00e7a. Voc\u00ea vai sentir que cada canto tem uma hist\u00f3ria.<\/p>\n<h3>6. Um toque de humor na decora\u00e7\u00e3o<\/h3>\n<figure style=\"width: 1024px\" class=\"wp-caption aligncenter\"><img decoding=\"async\" src=\"https:\/\/www.aarquiteta.com.br\/blog\/wp-content\/uploads\/2025\/03\/pendente-para-sala03.jpg\" alt=\"50 modelos de pendente para sala que s\u00e3o modernos e elegantes\" width=\"1024\" height=\"1024\" title=\"\"><figcaption class=\"wp-caption-text\">50 modelos de pendente para sala que s\u00e3o modernos e elegantes<\/figcaption><\/figure>\n<p>Fiz uma piada com um amigo: &#8220;Se o pendente \u00e9 mais caro que meu celular, pelo menos ilumina minhas ideias!&#8221; Brincadeiras \u00e0 parte, escolha seu pendente com carinho, o amor est\u00e1 nos detalhes!<\/p>\n<h3>7. Pendente no estilo retr\u00f4<\/h3>\n<figure style=\"width: 1024px\" class=\"wp-caption aligncenter\"><img decoding=\"async\" src=\"https:\/\/www.aarquiteta.com.br\/blog\/wp-content\/uploads\/2025\/03\/pendente-para-sala-2.jpg\" alt=\"Imagem de pendente para sala 3 - tons claros para ampliar a pequena sala de jantar\" title=\"\"><figcaption class=\"wp-caption-text\">Imagem de pendente para sala 3 &#8211; tons claros para ampliar a pequena sala de jantar<\/figcaption><\/figure>\n<p>Mudar a decora\u00e7\u00e3o para algo mais vintage? Um pendente no estilo <b>retr\u00f4<\/b> pode fazer maravilhas. \u00c9 como um abra\u00e7o acolhedor do passado, moderno e super estiloso.<\/p>\n<h3>8. O futuro est\u00e1 presente<\/h3>\n<figure style=\"width: 1024px\" class=\"wp-caption aligncenter\"><img decoding=\"async\" src=\"https:\/\/www.aarquiteta.com.br\/blog\/wp-content\/uploads\/2025\/03\/pendente-para-sala4.jpg\" alt=\"50 modelos de pendente para sala que s\u00e3o modernos e elegantes\" width=\"1024\" height=\"1024\" title=\"\"><figcaption class=\"wp-caption-text\">50 modelos de pendente para sala que s\u00e3o modernos e elegantes<\/figcaption><\/figure>\n<p>Se voc\u00ea curte o que \u00e9 <b>futurista<\/b>, um design ousado vai deixar sua sala deslumbrante. Pendentes com um visual inovador s\u00e3o sempre um tema de conversa entre amigos!<\/p>\n<p>Esses modelos s\u00e3o uma \u00f3tima forma de adicionar <b>estilo<\/b> e funcionalidade \u00e0 sua sala. Desde os cl\u00e1ssicos at\u00e9 os mais descolados, as op\u00e7\u00f5es s\u00e3o in\u00fameras! Bora escolher o seu pendente ideal?<\/p>\n<p>A ilumina\u00e7\u00e3o \u00e9 uma arte e saber us\u00e1-la pode transformar cada c\u00f4modo. Agora que voc\u00ea j\u00e1 viu essas op\u00e7\u00f5es de pendentes, tenho certeza que vai encantar seus visitantes e deixar sua casa ainda mais bonita!<\/p>\n<figure style=\"width: 1024px\" class=\"wp-caption aligncenter\"><img decoding=\"async\" src=\"https:\/\/www.aarquiteta.com.br\/blog\/wp-content\/uploads\/2025\/03\/pendente-para-sala-3-730x730.jpg\" alt=\"Imagem de pendente para sala 4 - o mesmo modelo instalado em alturas diferentes\" title=\"\"><figcaption class=\"wp-caption-text\">Imagem de pendente para sala 4 &#8211; o mesmo modelo instalado em alturas diferentes<\/figcaption><\/figure>\n<h3>Para se aprofundar mais sobre o tema, veja a minha recomenda\u00e7\u00e3o sobre o tema deste artigo no v\u00eddeo a seguir abaixo:<\/h3>\n<p><iframe title=\"YouTube video player\" src=\"https:\/\/www.youtube.com\/embed\/ISkBKnmv4cc\" width=\"560\" height=\"315\" frameborder=\"0\" allowfullscreen=\"allowfullscreen\"><\/iframe><\/p>\n<figure style=\"width: 1024px\" class=\"wp-caption aligncenter\"><img decoding=\"async\" src=\"https:\/\/www.aarquiteta.com.br\/blog\/wp-content\/uploads\/2025\/03\/pendente-para-sala-4-730x730.jpg\" alt=\"Imagem de pendente para sala 5 - visual diferenciado com c\u00fapula artesanal\" title=\"\"><figcaption class=\"wp-caption-text\">Imagem de pendente para sala 5 &#8211; visual diferenciado com c\u00fapula artesanal<\/figcaption><\/figure>\n","protected":false},"excerpt":{"rendered":"<p>Descubra 50 modelos de pendentes modernos e elegantes para iluminar e decorar sua sala com estilo.<\/p>\n","protected":false},"author":102,"featured_media":145999,"comment_status":"open","ping_status":"","sticky":false,"template":"","format":"standard","meta":{"footnotes":""},"categories":[1484],"tags":[],"class_list":["post-146006","post","type-post","status-publish","format-standard","has-post-thumbnail","category-decoracao"],"_wp_attached_file":null,"_wp_attachment_metadata":null,"_wp_attachment_context":null,"_wp_attachment_is_custom_header":null,"geo_longitude":null,"geo_public":null,"geo_latitude":null,"_publicize_done_external":null,"_wpas_done_3897181":null,"publicize_twitter_user":null,"_wpas_done_3897175":null,"_wpas_skip_3897181":null,"_wpas_skip_3897175":null,"_wpas_skip_3924723":null,"_wpas_mess":null,"_wpas_done_3924723":null,"wps_subtitle":"","_links":{"self":[{"href":"https:\/\/www.aarquiteta.com.br\/blog\/wp-json\/wp\/v2\/posts\/146006","targetHints":{"allow":["GET"]}}],"collection":[{"href":"https:\/\/www.aarquiteta.com.br\/blog\/wp-json\/wp\/v2\/posts"}],"about":[{"href":"https:\/\/www.aarquiteta.com.br\/blog\/wp-json\/wp\/v2\/types\/post"}],"author":[{"embeddable":true,"href":"https:\/\/www.aarquiteta.com.br\/blog\/wp-json\/wp\/v2\/users\/102"}],"replies":[{"embeddable":true,"href":"https:\/\/www.aarquiteta.com.br\/blog\/wp-json\/wp\/v2\/comments?post=146006"}],"version-history":[{"count":0,"href":"https:\/\/www.aarquiteta.com.br\/blog\/wp-json\/wp\/v2\/posts\/146006\/revisions"}],"wp:featuredmedia":[{"embeddable":true,"href":"https:\/\/www.aarquiteta.com.br\/blog\/wp-json\/wp\/v2\/media\/145999"}],"wp:attachment":[{"href":"https:\/\/www.aarquiteta.com.br\/blog\/wp-json\/wp\/v2\/media?parent=146006"}],"wp:term":[{"taxonomy":"category","embeddable":true,"href":"https:\/\/www.aarquiteta.com.br\/blog\/wp-json\/wp\/v2\/categories?post=146006"},{"taxonomy":"post_tag","embeddable":true,"href":"https:\/\/www.aarquiteta.com.br\/blog\/wp-json\/wp\/v2\/tags?post=146006"}],"curies":[{"name":"wp","href":"https:\/\/api.w.org\/{rel}","templated":true}]}}