{"id":145937,"date":"2025-03-03T19:40:07","date_gmt":"2025-03-03T22:40:07","guid":{"rendered":"https:\/\/www.aarquiteta.com.br\/blog\/mundo-do-trabalho\/"},"modified":"2025-03-03T19:40:07","modified_gmt":"2025-03-03T22:40:07","slug":"mundo-do-trabalho","status":"publish","type":"post","link":"https:\/\/www.aarquiteta.com.br\/blog\/mundo-do-trabalho\/","title":{"rendered":"Descubra os melhores caminhos para o sucesso no trabalho."},"content":{"rendered":"<p>O mundo do trabalho est\u00e1 em constante transforma\u00e7\u00e3o, especialmente ap\u00f3s a pandemia. As novas demandas e tend\u00eancias exigem que os profissionais se adaptem e busquem capacita\u00e7\u00e3o para se destacar no mercado. Neste artigo, vamos explorar as atualiza\u00e7\u00f5es mais recentes e como se preparar para esse novo cen\u00e1rio.<\/p>\n<h2>Como est\u00e1 sendo a evolu\u00e7\u00e3o do mercado?<\/h2>\n<h3>O impacto da pandemia no emprego<\/h3>\n<p>Quando a pandemia chegou, <b>o mercado de trabalho sofreu um abalo sem precedentes<\/b>. As expectativas que eram otimistas se transformaram em incertezas, e a taxa de desemprego disparou. O que antes parecia um caminho claro para muitos, agora se tornou um labirinto de desafios. No entanto, \u00e9 importante lembrar que, mesmo em meio a essa tempestade, <b>h\u00e1 sempre uma luz no fim do t\u00fanel<\/b>.<\/p>\n<h3>A import\u00e2ncia da capacita\u00e7\u00e3o profissional<\/h3>\n<figure style=\"width: 1024px\" class=\"wp-caption aligncenter\"><img decoding=\"async\" src=\"https:\/\/www.aarquiteta.com.br\/blog\/wp-content\/uploads\/2025\/03\/original-2a3ddb45245e1846e9dc994cda3fb9bb.jpg\" alt=\"Descubra os melhores caminhos para o sucesso no trabalho.\" width=\"1024\" height=\"1024\" title=\"\"><figcaption class=\"wp-caption-text\">Fonte: <a href=\"https:\/\/blog.anhanguera.com\/mundo-do-trabalho\/\" target=\"_blank\" rel=\"noopener\">Blog anhanguera<\/a><\/figcaption><\/figure>\n<p>Com a competitividade aumentando, <b>se capacitar se tornou uma necessidade<\/b> e n\u00e3o apenas uma op\u00e7\u00e3o. As empresas est\u00e3o em busca de profissionais qualificados, que possam se adaptar rapidamente \u00e0s novas demandas do mercado. Portanto, investir em cursos e especializa\u00e7\u00f5es \u00e9 fundamental para quem deseja se destacar. Afinal, <b>o conhecimento \u00e9 a chave que abre portas<\/b>.<\/p>\n<h3>As profiss\u00f5es do futuro<\/h3>\n<p>O avan\u00e7o da tecnologia trouxe novas oportunidades, especialmente nas \u00e1reas de <b>tecnologia da informa\u00e7\u00e3o e sa\u00fade<\/b>. Profiss\u00f5es que antes eram vistas como secund\u00e1rias agora est\u00e3o em alta demanda. O que isso significa? Que quem se prepara para essas \u00e1reas pode encontrar um mercado promissor. <b>Estar atento \u00e0s tend\u00eancias \u00e9 essencial<\/b> para n\u00e3o ficar para tr\u00e1s.<\/p>\n<h2>Quais s\u00e3o as atualiza\u00e7\u00f5es do mundo do trabalho?<\/h2>\n<h3>Novas din\u00e2micas de trabalho<\/h3>\n<p>O trabalho remoto se tornou uma realidade para muitos. <b>A flexibilidade \u00e9 uma das principais caracter\u00edsticas do novo mercado<\/b>. Profissionais aut\u00f4nomos e freelancers est\u00e3o em alta, e as empresas precisam se adaptar a essa nova din\u00e2mica. Isso significa que, para ter sucesso, \u00e9 preciso <b>aprender a gerenciar o tempo e as responsabilidades de forma eficaz<\/b>.<\/p>\n<h3>O perfil do profissional moderno<\/h3>\n<p>As empresas est\u00e3o buscando mais do que apenas diplomas. <b>O comportamento, a \u00e9tica e a capacidade de trabalhar em equipe s\u00e3o fundamentais<\/b>. O profissional do futuro deve ser vers\u00e1til, capaz de se adaptar a diferentes situa\u00e7\u00f5es e ambientes. Portanto, <b>desenvolver habilidades interpessoais \u00e9 t\u00e3o importante quanto a forma\u00e7\u00e3o t\u00e9cnica<\/b>.<\/p>\n<h3>Habilidades em alta demanda<\/h3>\n<p><iframe width=\"560\" height=\"315\" src=\"https:\/\/www.youtube.com\/embed\/Z2Yo-pspR84\" title=\"YouTube video player\" frameborder=\"0\" allow=\"accelerometer; autoplay; clipboard-write; encrypted-media; gyroscope; picture-in-picture; web-share\" referrerpolicy=\"strict-origin-when-cross-origin\" allowfullscreen><\/iframe><\/p>\n<p>Com a evolu\u00e7\u00e3o do mercado, algumas habilidades se tornaram essenciais. <b>Flu\u00eancia em idiomas, adaptabilidade e capacidade de resolu\u00e7\u00e3o de problemas s\u00e3o apenas algumas delas<\/b>. As empresas valorizam profissionais que est\u00e3o dispostos a aprender e se desenvolver continuamente. <b>O aprendizado nunca deve parar<\/b>, e isso \u00e9 um mantra que todos devem adotar.<\/p>\n<h2>Como se preparar para entrar nesse universo?<\/h2>\n<h3>Identificando suas qualidades e limita\u00e7\u00f5es<\/h3>\n<p>Antes de entrar no mercado de trabalho, \u00e9 crucial <b>fazer uma autoan\u00e1lise<\/b>. Quais s\u00e3o suas for\u00e7as? Onde voc\u00ea pode melhorar? Essa reflex\u00e3o \u00e9 o primeiro passo para se preparar para os desafios que vir\u00e3o. <b>Conhecer a si mesmo \u00e9 o primeiro passo para o sucesso<\/b>.<\/p>\n<h3>O papel da educa\u00e7\u00e3o na forma\u00e7\u00e3o profissional<\/h3>\n<p>A educa\u00e7\u00e3o \u00e9 um pilar fundamental na constru\u00e7\u00e3o de uma carreira s\u00f3lida. <b>Escolher a institui\u00e7\u00e3o certa pode fazer toda a diferen\u00e7a<\/b>. Aqui na Anhanguera, por exemplo, o compromisso \u00e9 com a forma\u00e7\u00e3o de profissionais capacitados e prontos para o mercado. <b>Investir em uma boa educa\u00e7\u00e3o \u00e9 investir no seu futuro<\/b>.<\/p>\n<h3>Planejamento de carreira<\/h3>\n<p>Por fim, ter um planejamento de carreira \u00e9 essencial. <b>Defina metas e objetivos claros<\/b> para sua trajet\u00f3ria profissional. Isso n\u00e3o s\u00f3 ajuda a manter o foco, mas tamb\u00e9m a medir seu progresso ao longo do tempo. <b>Um bom planejamento \u00e9 como um mapa que guia sua jornada<\/b>.<\/p>\n<h2>Conclus\u00e3o<\/h2>\n<p>O mundo do trabalho est\u00e1 em constante mudan\u00e7a, e se adaptar a essas transforma\u00e7\u00f5es \u00e9 fundamental para o sucesso profissional. <b>Capacita\u00e7\u00e3o, flexibilidade e autoconhecimento s\u00e3o as chaves para se destacar<\/b> nesse novo cen\u00e1rio. Portanto, n\u00e3o perca tempo e comece a se preparar hoje mesmo para o futuro que deseja. Para mais informa\u00e7\u00f5es sobre como se preparar para o mercado de trabalho, acesse <a href=\"https:\/\/anhanguera.com\/\" target=\"_blank\" rel=\"noopener\">este link<\/a>.<\/p>\n<p>Gostou do conte\u00fado? Ent\u00e3o, aproveite a visita e veja o que as melhores faculdades devem oferecer para os graduandos!<\/p>\n","protected":false},"excerpt":{"rendered":"<p>O mundo do trabalho est\u00e1 em constante transforma\u00e7\u00e3o, especialmente ap\u00f3s a pandemia. As novas demandas e tend\u00eancias exigem que os profissionais se adaptem e busquem capacita\u00e7\u00e3o para se destacar no mercado. Neste artigo, vamos explorar as atualiza\u00e7\u00f5es mais recentes e como se preparar para esse novo cen\u00e1rio. Como est\u00e1 sendo a evolu\u00e7\u00e3o do mercado? O [&hellip;]<\/p>\n","protected":false},"author":20,"featured_media":145936,"comment_status":"open","ping_status":"","sticky":false,"template":"","format":"standard","meta":{"footnotes":""},"categories":[6,35497],"tags":[],"class_list":["post-145937","post","type-post","status-publish","format-standard","has-post-thumbnail","category-carreira-de-arquitetura","category-estudante"],"_wp_attached_file":null,"_wp_attachment_metadata":null,"_wp_attachment_context":null,"_wp_attachment_is_custom_header":null,"geo_longitude":null,"geo_public":null,"geo_latitude":null,"_publicize_done_external":null,"_wpas_done_3897181":null,"publicize_twitter_user":null,"_wpas_done_3897175":null,"_wpas_skip_3897181":null,"_wpas_skip_3897175":null,"_wpas_skip_3924723":null,"_wpas_mess":null,"_wpas_done_3924723":null,"wps_subtitle":"","_links":{"self":[{"href":"https:\/\/www.aarquiteta.com.br\/blog\/wp-json\/wp\/v2\/posts\/145937","targetHints":{"allow":["GET"]}}],"collection":[{"href":"https:\/\/www.aarquiteta.com.br\/blog\/wp-json\/wp\/v2\/posts"}],"about":[{"href":"https:\/\/www.aarquiteta.com.br\/blog\/wp-json\/wp\/v2\/types\/post"}],"author":[{"embeddable":true,"href":"https:\/\/www.aarquiteta.com.br\/blog\/wp-json\/wp\/v2\/users\/20"}],"replies":[{"embeddable":true,"href":"https:\/\/www.aarquiteta.com.br\/blog\/wp-json\/wp\/v2\/comments?post=145937"}],"version-history":[{"count":0,"href":"https:\/\/www.aarquiteta.com.br\/blog\/wp-json\/wp\/v2\/posts\/145937\/revisions"}],"wp:featuredmedia":[{"embeddable":true,"href":"https:\/\/www.aarquiteta.com.br\/blog\/wp-json\/wp\/v2\/media\/145936"}],"wp:attachment":[{"href":"https:\/\/www.aarquiteta.com.br\/blog\/wp-json\/wp\/v2\/media?parent=145937"}],"wp:term":[{"taxonomy":"category","embeddable":true,"href":"https:\/\/www.aarquiteta.com.br\/blog\/wp-json\/wp\/v2\/categories?post=145937"},{"taxonomy":"post_tag","embeddable":true,"href":"https:\/\/www.aarquiteta.com.br\/blog\/wp-json\/wp\/v2\/tags?post=145937"}],"curies":[{"name":"wp","href":"https:\/\/api.w.org\/{rel}","templated":true}]}}