{"id":145935,"date":"2025-03-03T18:38:38","date_gmt":"2025-03-03T21:38:38","guid":{"rendered":"https:\/\/www.aarquiteta.com.br\/blog\/espelho-de-chao-2\/"},"modified":"2025-03-03T18:38:38","modified_gmt":"2025-03-03T21:38:38","slug":"espelho-de-chao-2","status":"publish","type":"post","link":"https:\/\/www.aarquiteta.com.br\/blog\/espelho-de-chao-2\/","title":{"rendered":"Descubra Como o Espelho de Ch\u00e3o Pode Revolucionar Sua Decora\u00e7\u00e3o!"},"content":{"rendered":"<p>Voc\u00ea j\u00e1 parou pra pensar como um simples <b>espelho de ch\u00e3o<\/b> pode ser o toque m\u00e1gico que sua decora\u00e7\u00e3o estava pedindo? A versatilidade dessa pe\u00e7a n\u00e3o s\u00f3 amplifica espa\u00e7os, como tamb\u00e9m traz charme e sofistica\u00e7\u00e3o a qualquer ambiente. Vamos explorar juntos como ele pode revolucionar a forma como voc\u00ea v\u00ea sua casa!<\/p>\n<h3>Por Que o Espelho de Ch\u00e3o \u00c9 a Escolha Certa?<\/h3>\n<figure style=\"width: 1024px\" class=\"wp-caption aligncenter\"><img decoding=\"async\" src=\"https:\/\/www.aarquiteta.com.br\/blog\/wp-content\/uploads\/2025\/03\/espelho-de-chao-5.jpg\" alt=\"Dando um ar aconchegante ao seu espa\u00e7o\" title=\"\"><figcaption class=\"wp-caption-text\">Dando um ar aconchegante ao seu espa\u00e7o<\/figcaption><\/figure>\n<p>Os <b>espelhos de ch\u00e3o<\/b> s\u00e3o muito mais do que apenas objetos reflexivos. Eles funcionam como verdadeiros aliados na decora\u00e7\u00e3o! Por que escolher s\u00f3 um quadro se voc\u00ea pode ter um elemento que, al\u00e9m de embelezar, amplia a vis\u00e3o do espa\u00e7o? Apresento aqui algumas formas criativas de utiliz\u00e1-los.<\/p>\n<h3>Versatilidade em Todos os C\u00f4modos<\/h3>\n<figure style=\"width: 1024px\" class=\"wp-caption aligncenter\"><img decoding=\"async\" src=\"https:\/\/www.aarquiteta.com.br\/blog\/wp-content\/uploads\/2025\/03\/espelho-de-chao01.jpg\" alt=\"Espelho de Ch\u00e3o: Transforme sua Decora\u00e7\u00e3o com Estilo\" width=\"1024\" height=\"1024\" title=\"\"><figcaption class=\"wp-caption-text\">Espelho de Ch\u00e3o: Transforme sua Decora\u00e7\u00e3o com Estilo<\/figcaption><\/figure>\n<p>A beleza do espelho de ch\u00e3o \u00e9 a sua <b>versatilidade<\/b>. Esses espelhos ficam incr\u00edveis em qualquer c\u00f4modo! Desde a sala, onde promovem uma sensa\u00e7\u00e3o de amplitude, at\u00e9 o hall de entrada, que fica mais convidativo e sofisticado. Imagina receber visitas e j\u00e1 dar de cara com um espelho lindo? Um verdadeiro <b>cart\u00e3o de visitas<\/b>!<\/p>\n<p>Se voc\u00ea tem um quarto pequeno, a dica \u00e9 posicion\u00e1-lo de forma estrat\u00e9gica. \u00c9 como ter um segredo: ele cria a ilus\u00e3o de que o espa\u00e7o \u00e9 maior do que realmente \u00e9. E quem n\u00e3o gosta disso?<\/p>\n<h3>Estilos que Encantam<\/h3>\n<figure style=\"width: 1024px\" class=\"wp-caption aligncenter\"><img decoding=\"async\" src=\"https:\/\/www.aarquiteta.com.br\/blog\/wp-content\/uploads\/2025\/03\/espelho-de-chao-0.jpg\" alt=\"Inspire-se com essa pe\u00e7a na hora de decorar\" title=\"\"><figcaption class=\"wp-caption-text\">Inspire-se com essa pe\u00e7a na hora de decorar<\/figcaption><\/figure>\n<p>Outra coisa que eu adoro no espelho de ch\u00e3o \u00e9 que ele vem em diversos estilos e <b>cores<\/b>. Um espelho branco d\u00e1 um ar leve e arejado ao ambiente, enquanto um modelo preto traz sofistica\u00e7\u00e3o e contraste. \u00c9 o tipo de item que adiciona uma personalidade \u00fanica ao ambiente. Sou f\u00e3 das molduras r\u00fasticas de madeira que trazem aquele toque acolhedor!<\/p>\n<p>N\u00e3o d\u00e1 pra esquecer dos modelos coloridos, como o rosa ou o vintage. Voc\u00ea sabia que um <b>espelho vintage<\/b> pode se tornar o protagonista da sua sala? E oh, n\u00e3o me deixe come\u00e7ar a falar dos espelhos sem moldura\u2026 eles s\u00e3o chiques e super modernos.<\/p>\n<h3>Decora\u00e7\u00e3o Personalizada<\/h3>\n<figure style=\"width: 1024px\" class=\"wp-caption aligncenter\"><img decoding=\"async\" src=\"https:\/\/www.aarquiteta.com.br\/blog\/wp-content\/uploads\/2025\/03\/espelho-de-chao02.jpg\" alt=\"Espelho de Ch\u00e3o: Transforme sua Decora\u00e7\u00e3o com Estilo\" width=\"1024\" height=\"1024\" title=\"\"><figcaption class=\"wp-caption-text\">Espelho de Ch\u00e3o: Transforme sua Decora\u00e7\u00e3o com Estilo<\/figcaption><\/figure>\n<p>Eu sempre digo que decorar \u00e9 uma forma de trazer <b>sua ess\u00eancia<\/b> para dentro de casa. Por que n\u00e3o adornar seu espelho com algumas plantinhas ou pequenos objetos de decora\u00e7\u00e3o? Um vasinho de suculentas pode fazer toda a diferen\u00e7a. Eles n\u00e3o s\u00e3o apenas bonitos, mas trazem um ar mais aconchegante e relaxante ao espa\u00e7o!<\/p>\n<p>Uma boa dica \u00e9 mudar a disposi\u00e7\u00e3o dos espelhos conforme as esta\u00e7\u00f5es ou eventos. N\u00e3o tem nada mais divertido do que atualizar a decora\u00e7\u00e3o e perceber como pequenas mudan\u00e7as podem fazer um grande impacto. Isso d\u00e1 um ar de <b>novidade<\/b> \u00e0 sua casa.<\/p>\n<h3>Espelhos e Ilumina\u00e7\u00e3o: Uma Dupla Poderosa<\/h3>\n<figure style=\"width: 1024px\" class=\"wp-caption aligncenter\"><img decoding=\"async\" src=\"https:\/\/www.aarquiteta.com.br\/blog\/wp-content\/uploads\/2025\/03\/espelho-de-chao-1.jpg\" alt=\"Espelho de ch\u00e3o em diversos c\u00f4modos\" title=\"\"><figcaption class=\"wp-caption-text\">Espelho de ch\u00e3o em diversos c\u00f4modos<\/figcaption><\/figure>\n<p>E, claro, n\u00e3o poderia deixar de mencionar como os espelhos <b>interagem com a ilumina\u00e7\u00e3o<\/b>. Eles s\u00e3o \u00f3timos para refletir luz e criar ambientes mais claros e iluminados. Eu sou a pessoa que sempre busca locais estrat\u00e9gicos onde a luz natural entra, e um espelho pode amplificar essa sensa\u00e7\u00e3o. <\/p>\n<p>Imagina o reflexo de uma lumin\u00e1ria bonita? Ou aquele p\u00f4r do sol projetado no espelho enquanto voc\u00ea relaxa no sof\u00e1? \u00c9 poesia visual!<\/p>\n<h3>Concluindo<\/h3>\n<figure style=\"width: 1024px\" class=\"wp-caption aligncenter\"><img decoding=\"async\" src=\"https:\/\/www.aarquiteta.com.br\/blog\/wp-content\/uploads\/2025\/03\/espelho-de-chao03.jpg\" alt=\"Espelho de Ch\u00e3o: Transforme sua Decora\u00e7\u00e3o com Estilo\" width=\"1024\" height=\"1024\" title=\"\"><figcaption class=\"wp-caption-text\">Espelho de Ch\u00e3o: Transforme sua Decora\u00e7\u00e3o com Estilo<\/figcaption><\/figure>\n<p>Se voc\u00ea est\u00e1 pensando em mudar sua decora\u00e7\u00e3o, n\u00e3o se esque\u00e7a do <b>espelho de ch\u00e3o<\/b>. Essa pe\u00e7a pode ser a chave para transformar completamente o ambiente, trazendo n\u00e3o s\u00f3 beleza, mas tamb\u00e9m aconchego. E lembre-se, o importante \u00e9 que sua casa reflita quem voc\u00ea \u00e9!<\/p>\n<p>Agora que voc\u00ea j\u00e1 sabe como essa pe\u00e7a pode fazer m\u00e1gica na sua decora\u00e7\u00e3o, que tal experimentar? Se tiver d\u00favidas ou quiser compartilhar suas ideias, deixa um coment\u00e1rio aqui embaixo! Estou ansioso para ver como voc\u00ea vai revolucionar o seu espa\u00e7o!<\/p>\n<h3>Perguntas Frequentes<\/h3>\n<figure style=\"width: 1024px\" class=\"wp-caption aligncenter\"><img decoding=\"async\" src=\"https:\/\/www.aarquiteta.com.br\/blog\/wp-content\/uploads\/2025\/03\/espelho-de-chao-2-730x730.jpg\" alt=\"Espelho branco ideal para o quarto\" title=\"\"><figcaption class=\"wp-caption-text\">Espelho branco ideal para o quarto<\/figcaption><\/figure>\n<ul>\n<li><b>O espelho de ch\u00e3o \u00e9 apropriado para pequenos espa\u00e7os?<\/b> Sim, ele pode criar a ilus\u00e3o de maior amplitude!<\/li>\n<li><b>Como decorar ao redor do espelho de ch\u00e3o?<\/b> Plantas, velas e quadros pequenos s\u00e3o \u00f3timas op\u00e7\u00f5es!<\/li>\n<li><b>Qual estilo de espelho combina com uma decora\u00e7\u00e3o minimalista?<\/b> Espelhos sem moldura ou com moldura bem simples funcionam muito bem!<\/li>\n<\/ul>\n<figure style=\"width: 1024px\" class=\"wp-caption aligncenter\"><img decoding=\"async\" src=\"https:\/\/www.aarquiteta.com.br\/blog\/wp-content\/uploads\/2025\/03\/espelho-de-chao4.jpg\" alt=\"Espelho de Ch\u00e3o: Transforme sua Decora\u00e7\u00e3o com Estilo\" width=\"1024\" height=\"1024\" title=\"\"><figcaption class=\"wp-caption-text\">Espelho de Ch\u00e3o: Transforme sua Decora\u00e7\u00e3o com Estilo<\/figcaption><\/figure>\n<figure style=\"width: 1024px\" class=\"wp-caption aligncenter\"><img decoding=\"async\" src=\"https:\/\/www.aarquiteta.com.br\/blog\/wp-content\/uploads\/2025\/03\/espelho-de-chao-3.jpg\" alt=\"Espelho preto para uma decora\u00e7\u00e3o sofisticada\" title=\"\"><figcaption class=\"wp-caption-text\">Espelho preto para uma decora\u00e7\u00e3o sofisticada<\/figcaption><\/figure>\n<h3>Para se aprofundar mais sobre o tema, veja a minha recomenda\u00e7\u00e3o sobre o tema deste artigo no v\u00eddeo a seguir abaixo:<\/h3>\n<p><iframe title=\"YouTube video player\" src=\"https:\/\/www.youtube.com\/embed\/vHp-ugnTRJc\" width=\"560\" height=\"315\" frameborder=\"0\" allowfullscreen=\"allowfullscreen\"><\/iframe><\/p>\n<figure style=\"width: 1024px\" class=\"wp-caption aligncenter\"><img decoding=\"async\" src=\"https:\/\/www.aarquiteta.com.br\/blog\/wp-content\/uploads\/2025\/03\/espelho-de-chao-4-730x726.jpg\" alt=\"Ideal para sua sala de estar\" title=\"\"><figcaption class=\"wp-caption-text\">Ideal para sua sala de estar<\/figcaption><\/figure>\n","protected":false},"excerpt":{"rendered":"<p>Saiba como usar o espelho de ch\u00e3o na sua decora\u00e7\u00e3o, com inspira\u00e7\u00f5es que v\u00e3o deixar sua casa mais charmosa e estilosa.<\/p>\n","protected":false},"author":102,"featured_media":145928,"comment_status":"open","ping_status":"","sticky":false,"template":"","format":"standard","meta":{"footnotes":""},"categories":[1484],"tags":[],"class_list":["post-145935","post","type-post","status-publish","format-standard","has-post-thumbnail","category-decoracao"],"_wp_attached_file":null,"_wp_attachment_metadata":null,"_wp_attachment_context":null,"_wp_attachment_is_custom_header":null,"geo_longitude":null,"geo_public":null,"geo_latitude":null,"_publicize_done_external":null,"_wpas_done_3897181":null,"publicize_twitter_user":null,"_wpas_done_3897175":null,"_wpas_skip_3897181":null,"_wpas_skip_3897175":null,"_wpas_skip_3924723":null,"_wpas_mess":null,"_wpas_done_3924723":null,"wps_subtitle":"","_links":{"self":[{"href":"https:\/\/www.aarquiteta.com.br\/blog\/wp-json\/wp\/v2\/posts\/145935","targetHints":{"allow":["GET"]}}],"collection":[{"href":"https:\/\/www.aarquiteta.com.br\/blog\/wp-json\/wp\/v2\/posts"}],"about":[{"href":"https:\/\/www.aarquiteta.com.br\/blog\/wp-json\/wp\/v2\/types\/post"}],"author":[{"embeddable":true,"href":"https:\/\/www.aarquiteta.com.br\/blog\/wp-json\/wp\/v2\/users\/102"}],"replies":[{"embeddable":true,"href":"https:\/\/www.aarquiteta.com.br\/blog\/wp-json\/wp\/v2\/comments?post=145935"}],"version-history":[{"count":0,"href":"https:\/\/www.aarquiteta.com.br\/blog\/wp-json\/wp\/v2\/posts\/145935\/revisions"}],"wp:featuredmedia":[{"embeddable":true,"href":"https:\/\/www.aarquiteta.com.br\/blog\/wp-json\/wp\/v2\/media\/145928"}],"wp:attachment":[{"href":"https:\/\/www.aarquiteta.com.br\/blog\/wp-json\/wp\/v2\/media?parent=145935"}],"wp:term":[{"taxonomy":"category","embeddable":true,"href":"https:\/\/www.aarquiteta.com.br\/blog\/wp-json\/wp\/v2\/categories?post=145935"},{"taxonomy":"post_tag","embeddable":true,"href":"https:\/\/www.aarquiteta.com.br\/blog\/wp-json\/wp\/v2\/tags?post=145935"}],"curies":[{"name":"wp","href":"https:\/\/api.w.org\/{rel}","templated":true}]}}