{"id":145924,"date":"2025-03-03T17:49:34","date_gmt":"2025-03-03T20:49:34","guid":{"rendered":"https:\/\/www.aarquiteta.com.br\/blog\/modelos-teto-gesso\/"},"modified":"2025-03-03T17:49:34","modified_gmt":"2025-03-03T20:49:34","slug":"modelos-teto-gesso","status":"publish","type":"post","link":"https:\/\/www.aarquiteta.com.br\/blog\/modelos-teto-gesso\/","title":{"rendered":"Transforme sua Sala: Descubra os Modelos de Teto de Gesso que Valorizar\u00e3o seu Espa\u00e7o!"},"content":{"rendered":"<p>Que tal revolucionar a sua sala com <b>tetos de gesso<\/b>? Esses modelos n\u00e3o apenas trazem sofistica\u00e7\u00e3o, mas tamb\u00e9m s\u00e3o pr\u00e1ticos e econ\u00f4micos. Vamos explorar juntos op\u00e7\u00f5es que v\u00e3o valorizar seu ambiente e deixar todo mundo impressionado!<\/p>\n<h2>Introdu\u00e7\u00e3o<\/h2>\n<p>O uso do <b>teto de gesso<\/b> na decora\u00e7\u00e3o de interiores vem ganhando cada vez mais espa\u00e7o nos lares brasileiros. Eles trazem um toque de eleg\u00e2ncia, permitindo diversas op\u00e7\u00f5es de design e ilumina\u00e7\u00e3o. Vamos descobrir como esse material pode transformar sua sala num instante!<\/p>\n<h3>Por que optar pelo teto de gesso?<\/h3>\n<figure style=\"width: 1024px\" class=\"wp-caption aligncenter\"><img decoding=\"async\" src=\"https:\/\/www.aarquiteta.com.br\/blog\/wp-content\/uploads\/2025\/03\/decoracao-com-gesso-ambientes-integrados-harmonia-decorativa-1024x563.jpg\" alt=\"Ambiente decorado que integra gesso e verticalidade ao espa\u00e7o.\" title=\"\"><figcaption class=\"wp-caption-text\">Ambiente decorado que integra gesso e verticalidade ao espa\u00e7o.<\/figcaption><\/figure>\n<p>Voc\u00ea sabia que o gesso \u00e9 capaz de <b>esconder imperfei\u00e7\u00f5es<\/b> e ainda embelezar o ambiente? Al\u00e9m disso, ele \u00e9 super vers\u00e1til e abrange diferentes estilos de decora\u00e7\u00e3o. Um teto de gesso rebaixado pode ser a solu\u00e7\u00e3o perfeita para dar um ar moderno ao seu espa\u00e7o. N\u00e3o \u00e9 \u00e0 toa que muitas pessoas est\u00e3o aderindo a essa tend\u00eancia!<\/p>\n<h3>Estilos de tetos de gesso<\/h3>\n<figure style=\"width: 1024px\" class=\"wp-caption aligncenter\"><img decoding=\"async\" src=\"https:\/\/www.aarquiteta.com.br\/blog\/wp-content\/uploads\/2025\/03\/modelos-teto-gesso01.jpg\" alt=\"Modelos de Teto de Gesso para Sala: Inspire-se com essas Fotos!\" width=\"1024\" height=\"1024\" title=\"\"><figcaption class=\"wp-caption-text\">Modelos de Teto de Gesso para Sala: Inspire-se com essas Fotos!<\/figcaption><\/figure>\n<p>A variedade de <b>modelos de teto de gesso<\/b> dispon\u00edveis \u00e9 impressionante! Desde os mais simples at\u00e9 os decorados com detalhes sofisticados, tem op\u00e7\u00e3o para todos os gostos. Que tal escolher um design que combine com o seu estilo pessoal? Abaixo, algumas sugest\u00f5es:<\/p>\n<ul>\n<li>Tetos rebaixados com ilumina\u00e7\u00e3o embutida<\/li>\n<li>Sancas decorativas para um toque cl\u00e1ssico<\/li>\n<li>Formas geom\u00e9tricas que trazem modernidade<\/li>\n<\/ul>\n<h3>Ilumina\u00e7\u00e3o: um grande aliado<\/h3>\n<figure style=\"width: 1024px\" class=\"wp-caption aligncenter\"><img decoding=\"async\" src=\"https:\/\/www.aarquiteta.com.br\/blog\/wp-content\/uploads\/2025\/03\/sanca-de-gesso-com-led-1-1200x686.webp\" alt=\"Sanca de gesso com LED que ilumina o ambiente com eleg\u00e2ncia.\" title=\"\"><figcaption class=\"wp-caption-text\">Sanca de gesso com LED que ilumina o ambiente com eleg\u00e2ncia.<\/figcaption><\/figure>\n<p>A combina\u00e7\u00e3o de <b>ilumina\u00e7\u00e3o<\/b> com o teto de gesso pode fazer toda a diferen\u00e7a na sua sala. Apostar em spots e luzes direcionadas n\u00e3o s\u00f3 torna o ambiente mais aconchegante, mas tamb\u00e9m destaca os detalhes da decora\u00e7\u00e3o. Imagine reunir a fam\u00edlia \u00e0 noite em um espa\u00e7o bem iluminado e acolhedor!<\/p>\n<h3>Decora\u00e7\u00e3o integrada: a versatilidade do gesso<\/h3>\n<figure style=\"width: 1024px\" class=\"wp-caption aligncenter\"><img decoding=\"async\" src=\"https:\/\/www.aarquiteta.com.br\/blog\/wp-content\/uploads\/2025\/03\/modelos-teto-gesso02.jpg\" alt=\"Modelos de Teto de Gesso para Sala: Inspire-se com essas Fotos!\" width=\"1024\" height=\"1024\" title=\"\"><figcaption class=\"wp-caption-text\">Modelos de Teto de Gesso para Sala: Inspire-se com essas Fotos!<\/figcaption><\/figure>\n<p>O <b>gesso<\/b> n\u00e3o se limita apenas aos tetos. Existem outras formas de integr\u00e1-lo \u00e0 sua decora\u00e7\u00e3o! Molduras, sancas e at\u00e9 prateleiras podem ser feitas de gesso, conferindo uma apar\u00eancia limpa e harmoniosa ao ambiente. Fica a dica: a combina\u00e7\u00e3o de diferentes elementos de gesso pode criar um espa\u00e7o \u00fanico e personalizado!<\/p>\n<h2>Tend\u00eancias em tetos de gesso<\/h2>\n<p>Fique de olho nas <b>tend\u00eancias<\/b> atuais! O gesso est\u00e1 se reinventando e pode ser utilizado de maneiras que voc\u00ea nunca imaginou. Formas arrojadas, acabamentos texturizados e cores al\u00e9m do tradicional branco s\u00e3o algumas das novidades que est\u00e3o fazendo sucesso. Se joga nessas ideias e transforme sua sala!<\/p>\n<h3>O que considerar ao escolher o teto de gesso ideal?<\/h3>\n<figure style=\"width: 1024px\" class=\"wp-caption aligncenter\"><img decoding=\"async\" src=\"https:\/\/www.aarquiteta.com.br\/blog\/wp-content\/uploads\/2025\/03\/vantagens-do-gesso-1-1024x563.jpg\" alt=\"Modelo que exibe as vantagens do uso do gesso na decora\u00e7\u00e3o.\" title=\"\"><figcaption class=\"wp-caption-text\">Modelo que exibe as vantagens do uso do gesso na decora\u00e7\u00e3o.<\/figcaption><\/figure>\n<p>Antes de decidir, leve em conta a <b>altura do teto<\/b> e o estilo da sua sala. Optar por um teto rebaixado pode dar a sensa\u00e7\u00e3o de aconchego, enquanto sancas decorativas criam um efeito elegante. N\u00e3o se esque\u00e7a tamb\u00e9m da ilumina\u00e7\u00e3o: ela pode real\u00e7ar todo o trabalho feito com o gesso!<\/p>\n<h2>Resumo e Conclus\u00e3o<\/h2>\n<p>Os <b>modelos de teto de gesso<\/b> para sala s\u00e3o uma forma pr\u00e1tica e estilosa de agregar valor ao seu espa\u00e7o. Eles permitem in\u00fameras possibilidades de decora\u00e7\u00e3o, desde o mais simples at\u00e9 o mais decorado. Aproveite as tend\u00eancias e explore sua criatividade na hora de decidir.<\/p>\n<p>N\u00e3o esque\u00e7a de deixar seus coment\u00e1rios ou d\u00favidas sobre o tema aqui embaixo! Estou aqui para ajudar e vamos juntos transformar sua sala em um ambiente incr\u00edvel!<\/p>\n<h3>Perguntas Frequentes<\/h3>\n<figure style=\"width: 1024px\" class=\"wp-caption aligncenter\"><img decoding=\"async\" src=\"https:\/\/www.aarquiteta.com.br\/blog\/wp-content\/uploads\/2025\/03\/modelos-teto-gesso03.jpg\" alt=\"Modelos de Teto de Gesso para Sala: Inspire-se com essas Fotos!\" width=\"1024\" height=\"1024\" title=\"\"><figcaption class=\"wp-caption-text\">Modelos de Teto de Gesso para Sala: Inspire-se com essas Fotos!<\/figcaption><\/figure>\n<ul>\n<li>Quais s\u00e3o os principais modelos de teto de gesso para sala?<\/li>\n<li>Como a ilumina\u00e7\u00e3o influencia no teto de gesso?<\/li>\n<li>Quais cuidados devo ter na manuten\u00e7\u00e3o do gesso?<\/li>\n<\/ul>\n<p>Vamos transformar sua sala? \ud83d\udecb\ufe0f\u2728<\/p>\n<figure style=\"width: 1024px\" class=\"wp-caption aligncenter\"><img decoding=\"async\" src=\"https:\/\/www.aarquiteta.com.br\/blog\/wp-content\/uploads\/2025\/03\/teto-de-gesso-moderno-1024x563.jpg\" alt=\"Cen\u00e1rio moderno com teto de gesso, destacando a est\u00e9tica contempor\u00e2nea.\" title=\"\"><figcaption class=\"wp-caption-text\">Cen\u00e1rio moderno com teto de gesso, destacando a est\u00e9tica contempor\u00e2nea.<\/figcaption><\/figure>\n<figure style=\"width: 1024px\" class=\"wp-caption aligncenter\"><img decoding=\"async\" src=\"https:\/\/www.aarquiteta.com.br\/blog\/wp-content\/uploads\/2025\/03\/modelos-teto-gesso4.jpg\" alt=\"Modelos de Teto de Gesso para Sala: Inspire-se com essas Fotos!\" width=\"1024\" height=\"1024\" title=\"\"><figcaption class=\"wp-caption-text\">Modelos de Teto de Gesso para Sala: Inspire-se com essas Fotos!<\/figcaption><\/figure>\n<figure style=\"width: 1024px\" class=\"wp-caption aligncenter\"><img decoding=\"async\" src=\"https:\/\/www.aarquiteta.com.br\/blog\/wp-content\/uploads\/2025\/03\/teto-de-gesso-simples-1024x563.jpg\" alt=\"Teto de gesso simples que refor\u00e7a um visual clean e vers\u00e1til.\" title=\"\"><figcaption class=\"wp-caption-text\">Teto de gesso simples que refor\u00e7a um visual clean e vers\u00e1til.<\/figcaption><\/figure>\n<h3>Para se aprofundar mais sobre o tema, veja a minha recomenda\u00e7\u00e3o sobre o tema deste artigo no v\u00eddeo a seguir abaixo:<\/h3>\n<p><iframe title=\"YouTube video player\" src=\"https:\/\/www.youtube.com\/embed\/OW65eANGeAY\" width=\"560\" height=\"315\" frameborder=\"0\" allowfullscreen=\"allowfullscreen\"><\/iframe><\/p>\n<figure style=\"width: 1024px\" class=\"wp-caption aligncenter\"><img decoding=\"async\" src=\"https:\/\/www.aarquiteta.com.br\/blog\/wp-content\/uploads\/2025\/03\/iluminacao-no-teto-de-gesso-1024x563.jpg\" alt=\"Modelagem que mostra a ilumina\u00e7\u00e3o embutida no teto de gesso.\" title=\"\"><figcaption class=\"wp-caption-text\">Modelagem que mostra a ilumina\u00e7\u00e3o embutida no teto de gesso.<\/figcaption><\/figure>\n","protected":false},"excerpt":{"rendered":"<p>Descubra como usar tetos de gesso para transformar sua sala com eleg\u00e2ncia e funcionalidade. Inspire-se com nossas ideias e dicas.<\/p>\n","protected":false},"author":102,"featured_media":145916,"comment_status":"open","ping_status":"","sticky":false,"template":"","format":"standard","meta":{"footnotes":""},"categories":[1484],"tags":[],"class_list":["post-145924","post","type-post","status-publish","format-standard","has-post-thumbnail","category-decoracao"],"_wp_attached_file":null,"_wp_attachment_metadata":null,"_wp_attachment_context":null,"_wp_attachment_is_custom_header":null,"geo_longitude":null,"geo_public":null,"geo_latitude":null,"_publicize_done_external":null,"_wpas_done_3897181":null,"publicize_twitter_user":null,"_wpas_done_3897175":null,"_wpas_skip_3897181":null,"_wpas_skip_3897175":null,"_wpas_skip_3924723":null,"_wpas_mess":null,"_wpas_done_3924723":null,"wps_subtitle":"","_links":{"self":[{"href":"https:\/\/www.aarquiteta.com.br\/blog\/wp-json\/wp\/v2\/posts\/145924","targetHints":{"allow":["GET"]}}],"collection":[{"href":"https:\/\/www.aarquiteta.com.br\/blog\/wp-json\/wp\/v2\/posts"}],"about":[{"href":"https:\/\/www.aarquiteta.com.br\/blog\/wp-json\/wp\/v2\/types\/post"}],"author":[{"embeddable":true,"href":"https:\/\/www.aarquiteta.com.br\/blog\/wp-json\/wp\/v2\/users\/102"}],"replies":[{"embeddable":true,"href":"https:\/\/www.aarquiteta.com.br\/blog\/wp-json\/wp\/v2\/comments?post=145924"}],"version-history":[{"count":0,"href":"https:\/\/www.aarquiteta.com.br\/blog\/wp-json\/wp\/v2\/posts\/145924\/revisions"}],"wp:featuredmedia":[{"embeddable":true,"href":"https:\/\/www.aarquiteta.com.br\/blog\/wp-json\/wp\/v2\/media\/145916"}],"wp:attachment":[{"href":"https:\/\/www.aarquiteta.com.br\/blog\/wp-json\/wp\/v2\/media?parent=145924"}],"wp:term":[{"taxonomy":"category","embeddable":true,"href":"https:\/\/www.aarquiteta.com.br\/blog\/wp-json\/wp\/v2\/categories?post=145924"},{"taxonomy":"post_tag","embeddable":true,"href":"https:\/\/www.aarquiteta.com.br\/blog\/wp-json\/wp\/v2\/tags?post=145924"}],"curies":[{"name":"wp","href":"https:\/\/api.w.org\/{rel}","templated":true}]}}