{"id":145911,"date":"2025-03-03T13:41:54","date_gmt":"2025-03-03T16:41:54","guid":{"rendered":"https:\/\/www.aarquiteta.com.br\/blog\/escolher-cores-fachada-casa\/"},"modified":"2025-03-03T13:41:54","modified_gmt":"2025-03-03T16:41:54","slug":"escolher-cores-fachada-casa","status":"publish","type":"post","link":"https:\/\/www.aarquiteta.com.br\/blog\/escolher-cores-fachada-casa\/","title":{"rendered":"Como Escolher as Cores Ideais para a Fachada da Sua Casa"},"content":{"rendered":"<p><body><\/p>\n<p><b>Escolher as cores certas para a fachada da sua casa<\/b> pode fazer toda a diferen\u00e7a na est\u00e9tica e valoriza\u00e7\u00e3o do im\u00f3vel. Quer saber como acertar? Vem comigo!<\/p>\n<h3>Entenda o impacto das cores na fachada<\/h3>\n<figure style=\"width: 1024px\" class=\"wp-caption aligncenter\"><img decoding=\"async\" src=\"https:\/\/www.aarquiteta.com.br\/blog\/wp-content\/uploads\/2025\/03\/escolher-cores-fachada-casa04.jpg\" alt=\"Como Escolher as Cores Ideais para a Fachada da Sua Casa\" width=\"1024\" height=\"1024\" title=\"\"><figcaption class=\"wp-caption-text\">Como Escolher as Cores Ideais para a Fachada da Sua Casa<\/figcaption><\/figure>\n<p>Voc\u00ea j\u00e1 reparou como algumas casas parecem aconchegantes s\u00f3 de olhar? Isso acontece porque <b>as cores transmitem sensa\u00e7\u00f5es<\/b>. Tons claros trazem leveza, enquanto os escuros podem criar um ar sofisticado e moderno.<\/p>\n<p>Se voc\u00ea deseja que sua casa pare\u00e7a maior, opte por <b>tons neutros e suaves<\/b>. Agora, se quer ousar, detalhes em cores vibrantes podem dar aquele toque especial.<\/p>\n<h3>Considere o estilo arquitet\u00f4nico da sua casa<\/h3>\n<figure style=\"width: 1024px\" class=\"wp-caption aligncenter\"><img decoding=\"async\" src=\"https:\/\/www.aarquiteta.com.br\/blog\/wp-content\/uploads\/2025\/03\/escolher-cores-fachada-casa03.jpg\" alt=\"Como Escolher as Cores Ideais para a Fachada da Sua Casa\" width=\"1024\" height=\"1024\" title=\"\"><figcaption class=\"wp-caption-text\">Como Escolher as Cores Ideais para a Fachada da Sua Casa<\/figcaption><\/figure>\n<p>O estilo da casa influencia diretamente na escolha das cores. Imagina uma casa de campo pintada de preto? Nada a ver, n\u00e9? Para um visual equilibrado, escolha tons que <b>combinem com a estrutura e o design<\/b>.<\/p>\n<p>Casas modernas ficam incr\u00edveis com cinza, branco e preto. J\u00e1 casas r\u00fasticas pedem <b>tons terrosos<\/b>, como bege, marrom e verde musgo.<\/p>\n<h3>Harmonia com o entorno \u00e9 essencial<\/h3>\n<figure style=\"width: 1024px\" class=\"wp-caption aligncenter\"><img decoding=\"async\" src=\"https:\/\/www.aarquiteta.com.br\/blog\/wp-content\/uploads\/2025\/03\/escolher-cores-fachada-casa02.jpg\" alt=\"Como Escolher as Cores Ideais para a Fachada da Sua Casa\" width=\"1024\" height=\"1024\" title=\"\"><figcaption class=\"wp-caption-text\">Como Escolher as Cores Ideais para a Fachada da Sua Casa<\/figcaption><\/figure>\n<p>Olhe ao redor! Sua casa precisa conversar com a vizinhan\u00e7a. Se o bairro tem constru\u00e7\u00f5es coloridas, voc\u00ea pode arriscar mais. Em regi\u00f5es com casas neutras, exagerar na cor pode destoar demais.<\/p>\n<p>Quer que sua casa se destaque? Use <b>contrastes sutis<\/b> para valorizar a fachada sem parecer um outdoor ambulante.<\/p>\n<h3>Use combina\u00e7\u00f5es inteligentes<\/h3>\n<figure style=\"width: 1024px\" class=\"wp-caption aligncenter\"><img decoding=\"async\" src=\"https:\/\/www.aarquiteta.com.br\/blog\/wp-content\/uploads\/2025\/03\/escolher-cores-fachada-casa01.jpg\" alt=\"Como Escolher as Cores Ideais para a Fachada da Sua Casa\" width=\"1024\" height=\"1024\" title=\"\"><figcaption class=\"wp-caption-text\">Como Escolher as Cores Ideais para a Fachada da Sua Casa<\/figcaption><\/figure>\n<p>Combinar cores n\u00e3o \u00e9 um bicho de sete cabe\u00e7as. O truque \u00e9 escolher uma cor principal e duas secund\u00e1rias para detalhes, como janelas e portas.<\/p>\n<p>Uma fachada bege com portas brancas e detalhes em madeira, por exemplo, cria um <b>efeito elegante e atemporal<\/b>.<\/p>\n<h3>Testar antes de pintar evita arrependimentos<\/h3>\n<p>J\u00e1 viu uma cor linda no cat\u00e1logo, mas, ao pintar, parecia outra coisa? A ilumina\u00e7\u00e3o altera a percep\u00e7\u00e3o da cor!<\/p>\n<p>O ideal \u00e9 testar pequenas \u00e1reas antes de pintar tudo. Assim, voc\u00ea garante que <b>a tonalidade escolhida seja realmente a ideal<\/b>.<\/p>\n<h3>Aten\u00e7\u00e3o \u00e0 durabilidade e manuten\u00e7\u00e3o<\/h3>\n<h3>Assista agora a minha recomenda\u00e7\u00e3o de video abaixo sobre o tema que estamos tratando neste artigo: <\/h3>\n<p><div class=\"youtube-embed\" data-video_id=\"8NclEeVB9j8\"><iframe title=\"FACHADA DE CASAS E FACHADA DE MURO - COMO ESCOLHER CORES PARA FACHADA DE FORMA SIMPLES\" width=\"696\" height=\"392\" src=\"https:\/\/www.youtube.com\/embed\/8NclEeVB9j8?feature=oembed&#038;enablejsapi=1\" frameborder=\"0\" allow=\"accelerometer; autoplay; clipboard-write; encrypted-media; gyroscope; picture-in-picture; web-share\" referrerpolicy=\"strict-origin-when-cross-origin\" allowfullscreen><\/iframe><\/div>\n<\/p>\n<p>Nem s\u00f3 de beleza vive uma fachada. Algumas cores desbotam mais r\u00e1pido, especialmente as muito escuras. Se sua casa bate muito sol, prefira tons claros, que refletem melhor a luz.<\/p>\n<p>Al\u00e9m disso, pense na manuten\u00e7\u00e3o. Cores muito vibrantes podem exigir <b>repintura mais frequente<\/b>.<\/p>\n<h3>Conclus\u00e3o<\/h3>\n<p>Agora que voc\u00ea j\u00e1 sabe como <b>escolher as cores ideais para a fachada da sua casa<\/b>, \u00e9 hora de colocar em pr\u00e1tica! Lembre-se de considerar o estilo, o entorno e a durabilidade para acertar na escolha.<\/p>\n<p>Com um pouco de planejamento e criatividade, sua casa pode se tornar a mais bonita da rua \u2014 e sem arrependimentos!<\/p>\n<p><\/body><\/p>\n","protected":false},"excerpt":{"rendered":"<p>Aprenda a selecionar as cores que valorizam a fachada da sua casa, seja ela moderna ou de campo, criando harmonia com o entorno.<\/p>\n","protected":false},"author":102,"featured_media":145908,"comment_status":"open","ping_status":"","sticky":false,"template":"","format":"standard","meta":{"footnotes":""},"categories":[1484,971,18792,18794],"tags":[],"class_list":["post-145911","post","type-post","status-publish","format-standard","has-post-thumbnail","category-decoracao","category-design-de-interiores","category-decoracao-de-apartamento","category-projetos-de-decoracao-de-casas"],"_wp_attached_file":null,"_wp_attachment_metadata":null,"_wp_attachment_context":null,"_wp_attachment_is_custom_header":null,"geo_longitude":null,"geo_public":null,"geo_latitude":null,"_publicize_done_external":null,"_wpas_done_3897181":null,"publicize_twitter_user":null,"_wpas_done_3897175":null,"_wpas_skip_3897181":null,"_wpas_skip_3897175":null,"_wpas_skip_3924723":null,"_wpas_mess":null,"_wpas_done_3924723":null,"wps_subtitle":"","_links":{"self":[{"href":"https:\/\/www.aarquiteta.com.br\/blog\/wp-json\/wp\/v2\/posts\/145911","targetHints":{"allow":["GET"]}}],"collection":[{"href":"https:\/\/www.aarquiteta.com.br\/blog\/wp-json\/wp\/v2\/posts"}],"about":[{"href":"https:\/\/www.aarquiteta.com.br\/blog\/wp-json\/wp\/v2\/types\/post"}],"author":[{"embeddable":true,"href":"https:\/\/www.aarquiteta.com.br\/blog\/wp-json\/wp\/v2\/users\/102"}],"replies":[{"embeddable":true,"href":"https:\/\/www.aarquiteta.com.br\/blog\/wp-json\/wp\/v2\/comments?post=145911"}],"version-history":[{"count":0,"href":"https:\/\/www.aarquiteta.com.br\/blog\/wp-json\/wp\/v2\/posts\/145911\/revisions"}],"wp:featuredmedia":[{"embeddable":true,"href":"https:\/\/www.aarquiteta.com.br\/blog\/wp-json\/wp\/v2\/media\/145908"}],"wp:attachment":[{"href":"https:\/\/www.aarquiteta.com.br\/blog\/wp-json\/wp\/v2\/media?parent=145911"}],"wp:term":[{"taxonomy":"category","embeddable":true,"href":"https:\/\/www.aarquiteta.com.br\/blog\/wp-json\/wp\/v2\/categories?post=145911"},{"taxonomy":"post_tag","embeddable":true,"href":"https:\/\/www.aarquiteta.com.br\/blog\/wp-json\/wp\/v2\/tags?post=145911"}],"curies":[{"name":"wp","href":"https:\/\/api.w.org\/{rel}","templated":true}]}}