{"id":145900,"date":"2025-03-03T12:16:53","date_gmt":"2025-03-03T15:16:53","guid":{"rendered":"https:\/\/www.aarquiteta.com.br\/blog\/espelho-organico-design-natural\/"},"modified":"2025-03-03T12:16:53","modified_gmt":"2025-03-03T15:16:53","slug":"espelho-organico-design-natural","status":"publish","type":"post","link":"https:\/\/www.aarquiteta.com.br\/blog\/espelho-organico-design-natural\/","title":{"rendered":"Espelho Org\u00e2nico: Design Natural e Sofisticado para Seu Espa\u00e7o"},"content":{"rendered":"<p><body><\/p>\n<p><b>Voc\u00ea j\u00e1 percebeu como um simples detalhe pode transformar completamente a decora\u00e7\u00e3o da sua sala?<\/b> O <b>espelho org\u00e2nico<\/b> faz exatamente isso: adiciona <b>sofistica\u00e7\u00e3o, leveza e um toque natural<\/b> ao seu ambiente sem esfor\u00e7o.<\/p>\n<h3>O que \u00e9 um espelho org\u00e2nico?<\/h3>\n<figure style=\"width: 1024px\" class=\"wp-caption aligncenter\"><img decoding=\"async\" src=\"https:\/\/www.aarquiteta.com.br\/blog\/wp-content\/uploads\/2025\/03\/espelho-organico-design-natural04.jpg\" alt=\"Espelho Org\u00e2nico: Design Natural e Sofisticado para Seu Espa\u00e7o\" width=\"1024\" height=\"1024\" title=\"\"><figcaption class=\"wp-caption-text\">Espelho Org\u00e2nico: Design Natural e Sofisticado para Seu Espa\u00e7o<\/figcaption><\/figure>\n<p>O <b>espelho org\u00e2nico<\/b> foge do tradicional formato quadrado ou redondo. Com bordas fluidas e curvas naturais, ele se inspira na beleza da natureza.<\/p>\n<p>Esse design inovador traz um ar moderno e descontra\u00eddo, ideal para quem quer uma <b>decora\u00e7\u00e3o sofisticada, mas sem rigidez.<\/b><\/p>\n<h3>Por que o espelho org\u00e2nico est\u00e1 t\u00e3o em alta?<\/h3>\n<figure style=\"width: 1024px\" class=\"wp-caption aligncenter\"><img decoding=\"async\" src=\"https:\/\/www.aarquiteta.com.br\/blog\/wp-content\/uploads\/2025\/03\/espelho-organico-design-natural03.jpg\" alt=\"Espelho Org\u00e2nico: Design Natural e Sofisticado para Seu Espa\u00e7o\" width=\"1024\" height=\"1024\" title=\"\"><figcaption class=\"wp-caption-text\">Espelho Org\u00e2nico: Design Natural e Sofisticado para Seu Espa\u00e7o<\/figcaption><\/figure>\n<p>A tend\u00eancia dos <b>elementos naturais<\/b> na decora\u00e7\u00e3o nunca esteve t\u00e3o forte. Isso porque buscamos cada vez mais ambientes leves e aconchegantes.<\/p>\n<p>O <b>espelho org\u00e2nico<\/b> reflete essa necessidade, trazendo movimento e fluidez para qualquer espa\u00e7o, sem perder a eleg\u00e2ncia.<\/p>\n<h3>Como escolher o espelho org\u00e2nico ideal?<\/h3>\n<figure style=\"width: 1024px\" class=\"wp-caption aligncenter\"><img decoding=\"async\" src=\"https:\/\/www.aarquiteta.com.br\/blog\/wp-content\/uploads\/2025\/03\/espelho-organico-design-natural02.jpg\" alt=\"Espelho Org\u00e2nico: Design Natural e Sofisticado para Seu Espa\u00e7o\" width=\"1024\" height=\"1024\" title=\"\"><figcaption class=\"wp-caption-text\">Espelho Org\u00e2nico: Design Natural e Sofisticado para Seu Espa\u00e7o<\/figcaption><\/figure>\n<p>Antes de qualquer coisa, pense no <b>tamanho e formato<\/b>. Se a ideia \u00e9 ampliar o ambiente, um modelo maior pode ser a melhor aposta.<\/p>\n<p>Outra dica importante \u00e9 observar a <b>moldura<\/b>. Existem op\u00e7\u00f5es com bordas delicadas em madeira ou metal, tornando o espelho ainda mais sofisticado.<\/p>\n<h3>Onde usar o espelho org\u00e2nico?<\/h3>\n<figure style=\"width: 1024px\" class=\"wp-caption aligncenter\"><img decoding=\"async\" src=\"https:\/\/www.aarquiteta.com.br\/blog\/wp-content\/uploads\/2025\/03\/espelho-organico-design-natural01.jpg\" alt=\"Espelho Org\u00e2nico: Design Natural e Sofisticado para Seu Espa\u00e7o\" width=\"1024\" height=\"1024\" title=\"\"><figcaption class=\"wp-caption-text\">Espelho Org\u00e2nico: Design Natural e Sofisticado para Seu Espa\u00e7o<\/figcaption><\/figure>\n<p>No <b>hall de entrada<\/b>, ele causa uma \u00f3tima primeira impress\u00e3o. Na <b>sala de estar<\/b>, destaca-se como pe\u00e7a principal da decora\u00e7\u00e3o.<\/p>\n<p>No <b>quarto<\/b>, al\u00e9m de decorar, traz sensa\u00e7\u00e3o de conforto e amplia\u00e7\u00e3o do espa\u00e7o. No <b>banheiro<\/b>, d\u00e1 um toque moderno e \u00fanico.<\/p>\n<h3>Combina com qualquer estilo de decora\u00e7\u00e3o?<\/h3>\n<p>Seja um ambiente <b>minimalista, r\u00fastico ou moderno<\/b>, o <b>espelho org\u00e2nico<\/b> se adapta com facilidade.<\/p>\n<p>Ele une a sutileza das curvas com um design elegante que faz toda a diferen\u00e7a no visual do ambiente.<\/p>\n<h3>Dicas para real\u00e7ar o efeito do espelho org\u00e2nico<\/h3>\n<h3>Assista agora a minha recomenda\u00e7\u00e3o de video abaixo sobre o tema que estamos tratando neste artigo: <\/h3>\n<p><div class=\"youtube-embed\" data-video_id=\"gHV0H1BNJgE\"><iframe title=\"Espelho Org\u00e2nico Grande para Sala \ud83e\ude9e\u2728 | Eleg\u00e2ncia e Naturalidade no Seu Ambiente \ud83c\udfe1 #design #sala\" width=\"696\" height=\"392\" src=\"https:\/\/www.youtube.com\/embed\/gHV0H1BNJgE?feature=oembed&#038;enablejsapi=1\" frameborder=\"0\" allow=\"accelerometer; autoplay; clipboard-write; encrypted-media; gyroscope; picture-in-picture; web-share\" referrerpolicy=\"strict-origin-when-cross-origin\" allowfullscreen><\/iframe><\/div>\n<\/p>\n<p>Posicionar o espelho estrategicamente para <b>refletir a luz natural<\/b> pode ampliar e iluminar o ambiente.<\/p>\n<p>Outra ideia bacana \u00e9 combin\u00e1-lo com <b>plantas e m\u00f3veis em tons neutros<\/b> para refor\u00e7ar esse ar natural e aconchegante.<\/p>\n<h3>O toque de sofistica\u00e7\u00e3o que seu espa\u00e7o precisa<\/h3>\n<p>O <b>espelho org\u00e2nico<\/b> n\u00e3o \u00e9 apenas um item decorativo, mas sim um elemento que traz eleg\u00e2ncia e funcionalidade ao seu espa\u00e7o.<\/p>\n<p>Al\u00e9m de deixar tudo mais bonito, ele cria uma <b>atmosfera harmoniosa<\/b> que transforma qualquer ambiente num verdadeiro ref\u00fagio.<\/p>\n<h3>T\u00e1 esperando o qu\u00ea?<\/h3>\n<p>Se voc\u00ea quer um detalhe que valoriza sua decora\u00e7\u00e3o sem esfor\u00e7o, o <b>espelho org\u00e2nico<\/b> \u00e9 a escolha perfeita.<\/p>\n<p>Com ele, seu espa\u00e7o ficar\u00e1 mais <b>charmoso, moderno e sofisticado<\/b>, sem precisar de grandes reformas ou investimentos.<\/p>\n<p><\/body><\/p>\n","protected":false},"excerpt":{"rendered":"<p>Descubra como o espelho org\u00e2nico transforma ambientes com seu design \u00fanico e natural. Inspire-se e adicione sofistica\u00e7\u00e3o e aconchego \u00e0 sua decora\u00e7\u00e3o.<\/p>\n","protected":false},"author":102,"featured_media":145897,"comment_status":"open","ping_status":"","sticky":false,"template":"","format":"standard","meta":{"footnotes":""},"categories":[1484,971,18792,18794],"tags":[],"class_list":["post-145900","post","type-post","status-publish","format-standard","has-post-thumbnail","category-decoracao","category-design-de-interiores","category-decoracao-de-apartamento","category-projetos-de-decoracao-de-casas"],"_wp_attached_file":null,"_wp_attachment_metadata":null,"_wp_attachment_context":null,"_wp_attachment_is_custom_header":null,"geo_longitude":null,"geo_public":null,"geo_latitude":null,"_publicize_done_external":null,"_wpas_done_3897181":null,"publicize_twitter_user":null,"_wpas_done_3897175":null,"_wpas_skip_3897181":null,"_wpas_skip_3897175":null,"_wpas_skip_3924723":null,"_wpas_mess":null,"_wpas_done_3924723":null,"wps_subtitle":"","_links":{"self":[{"href":"https:\/\/www.aarquiteta.com.br\/blog\/wp-json\/wp\/v2\/posts\/145900","targetHints":{"allow":["GET"]}}],"collection":[{"href":"https:\/\/www.aarquiteta.com.br\/blog\/wp-json\/wp\/v2\/posts"}],"about":[{"href":"https:\/\/www.aarquiteta.com.br\/blog\/wp-json\/wp\/v2\/types\/post"}],"author":[{"embeddable":true,"href":"https:\/\/www.aarquiteta.com.br\/blog\/wp-json\/wp\/v2\/users\/102"}],"replies":[{"embeddable":true,"href":"https:\/\/www.aarquiteta.com.br\/blog\/wp-json\/wp\/v2\/comments?post=145900"}],"version-history":[{"count":0,"href":"https:\/\/www.aarquiteta.com.br\/blog\/wp-json\/wp\/v2\/posts\/145900\/revisions"}],"wp:featuredmedia":[{"embeddable":true,"href":"https:\/\/www.aarquiteta.com.br\/blog\/wp-json\/wp\/v2\/media\/145897"}],"wp:attachment":[{"href":"https:\/\/www.aarquiteta.com.br\/blog\/wp-json\/wp\/v2\/media?parent=145900"}],"wp:term":[{"taxonomy":"category","embeddable":true,"href":"https:\/\/www.aarquiteta.com.br\/blog\/wp-json\/wp\/v2\/categories?post=145900"},{"taxonomy":"post_tag","embeddable":true,"href":"https:\/\/www.aarquiteta.com.br\/blog\/wp-json\/wp\/v2\/tags?post=145900"}],"curies":[{"name":"wp","href":"https:\/\/api.w.org\/{rel}","templated":true}]}}