{"id":145856,"date":"2025-03-02T19:03:30","date_gmt":"2025-03-02T22:03:30","guid":{"rendered":"https:\/\/www.aarquiteta.com.br\/blog\/cabeceira-de-pallet-4\/"},"modified":"2025-03-02T19:03:30","modified_gmt":"2025-03-02T22:03:30","slug":"cabeceira-de-pallet-4","status":"publish","type":"post","link":"https:\/\/www.aarquiteta.com.br\/blog\/cabeceira-de-pallet-4\/","title":{"rendered":"Transforme sua decora\u00e7\u00e3o com pallets: 48 ideias surpreendentes para uma casa ecol\u00f3gica!"},"content":{"rendered":"<p>Voc\u00ea sabia que **pallets** podem transformar a sua casa de maneira incr\u00edvel e ecol\u00f3gica? Neste artigo, vou compartilhar 48 ideias que v\u00e3o transformar sua decora\u00e7\u00e3o, tornando-a funcional e cheia de estilo, sem precisar gastar uma fortuna. Pronto para dar aquele upgrade no seu lar?<\/p>\n<h3>Por que usar pallets na decora\u00e7\u00e3o?<\/h3>\n<figure style=\"width: 1024px\" class=\"wp-caption aligncenter\"><img decoding=\"async\" src=\"https:\/\/www.aarquiteta.com.br\/blog\/wp-content\/uploads\/2025\/03\/cabeceira-de-pallet-3-730x730.jpg\" alt=\"Cabeceira de pallet adaptada para cama de solteiro, mostrando versatilidade.\" title=\"\"><figcaption class=\"wp-caption-text\">Cabeceira de pallet adaptada para cama de solteiro, mostrando versatilidade.<\/figcaption><\/figure>\n<p>Os pallets t\u00eam ganhado **cada vez mais espa\u00e7o** no universo da decora\u00e7\u00e3o. Eles s\u00e3o vers\u00e1teis, acess\u00edveis e trazem um charme r\u00fastico para qualquer ambiente. Us\u00e1-los \u00e9 uma forma de **reutilizar materiais**, contribuindo para a sustentabilidade. Adicione a isso a economia que traz, e temos a receita perfeita para um lar **estiloso e ecol\u00f3gico**!<\/p>\n<h3>48 ideias de decora\u00e7\u00e3o com pallets<\/h3>\n<figure style=\"width: 1024px\" class=\"wp-caption aligncenter\"><img decoding=\"async\" src=\"https:\/\/www.aarquiteta.com.br\/blog\/wp-content\/uploads\/2025\/03\/cabeceira-de-pallet01.jpg\" alt=\"Cabeceira de pallet: 48 ideias incr\u00edveis para uma decora\u00e7\u00e3o ecol\u00f3gica\" width=\"1024\" height=\"1024\" title=\"\"><figcaption class=\"wp-caption-text\">Cabeceira de pallet: 48 ideias incr\u00edveis para uma decora\u00e7\u00e3o ecol\u00f3gica<\/figcaption><\/figure>\n<p>Vamos ao que realmente importa: as ideias! Aqui, voc\u00ea vai encontrar sugest\u00f5es que v\u00e3o do simples ao mais elaborado. Escolha o que mais faz o seu estilo e coloque a m\u00e3o na massa!<\/p>\n<ul>\n<li><b>Camas de pallet:<\/b> Um cl\u00e1ssico! Voc\u00ea pode criar desde uma cama de solteiro at\u00e9 uma de casal, tudo com pallets e um toque de criatividade.<\/li>\n<li><b>Cabeceira de pallet:<\/b> Incr\u00edvel para quem deseja um quarto aconchegante e r\u00fastico. Uma cabeceira feita com pallets proporciona um **acento especial** ao ambiente.<\/li>\n<li><b>Mesas de centro:<\/b> Um pallet em tamanho adequado pode se transformar em uma mesa de centro charmosa e \u00fatil. \u00c9 s\u00f3 lixar, envernizar e pronto!<\/li>\n<li><b>Estantes e prateleiras:<\/b> Utilize pallets para criar estantes que podem armazenar livros, plantas ou as suas melhores recorda\u00e7\u00f5es. <i>Quem n\u00e3o ama uma boa estante?<\/i><\/li>\n<li><b>Banco de pallet:<\/b> Monte um banco no quintal ou na varanda. Adicione almofadas e  voc\u00ea ter\u00e1 o **cantinho perfeito** para relaxar.<\/li>\n<li><b>Suportes para plantas:<\/b> Transforme pallets em prateleiras ou suportes para exibir suas plantas. Afinal, quem n\u00e3o quer trazer um pouco da natureza para dentro de casa?<\/li>\n<li><b>Pain\u00e9is decorativos:<\/b> Um painel com pallets pode ser a pe\u00e7a ideal para destacar um sof\u00e1 ou uma parede vazia. Use a sua criatividade!<\/li>\n<\/ul>\n<h3>Dicas para personalizar seu projeto<\/h3>\n<figure style=\"width: 1024px\" class=\"wp-caption aligncenter\"><img decoding=\"async\" src=\"https:\/\/www.aarquiteta.com.br\/blog\/wp-content\/uploads\/2025\/03\/cabeceira-de-pallet-capa.png\" alt=\"Capa da postagem sobre cabeceira de pallet, apresentando v\u00e1rias ideias de decora\u00e7\u00e3o.\" title=\"\"><figcaption class=\"wp-caption-text\">Capa da postagem sobre cabeceira de pallet, apresentando v\u00e1rias ideias de decora\u00e7\u00e3o.<\/figcaption><\/figure>\n<p><b><i>Estilo \u00e9 tudo!<\/i><\/b> Ao trabalhar com pallets, voc\u00ea pode personalizar cada pe\u00e7a do seu jeito. Aqui v\u00e3o algumas dicas para deixar tudo ainda mais bonito:<\/p>\n<ul>\n<li><b>Pinte seus pallets:<\/b> Cores vibrantes ou tons past\u00e9is podem trazer vida e personalidade.<\/li>\n<li><b>Use papel de parede:<\/b> Uma camada de papel de parede pode transformar um pallet simples em algo **maravilhoso**.<\/li>\n<li><b>Adicione luzinhas:<\/b> Pequenas luzes ao redor das prateleiras ou cabeceiras criam um ambiente mais aconchegante e divertido.<\/li>\n<\/ul>\n<h3>N\u00e3o se esque\u00e7a da seguran\u00e7a!<\/h3>\n<figure style=\"width: 1024px\" class=\"wp-caption aligncenter\"><img decoding=\"async\" src=\"https:\/\/www.aarquiteta.com.br\/blog\/wp-content\/uploads\/2025\/03\/cabeceira-de-pallet02.jpg\" alt=\"Cabeceira de pallet: 48 ideias incr\u00edveis para uma decora\u00e7\u00e3o ecol\u00f3gica\" width=\"1024\" height=\"1024\" title=\"\"><figcaption class=\"wp-caption-text\">Cabeceira de pallet: 48 ideias incr\u00edveis para uma decora\u00e7\u00e3o ecol\u00f3gica<\/figcaption><\/figure>\n<p>Antes de usar os pallets, sempre verifique se est\u00e3o em bom estado. Um pallet danificado pode ser **perigoso** e comprometer sua decora\u00e7\u00e3o. Al\u00e9m disso, \u00e9 importante lixar bem as superf\u00edcies para evitar farpas indesejadas. Vamos combinar, ningu\u00e9m quer um **festa de feridas** por causa de um projeto DIY malfeito, n\u00e9?<\/p>\n<h3>Crie e inspire-se!<\/h3>\n<figure style=\"width: 1024px\" class=\"wp-caption aligncenter\"><img decoding=\"async\" src=\"https:\/\/www.aarquiteta.com.br\/blog\/wp-content\/uploads\/2025\/03\/cama-pallet-7-286x160.jpg\" alt=\"Imagem de uma cama feita com pallets.\" title=\"\"><figcaption class=\"wp-caption-text\">Imagem de uma cama feita com pallets.<\/figcaption><\/figure>\n<p>Agora que voc\u00ea j\u00e1 tem uma lista de ideias e dicas, \u00e9 hora de colocar as m\u00e3os \u00e0 obra. **N\u00e3o tenha medo de ousar** na sua decora\u00e7\u00e3o. Deixe sua imagina\u00e7\u00e3o fluir e crie um espa\u00e7o que tenha a sua cara. Os pallets s\u00e3o apenas o ponto de partida para algo muito maior!<\/p>\n<h3>FAQ &#8211; Perguntas Frequentes<\/h3>\n<figure style=\"width: 1024px\" class=\"wp-caption aligncenter\"><img decoding=\"async\" src=\"https:\/\/www.aarquiteta.com.br\/blog\/wp-content\/uploads\/2025\/03\/cabeceira-de-pallet03.jpg\" alt=\"Cabeceira de pallet: 48 ideias incr\u00edveis para uma decora\u00e7\u00e3o ecol\u00f3gica\" width=\"1024\" height=\"1024\" title=\"\"><figcaption class=\"wp-caption-text\">Cabeceira de pallet: 48 ideias incr\u00edveis para uma decora\u00e7\u00e3o ecol\u00f3gica<\/figcaption><\/figure>\n<ul>\n<li><b>Posso usar pallets dentro de casa?<\/b> Sim! Muitos projetos s\u00e3o \u00f3timos para ambientes internos.<\/li>\n<li><b>Os pallets precisam de tratamentos especiais?<\/b> \u00c9 sempre bom lixar e, se poss\u00edvel, aplicar um verniz para prote\u00e7\u00e3o.<\/li>\n<li><b>Como posso garantir a resist\u00eancia dos objetos de pallet?<\/b> Siga sempre orienta\u00e7\u00f5es de peso e, se necess\u00e1rio, adicione refor\u00e7os.<\/li>\n<\/ul>\n<p>O que achou das dicas? Se voc\u00ea tiver mais perguntas ou ideias, n\u00e3o hesite em deixar um coment\u00e1rio abaixo. Vamos trocar experi\u00eancias e transformar ainda mais nossa decora\u00e7\u00e3o com pallets! <\/p>\n<figure style=\"width: 1024px\" class=\"wp-caption aligncenter\"><img decoding=\"async\" src=\"https:\/\/www.aarquiteta.com.br\/blog\/wp-content\/uploads\/2025\/03\/guarda-roupa-de-pallet-0-286x160.jpg\" alt=\"Imagem de um guarda-roupa constru\u00eddo com pallets.\" title=\"\"><figcaption class=\"wp-caption-text\">Imagem de um guarda-roupa constru\u00eddo com pallets.<\/figcaption><\/figure>\n<figure style=\"width: 1024px\" class=\"wp-caption aligncenter\"><img decoding=\"async\" src=\"https:\/\/www.aarquiteta.com.br\/blog\/wp-content\/uploads\/2025\/03\/cabeceira-de-pallet4.jpg\" alt=\"Cabeceira de pallet: 48 ideias incr\u00edveis para uma decora\u00e7\u00e3o ecol\u00f3gica\" width=\"1024\" height=\"1024\" title=\"\"><figcaption class=\"wp-caption-text\">Cabeceira de pallet: 48 ideias incr\u00edveis para uma decora\u00e7\u00e3o ecol\u00f3gica<\/figcaption><\/figure>\n<figure style=\"width: 1024px\" class=\"wp-caption aligncenter\"><img decoding=\"async\" src=\"https:\/\/www.aarquiteta.com.br\/blog\/wp-content\/uploads\/2025\/03\/cabeceira-de-pallet-1-730x912.jpg\" alt=\"Cabeceira de pallet com acabamento r\u00fastico, destacando seu charme.\" title=\"\"><figcaption class=\"wp-caption-text\">Cabeceira de pallet com acabamento r\u00fastico, destacando seu charme.<\/figcaption><\/figure>\n<h3>Para se aprofundar mais sobre o tema, veja a minha recomenda\u00e7\u00e3o sobre o tema deste artigo no v\u00eddeo a seguir abaixo:<\/h3>\n<p><iframe title=\"YouTube video player\" src=\"https:\/\/www.youtube.com\/embed\/bZ7m93ptegY\" width=\"560\" height=\"315\" frameborder=\"0\" allowfullscreen=\"allowfullscreen\"><\/iframe><\/p>\n<figure style=\"width: 1024px\" class=\"wp-caption aligncenter\"><img decoding=\"async\" src=\"https:\/\/www.aarquiteta.com.br\/blog\/wp-content\/uploads\/2025\/03\/cabeceira-de-pallet-2-730x730.jpg\" alt=\"Cabeceira de pallet que vai at\u00e9 o teto, aproveitando todo o espa\u00e7o.\" title=\"\"><figcaption class=\"wp-caption-text\">Cabeceira de pallet que vai at\u00e9 o teto, aproveitando todo o espa\u00e7o.<\/figcaption><\/figure>\n","protected":false},"excerpt":{"rendered":"<p>Explore 48 ideias de cabeceiras de pallet para uma decora\u00e7\u00e3o pr\u00e1tica e ecol\u00f3gica que transforma seu quarto!<\/p>\n","protected":false},"author":102,"featured_media":145855,"comment_status":"open","ping_status":"","sticky":false,"template":"","format":"standard","meta":{"footnotes":""},"categories":[1484],"tags":[],"class_list":["post-145856","post","type-post","status-publish","format-standard","has-post-thumbnail","category-decoracao"],"_wp_attached_file":null,"_wp_attachment_metadata":null,"_wp_attachment_context":null,"_wp_attachment_is_custom_header":null,"geo_longitude":null,"geo_public":null,"geo_latitude":null,"_publicize_done_external":null,"_wpas_done_3897181":null,"publicize_twitter_user":null,"_wpas_done_3897175":null,"_wpas_skip_3897181":null,"_wpas_skip_3897175":null,"_wpas_skip_3924723":null,"_wpas_mess":null,"_wpas_done_3924723":null,"wps_subtitle":"","_links":{"self":[{"href":"https:\/\/www.aarquiteta.com.br\/blog\/wp-json\/wp\/v2\/posts\/145856","targetHints":{"allow":["GET"]}}],"collection":[{"href":"https:\/\/www.aarquiteta.com.br\/blog\/wp-json\/wp\/v2\/posts"}],"about":[{"href":"https:\/\/www.aarquiteta.com.br\/blog\/wp-json\/wp\/v2\/types\/post"}],"author":[{"embeddable":true,"href":"https:\/\/www.aarquiteta.com.br\/blog\/wp-json\/wp\/v2\/users\/102"}],"replies":[{"embeddable":true,"href":"https:\/\/www.aarquiteta.com.br\/blog\/wp-json\/wp\/v2\/comments?post=145856"}],"version-history":[{"count":0,"href":"https:\/\/www.aarquiteta.com.br\/blog\/wp-json\/wp\/v2\/posts\/145856\/revisions"}],"wp:featuredmedia":[{"embeddable":true,"href":"https:\/\/www.aarquiteta.com.br\/blog\/wp-json\/wp\/v2\/media\/145855"}],"wp:attachment":[{"href":"https:\/\/www.aarquiteta.com.br\/blog\/wp-json\/wp\/v2\/media?parent=145856"}],"wp:term":[{"taxonomy":"category","embeddable":true,"href":"https:\/\/www.aarquiteta.com.br\/blog\/wp-json\/wp\/v2\/categories?post=145856"},{"taxonomy":"post_tag","embeddable":true,"href":"https:\/\/www.aarquiteta.com.br\/blog\/wp-json\/wp\/v2\/tags?post=145856"}],"curies":[{"name":"wp","href":"https:\/\/api.w.org\/{rel}","templated":true}]}}