{"id":145829,"date":"2025-03-02T17:37:24","date_gmt":"2025-03-02T20:37:24","guid":{"rendered":"https:\/\/www.aarquiteta.com.br\/blog\/sofa-de-madeira\/"},"modified":"2025-03-02T17:37:24","modified_gmt":"2025-03-02T20:37:24","slug":"sofa-de-madeira","status":"publish","type":"post","link":"https:\/\/www.aarquiteta.com.br\/blog\/sofa-de-madeira\/","title":{"rendered":"Descubra os 60 Modelos de Sof\u00e1s de Madeira que V\u00e3o Transformar sua Decora\u00e7\u00e3o!"},"content":{"rendered":"<p>Voc\u00ea j\u00e1 se deu conta de como um <b>sof\u00e1 de madeira<\/b> pode transformar sua decora\u00e7\u00e3o? Hoje, vou te levar a uma jornada por <b>60 modelos que prometem<\/b> deixar sua casa mais charmosa, aconchegante e cheia de estilo!<\/p>\n<h3>O charme do sof\u00e1 de madeira<\/h3>\n<figure style=\"width: 1024px\" class=\"wp-caption aligncenter\"><img decoding=\"async\" src=\"https:\/\/www.aarquiteta.com.br\/blog\/wp-content\/uploads\/2025\/03\/sofa-de-madeira-6-730x730.jpg\" alt=\"Foto: Reprodu\u00e7\u00e3o \/ Triplex Arquitetura\" title=\"\"><figcaption class=\"wp-caption-text\">Foto: Reprodu\u00e7\u00e3o \/ Triplex Arquitetura<\/figcaption><\/figure>\n<p>Quando pensamos em decora\u00e7\u00e3o, o sof\u00e1 \u00e9, sem d\u00favida, um dos <b>principais protagonistas<\/b> do ambiente. O sof\u00e1 de madeira n\u00e3o s\u00f3 oferece resist\u00eancia e durabilidade, como tamb\u00e9m traz um toque <b>natural<\/b> que combina com diversas propostas decorativas. Um sof\u00e1 de madeira pode ser o ponto de partida para um estilo r\u00fastico, contempor\u00e2neo ou at\u00e9 mesmo minimalista.<\/p>\n<h3>Modelos que v\u00e3o deixar voc\u00ea de boca aberta<\/h3>\n<figure style=\"width: 1024px\" class=\"wp-caption aligncenter\"><img decoding=\"async\" src=\"https:\/\/www.aarquiteta.com.br\/blog\/wp-content\/uploads\/2025\/03\/sofa-de-madeira01.jpg\" alt=\"Sof\u00e1s de Madeira: 60 Modelos para sua Decora\u00e7\u00e3o\" width=\"1024\" height=\"1024\" title=\"\"><figcaption class=\"wp-caption-text\">Sof\u00e1s de Madeira: 60 Modelos para sua Decora\u00e7\u00e3o<\/figcaption><\/figure>\n<p>Prepare-se para <b>conhecer modelos<\/b> que v\u00e3o fazer seus olhos brilharem! Desde sof\u00e1s grandes e imponentes at\u00e9 os mais clean e discretos, as op\u00e7\u00f5es s\u00e3o muitas. Alguns, como os com <b>almofadas coloridas<\/b>, transmitem alegria e vivacidade. Outros, mais cl\u00e1ssicos, trazem um ar de sofistica\u00e7\u00e3o e eleg\u00e2ncia para o espa\u00e7o. E por que n\u00e3o misturar estilos? Um sof\u00e1 de madeira robusto, acompanhado de uma decora\u00e7\u00e3o leve e moderna, pode ser o resultado perfeito!<\/p>\n<h3>Dicas para escolher o sof\u00e1 ideal<\/h3>\n<figure style=\"width: 1024px\" class=\"wp-caption aligncenter\"><img decoding=\"async\" src=\"https:\/\/www.aarquiteta.com.br\/blog\/wp-content\/uploads\/2025\/03\/sofa-de-madeira-1.jpg\" alt=\"Foto: Reprodu\u00e7\u00e3o \/ Vivi Cirello\" title=\"\"><figcaption class=\"wp-caption-text\">Foto: Reprodu\u00e7\u00e3o \/ Vivi Cirello<\/figcaption><\/figure>\n<p>Na hora de escolher seu sof\u00e1 de madeira, algumas quest\u00f5es devem ser ponderadas. Que tal pensar no conforto? Escolher almofadas que se encaixem em seu sof\u00e1 \u00e9 essencial! Al\u00e9m disso, as cores e padr\u00f5es das almofadas podem mudar completamente a <b>atmosfera do ambiente<\/b>.<\/p>\n<p>Outras dicas importantes incluem o tamanho do sof\u00e1 em rela\u00e7\u00e3o ao espa\u00e7o dispon\u00edvel. Um sof\u00e1 muito grande pode encurtar o ambiente, enquanto op\u00e7\u00f5es mais compactas podem criar um espa\u00e7o de conviv\u00eancia mais acolhedor. Fique atento \u00e0s medidas e busque tamb\u00e9m por aqueles que oferecem a <b>m\u00e1xima funcionalidade<\/b>.<\/p>\n<h3>Misturando texturas e elementos<\/h3>\n<figure style=\"width: 1024px\" class=\"wp-caption aligncenter\"><img decoding=\"async\" src=\"https:\/\/www.aarquiteta.com.br\/blog\/wp-content\/uploads\/2025\/03\/sofa-de-madeira02.jpg\" alt=\"Sof\u00e1s de Madeira: 60 Modelos para sua Decora\u00e7\u00e3o\" width=\"1024\" height=\"1024\" title=\"\"><figcaption class=\"wp-caption-text\">Sof\u00e1s de Madeira: 60 Modelos para sua Decora\u00e7\u00e3o<\/figcaption><\/figure>\n<p>Afinal, um ambiente bem decorado \u00e9 aquele que traz uma variedade de texturas, certo? <b>Piso de madeira<\/b>, tapetes macios e quadros nas paredes podem complementar perfeitamente um sof\u00e1 de madeira. N\u00e3o tenha medo de ousar! Um toque <b>industrial<\/b> com a\u00e7o ou elementos de vidro pode criar um contraste interessante e cheio de estilo.<\/p>\n<h3>Exemplos inspiradores de decora\u00e7\u00e3o<\/h3>\n<figure style=\"width: 1024px\" class=\"wp-caption aligncenter\"><img decoding=\"async\" src=\"https:\/\/www.aarquiteta.com.br\/blog\/wp-content\/uploads\/2025\/03\/sofa-de-madeira-2-730x471.jpg\" alt=\"Foto: Reprodu\u00e7\u00e3o \/ AR Arquitetos\" title=\"\"><figcaption class=\"wp-caption-text\">Foto: Reprodu\u00e7\u00e3o \/ AR Arquitetos<\/figcaption><\/figure>\n<p>Quer um pouco de inspira\u00e7\u00e3o? Imagine uma sala com um sof\u00e1 de madeira bem bonito, rodeado de plantas naturais e uma mesa de centro que traga \u00e0 tona o mesmo material. Um ambiente leve, onde todos se sintam bem-vindos. E quem n\u00e3o gostaria de receber os amigos em um espa\u00e7o assim?<\/p>\n<p>Ou quem sabe um sof\u00e1 de madeira de tons escuros, acompanhado de um tapete felpudo e almofadas em tons vibrantes? Assim, voc\u00ea cria um espa\u00e7o que \u00e9 ao mesmo tempo elegante e acolhedor!<\/p>\n<h3>Conclus\u00e3o cheia de estilo!<\/h3>\n<figure style=\"width: 1024px\" class=\"wp-caption aligncenter\"><img decoding=\"async\" src=\"https:\/\/www.aarquiteta.com.br\/blog\/wp-content\/uploads\/2025\/03\/sofa-de-madeira03.jpg\" alt=\"Sof\u00e1s de Madeira: 60 Modelos para sua Decora\u00e7\u00e3o\" width=\"1024\" height=\"1024\" title=\"\"><figcaption class=\"wp-caption-text\">Sof\u00e1s de Madeira: 60 Modelos para sua Decora\u00e7\u00e3o<\/figcaption><\/figure>\n<p>Ent\u00e3o, se voc\u00ea estava na d\u00favida se um sof\u00e1 de madeira \u00e9 a escolha certa para sua casa, espero que tenha encontrado a inspira\u00e7\u00e3o ideal. Lembre-se: a decora\u00e7\u00e3o deve ser um reflexo da sua personalidade e do seu estilo de vida. N\u00e3o hesite em buscar por modelos diferentes, experimentar combina\u00e7\u00f5es e acima de tudo, se <b>divertir<\/b> nesse processo criativo.<\/p>\n<h3>FAQ<\/h3>\n<figure style=\"width: 1024px\" class=\"wp-caption aligncenter\"><img decoding=\"async\" src=\"https:\/\/www.aarquiteta.com.br\/blog\/wp-content\/uploads\/2025\/03\/sofa-de-madeira-3-730x487.jpg\" alt=\"Foto: Reprodu\u00e7\u00e3o \/ In House\" title=\"\"><figcaption class=\"wp-caption-text\">Foto: Reprodu\u00e7\u00e3o \/ In House<\/figcaption><\/figure>\n<dl>\n<dt>Qual \u00e9 a durabilidade de um sof\u00e1 de madeira?<\/dt>\n<dd>A durabilidade pode variar, mas os sof\u00e1s de madeira costumam ser bastante resistentes e podem durar anos.<\/dd>\n<dt>Como cuidar de um sof\u00e1 de madeira?<\/dt>\n<dd>O ideal \u00e9 limpar com um pano \u00famido e produtos espec\u00edficos para madeira, evitando o excesso de \u00e1gua.<\/dd>\n<dt>Almofadas s\u00e3o necess\u00e1rias para sof\u00e1s de madeira?<\/dt>\n<dd>Sim! Almofadas adicionam conforto e estilo, al\u00e9m de permitirem que voc\u00ea fa\u00e7a combina\u00e7\u00f5es de cores e estampas.<\/dd>\n<\/dl>\n<p>Se voc\u00ea tem alguma d\u00favida ou gostaria de compartilhar como est\u00e1 decorando sua casa, deixe seu coment\u00e1rio aqui embaixo! Vou adorar saber mais sobre sua experi\u00eancia!<\/p>\n<figure style=\"width: 1024px\" class=\"wp-caption aligncenter\"><img decoding=\"async\" src=\"https:\/\/www.aarquiteta.com.br\/blog\/wp-content\/uploads\/2025\/03\/sofa-de-madeira4.jpg\" alt=\"Sof\u00e1s de Madeira: 60 Modelos para sua Decora\u00e7\u00e3o\" width=\"1024\" height=\"1024\" title=\"\"><figcaption class=\"wp-caption-text\">Sof\u00e1s de Madeira: 60 Modelos para sua Decora\u00e7\u00e3o<\/figcaption><\/figure>\n<figure style=\"width: 1024px\" class=\"wp-caption aligncenter\"><img decoding=\"async\" src=\"https:\/\/www.aarquiteta.com.br\/blog\/wp-content\/uploads\/2025\/03\/sofa-de-madeira-4-1-730x396.jpg\" alt=\"Foto: Reprodu\u00e7\u00e3o \/ Marina Linhares\" title=\"\"><figcaption class=\"wp-caption-text\">Foto: Reprodu\u00e7\u00e3o \/ Marina Linhares<\/figcaption><\/figure>\n<h3>Para se aprofundar mais sobre o tema, veja a minha recomenda\u00e7\u00e3o sobre o tema deste artigo no v\u00eddeo a seguir abaixo:<\/h3>\n<p><iframe title=\"YouTube video player\" src=\"https:\/\/www.youtube.com\/embed\/3WKQeU2cKLY\" width=\"560\" height=\"315\" frameborder=\"0\" allowfullscreen=\"allowfullscreen\"><\/iframe><\/p>\n<figure style=\"width: 1024px\" class=\"wp-caption aligncenter\"><img decoding=\"async\" src=\"https:\/\/www.aarquiteta.com.br\/blog\/wp-content\/uploads\/2025\/03\/sofa-de-madeira-5-730x486.jpg\" alt=\"Foto: Reprodu\u00e7\u00e3o \/ In\u00e1 Arquitetura\" title=\"\"><figcaption class=\"wp-caption-text\">Foto: Reprodu\u00e7\u00e3o \/ In\u00e1 Arquitetura<\/figcaption><\/figure>\n","protected":false},"excerpt":{"rendered":"<p>Descubra 60 modelos de sof\u00e1s de madeira que aliam conforto e estilo, perfeitos para a sua sala ou varanda.<\/p>\n","protected":false},"author":102,"featured_media":145822,"comment_status":"open","ping_status":"","sticky":false,"template":"","format":"standard","meta":{"footnotes":""},"categories":[1484],"tags":[],"class_list":["post-145829","post","type-post","status-publish","format-standard","has-post-thumbnail","category-decoracao"],"_wp_attached_file":null,"_wp_attachment_metadata":null,"_wp_attachment_context":null,"_wp_attachment_is_custom_header":null,"geo_longitude":null,"geo_public":null,"geo_latitude":null,"_publicize_done_external":null,"_wpas_done_3897181":null,"publicize_twitter_user":null,"_wpas_done_3897175":null,"_wpas_skip_3897181":null,"_wpas_skip_3897175":null,"_wpas_skip_3924723":null,"_wpas_mess":null,"_wpas_done_3924723":null,"wps_subtitle":"","_links":{"self":[{"href":"https:\/\/www.aarquiteta.com.br\/blog\/wp-json\/wp\/v2\/posts\/145829","targetHints":{"allow":["GET"]}}],"collection":[{"href":"https:\/\/www.aarquiteta.com.br\/blog\/wp-json\/wp\/v2\/posts"}],"about":[{"href":"https:\/\/www.aarquiteta.com.br\/blog\/wp-json\/wp\/v2\/types\/post"}],"author":[{"embeddable":true,"href":"https:\/\/www.aarquiteta.com.br\/blog\/wp-json\/wp\/v2\/users\/102"}],"replies":[{"embeddable":true,"href":"https:\/\/www.aarquiteta.com.br\/blog\/wp-json\/wp\/v2\/comments?post=145829"}],"version-history":[{"count":0,"href":"https:\/\/www.aarquiteta.com.br\/blog\/wp-json\/wp\/v2\/posts\/145829\/revisions"}],"wp:featuredmedia":[{"embeddable":true,"href":"https:\/\/www.aarquiteta.com.br\/blog\/wp-json\/wp\/v2\/media\/145822"}],"wp:attachment":[{"href":"https:\/\/www.aarquiteta.com.br\/blog\/wp-json\/wp\/v2\/media?parent=145829"}],"wp:term":[{"taxonomy":"category","embeddable":true,"href":"https:\/\/www.aarquiteta.com.br\/blog\/wp-json\/wp\/v2\/categories?post=145829"},{"taxonomy":"post_tag","embeddable":true,"href":"https:\/\/www.aarquiteta.com.br\/blog\/wp-json\/wp\/v2\/tags?post=145829"}],"curies":[{"name":"wp","href":"https:\/\/api.w.org\/{rel}","templated":true}]}}