{"id":145807,"date":"2025-03-02T13:49:52","date_gmt":"2025-03-02T16:49:52","guid":{"rendered":"https:\/\/www.aarquiteta.com.br\/blog\/inspiracoes-fachadas-casas-jardins-frontal\/"},"modified":"2025-03-02T13:49:52","modified_gmt":"2025-03-02T16:49:52","slug":"inspiracoes-fachadas-casas-jardins-frontal","status":"publish","type":"post","link":"https:\/\/www.aarquiteta.com.br\/blog\/inspiracoes-fachadas-casas-jardins-frontal\/","title":{"rendered":"Inspira\u00e7\u00f5es de Fachadas de Casas com Jardins Frontal"},"content":{"rendered":"<p><body><\/p>\n<p>Voc\u00ea j\u00e1 percebeu como um <b>jardim frontal bem planejado<\/b> pode transformar completamente a fachada de uma casa? Al\u00e9m de trazer mais harmonia ao ambiente, ele valoriza o im\u00f3vel e ainda causa uma primeira impress\u00e3o incr\u00edvel. Separamos inspira\u00e7\u00f5es impressionantes para voc\u00ea renovar a entrada da sua casa!<\/p>\n<h3>Fachadas Modernas com Jardins Minimalistas<\/h3>\n<figure style=\"width: 1024px\" class=\"wp-caption aligncenter\"><img decoding=\"async\" src=\"https:\/\/www.aarquiteta.com.br\/blog\/wp-content\/uploads\/2025\/03\/inspiracoes-fachadas-casas-jardins-frontal04.jpg\" alt=\"Inspira\u00e7\u00f5es de Fachadas de Casas com Jardins Frontal\" width=\"1024\" height=\"1024\" title=\"\"><figcaption class=\"wp-caption-text\">Inspira\u00e7\u00f5es de Fachadas de Casas com Jardins Frontal<\/figcaption><\/figure>\n<p>Se voc\u00ea ama um <b>visual clean e sofisticado<\/b>, os jardins minimalistas s\u00e3o a escolha certa! Eles trazem linhas retas, plantas bem posicionadas e simplicidade elegante. Aposte em pedras brancas, suculentas e arbustos podados para criar um efeito visual impactante sem exigir manuten\u00e7\u00e3o constante.<\/p>\n<p>Al\u00e9m disso, um jardim minimalista combina super bem com<strong> fachadas contempor\u00e2neas<\/strong>, onde predominam concreto, vidro e madeira. Imagine aquele charme elegante de uma porta imponente com um caminho de pedras cercado por uma vegeta\u00e7\u00e3o bem distribu\u00edda. Puro estilo!<\/p>\n<p>Ah, e se a ideia \u00e9 praticidade, que tal incluir <b>ilumina\u00e7\u00e3o embutida<\/b> entre as plantas? Assim, voc\u00ea garante um efeito incr\u00edvel \u00e0 noite e real\u00e7a ainda mais o design da sua fachada.<\/p>\n<h3>Fachadas Cl\u00e1ssicas com Jardins Charmosos<\/h3>\n<figure style=\"width: 1024px\" class=\"wp-caption aligncenter\"><img decoding=\"async\" src=\"https:\/\/www.aarquiteta.com.br\/blog\/wp-content\/uploads\/2025\/03\/inspiracoes-fachadas-casas-jardins-frontal03.jpg\" alt=\"Inspira\u00e7\u00f5es de Fachadas de Casas com Jardins Frontal\" width=\"1024\" height=\"1024\" title=\"\"><figcaption class=\"wp-caption-text\">Inspira\u00e7\u00f5es de Fachadas de Casas com Jardins Frontal<\/figcaption><\/figure>\n<p>Para quem curte aquele ar <b>tradicional e acolhedor<\/b>, um jardim frontal com roseiras, fontes decorativas e arbustos bem desenhados \u00e9 a escolha ideal. Essa composi\u00e7\u00e3o remete a um visual cl\u00e1ssico, que nunca sai de moda e sempre impressiona.<\/p>\n<p>Se sua casa tem uma fachada com <b>detalhes coloniais<\/b>, apostar em trepadeiras como jasmim ou primavera pode ser o toque final que faltava. Elas crescem naturalmente sobre paredes e port\u00f5es, criando um efeito rom\u00e2ntico e elegante.<\/p>\n<p>E convenhamos, nada como chegar em casa e ser recebido pelo <b>perfume das flores<\/b>, n\u00e9?! Al\u00e9m de embelezar, um jardim assim desperta os sentidos e deixa a entrada do lar muito mais convidativa.<\/p>\n<h3>Jardins Tropicais para uma Entrada Exuberante<\/h3>\n<figure style=\"width: 1024px\" class=\"wp-caption aligncenter\"><img decoding=\"async\" src=\"https:\/\/www.aarquiteta.com.br\/blog\/wp-content\/uploads\/2025\/03\/inspiracoes-fachadas-casas-jardins-frontal02.jpg\" alt=\"Inspira\u00e7\u00f5es de Fachadas de Casas com Jardins Frontal\" width=\"1024\" height=\"1024\" title=\"\"><figcaption class=\"wp-caption-text\">Inspira\u00e7\u00f5es de Fachadas de Casas com Jardins Frontal<\/figcaption><\/figure>\n<p>Se voc\u00ea curte um estilo mais <b>vivo e vibrante<\/b>, os jardins tropicais s\u00e3o sua melhor aposta! Eles trazem folhagens volumosas, como costela-de-ad\u00e3o e palmeiras, e criam uma atmosfera cheia de personalidade.<\/p>\n<p>Al\u00e9m da est\u00e9tica, esse tipo de jardim \u00e9 \u00f3timo para quem quer uma <b>sensa\u00e7\u00e3o de frescor<\/b>, pois plantas tropicais ajudam a manter o ambiente mais \u00famido e agrad\u00e1vel. E claro, um toque de areia ou deck de madeira pode deixar o visual ainda mais interessante.<\/p>\n<p>Ah, e n\u00e3o se esque\u00e7a dos <b>caminhos de pedra<\/b>, que trazem um ar mais natural e garantem uma transi\u00e7\u00e3o suave entre os elementos do jardim e a entrada da casa!<\/p>\n<h3>Jardins Pequenos, Mas Cheios de Estilo<\/h3>\n<figure style=\"width: 1024px\" class=\"wp-caption aligncenter\"><img decoding=\"async\" src=\"https:\/\/www.aarquiteta.com.br\/blog\/wp-content\/uploads\/2025\/03\/inspiracoes-fachadas-casas-jardins-frontal01.jpg\" alt=\"Inspira\u00e7\u00f5es de Fachadas de Casas com Jardins Frontal\" width=\"1024\" height=\"1024\" title=\"\"><figcaption class=\"wp-caption-text\">Inspira\u00e7\u00f5es de Fachadas de Casas com Jardins Frontal<\/figcaption><\/figure>\n<p>\u201cMinha fachada \u00e9 pequena, ser\u00e1 que cabe um jardim?\u201d \u2013 <b>Claro que sim!<\/b> Pequenos espa\u00e7os podem ser bem aproveitados com solu\u00e7\u00f5es inteligentes, como vasos suspensos, jardins verticais e canteiros estreitos.<\/p>\n<p>Outro truque incr\u00edvel \u00e9 usar <b>ilhas verdes<\/b>, pequenas \u00e1reas com vegeta\u00e7\u00e3o bem distribu\u00edda em cada canto estrat\u00e9gico do jardim. Assim, voc\u00ea mant\u00e9m a praticidade do ambiente sem abrir m\u00e3o da natureza.<\/p>\n<p>E se quiser um charme extra, que tal um <b>banco de madeira<\/b> cercado por plantas? Funciona como um convite para relaxar antes mesmo de cruzar a porta de casa!<\/p>\n<h3>Resumo: Como Escolher o Melhor Jardim para sua Fachada?<\/h3>\n<ul>\n<li><b>Minimalista:<\/b> para quem quer sofistica\u00e7\u00e3o e baixa manuten\u00e7\u00e3o.<\/li>\n<li><b>Cl\u00e1ssico:<\/b> ideal para fachadas tradicionais e rom\u00e2nticas.<\/li>\n<li><b>Tropical:<\/b> perfeito para quem gosta de exuber\u00e2ncia e frescor.<\/li>\n<li><b>Pequeno:<\/b> solu\u00e7\u00f5es criativas para espa\u00e7os reduzidos.<\/li>\n<\/ul>\n<p>Agora me conta: qual desses estilos combina mais com sua casa? \ud83d\ude0d Se bateu uma d\u00favida ou quer compartilhar sua ideia favorita, comenta aqui embaixo que eu te ajudo!<\/p>\n<p><\/body><\/p>\n<h3>Assista agora a minha recomenda\u00e7\u00e3o de video abaixo sobre o tema que estamos tratando neste artigo: <\/h3>\n<p><div class=\"youtube-embed\" data-video_id=\"uaKcf9G7nXU\"><iframe title=\"Aconchego e Beleza: Dicas de Fachadas com Jardins Modernos! Imperd\u00edvel!!\" width=\"696\" height=\"392\" src=\"https:\/\/www.youtube.com\/embed\/uaKcf9G7nXU?feature=oembed&#038;enablejsapi=1\" frameborder=\"0\" allow=\"accelerometer; autoplay; clipboard-write; encrypted-media; gyroscope; picture-in-picture; web-share\" referrerpolicy=\"strict-origin-when-cross-origin\" allowfullscreen><\/iframe><\/div><\/p>\n","protected":false},"excerpt":{"rendered":"<p>Veja exemplos de fachadas que destacam jardins frontais, aumentando o apelo visual e o valor da sua propriedade.<\/p>\n","protected":false},"author":102,"featured_media":145804,"comment_status":"open","ping_status":"","sticky":false,"template":"","format":"standard","meta":{"footnotes":""},"categories":[1484,971,18792,18794],"tags":[],"class_list":["post-145807","post","type-post","status-publish","format-standard","has-post-thumbnail","category-decoracao","category-design-de-interiores","category-decoracao-de-apartamento","category-projetos-de-decoracao-de-casas"],"_wp_attached_file":null,"_wp_attachment_metadata":null,"_wp_attachment_context":null,"_wp_attachment_is_custom_header":null,"geo_longitude":null,"geo_public":null,"geo_latitude":null,"_publicize_done_external":null,"_wpas_done_3897181":null,"publicize_twitter_user":null,"_wpas_done_3897175":null,"_wpas_skip_3897181":null,"_wpas_skip_3897175":null,"_wpas_skip_3924723":null,"_wpas_mess":null,"_wpas_done_3924723":null,"wps_subtitle":"","_links":{"self":[{"href":"https:\/\/www.aarquiteta.com.br\/blog\/wp-json\/wp\/v2\/posts\/145807","targetHints":{"allow":["GET"]}}],"collection":[{"href":"https:\/\/www.aarquiteta.com.br\/blog\/wp-json\/wp\/v2\/posts"}],"about":[{"href":"https:\/\/www.aarquiteta.com.br\/blog\/wp-json\/wp\/v2\/types\/post"}],"author":[{"embeddable":true,"href":"https:\/\/www.aarquiteta.com.br\/blog\/wp-json\/wp\/v2\/users\/102"}],"replies":[{"embeddable":true,"href":"https:\/\/www.aarquiteta.com.br\/blog\/wp-json\/wp\/v2\/comments?post=145807"}],"version-history":[{"count":0,"href":"https:\/\/www.aarquiteta.com.br\/blog\/wp-json\/wp\/v2\/posts\/145807\/revisions"}],"wp:featuredmedia":[{"embeddable":true,"href":"https:\/\/www.aarquiteta.com.br\/blog\/wp-json\/wp\/v2\/media\/145804"}],"wp:attachment":[{"href":"https:\/\/www.aarquiteta.com.br\/blog\/wp-json\/wp\/v2\/media?parent=145807"}],"wp:term":[{"taxonomy":"category","embeddable":true,"href":"https:\/\/www.aarquiteta.com.br\/blog\/wp-json\/wp\/v2\/categories?post=145807"},{"taxonomy":"post_tag","embeddable":true,"href":"https:\/\/www.aarquiteta.com.br\/blog\/wp-json\/wp\/v2\/tags?post=145807"}],"curies":[{"name":"wp","href":"https:\/\/api.w.org\/{rel}","templated":true}]}}