{"id":145771,"date":"2025-03-02T08:05:45","date_gmt":"2025-03-02T11:05:45","guid":{"rendered":"https:\/\/www.aarquiteta.com.br\/blog\/girassol-vermelho-guia-completo\/"},"modified":"2025-03-02T08:05:45","modified_gmt":"2025-03-02T11:05:45","slug":"girassol-vermelho-guia-completo","status":"publish","type":"post","link":"https:\/\/www.aarquiteta.com.br\/blog\/girassol-vermelho-guia-completo\/","title":{"rendered":"Transforme Seu Jardim com o Audacioso Girassol Vermelho: Dicas de Cultivo e Cuidado"},"content":{"rendered":"<p>Transforme seu jardim com o <b>girassol vermelho<\/b>, um toque de cor e beleza que ilumina qualquer ambiente!<\/p>\n<h3>O que \u00e9 o Girassol Vermelho?<\/h3>\n<figure style=\"width: 1024px\" class=\"wp-caption aligncenter\"><img decoding=\"async\" src=\"https:\/\/www.aarquiteta.com.br\/blog\/wp-content\/uploads\/2025\/03\/girassol-vermelho-guia-completo04.jpg\" alt=\"Transforme Seu Jardim com o Audacioso Girassol Vermelho: Dicas de Cultivo e Cuidado\" width=\"1024\" height=\"1024\" title=\"\"><figcaption class=\"wp-caption-text\">Transforme Seu Jardim com o Audacioso Girassol Vermelho: Dicas de Cultivo e Cuidado<\/figcaption><\/figure>\n<p>sabe aquele girassol que faz o cora\u00e7\u00e3o disparar? O <b>Girassol Vermelho<\/b> \u00e9 uma verdadeira estrela. Com suas p\u00e9talas intensas e vibrantes, ele se destaca como uma joia no seu jardim. Sendo uma variante do <b>Helianthus annuus<\/b>, ele \u00e9 mais do que uma flor; \u00e9 um espet\u00e1culo!<\/p>\n<h3>Caracter\u00edsticas Impressionantes<\/h3>\n<figure style=\"width: 1024px\" class=\"wp-caption aligncenter\"><img decoding=\"async\" src=\"https:\/\/www.aarquiteta.com.br\/blog\/wp-content\/uploads\/2025\/03\/girassol-vermelho-guia-completo03.jpg\" alt=\"Transforme Seu Jardim com o Audacioso Girassol Vermelho: Dicas de Cultivo e Cuidado\" width=\"1024\" height=\"1024\" title=\"\"><figcaption class=\"wp-caption-text\">Transforme Seu Jardim com o Audacioso Girassol Vermelho: Dicas de Cultivo e Cuidado<\/figcaption><\/figure>\n<p>Esses girass\u00f3is podem alcan\u00e7ar de 1,5 a 3 metros de altura. Suas flores possuem um di\u00e2metro de 15 a 30 cm, formando um <b>contraste<\/b> deslumbrante com o centro escuro. Um verdadeiro convite para a admira\u00e7\u00e3o!<\/p>\n<h3>Como Cultivar o Girassol Vermelho<\/h3>\n<figure style=\"width: 1024px\" class=\"wp-caption aligncenter\"><img decoding=\"async\" src=\"https:\/\/www.aarquiteta.com.br\/blog\/wp-content\/uploads\/2025\/03\/girassol-vermelho-guia-completo02.jpg\" alt=\"Transforme Seu Jardim com o Audacioso Girassol Vermelho: Dicas de Cultivo e Cuidado\" width=\"1024\" height=\"1024\" title=\"\"><figcaption class=\"wp-caption-text\">Transforme Seu Jardim com o Audacioso Girassol Vermelho: Dicas de Cultivo e Cuidado<\/figcaption><\/figure>\n<p>Vamos l\u00e1, preparar o solo! Eles adoram um solo rico e <b>bem drenado<\/b>. Um pH entre 6,0 e 7,5 \u00e9 o ideal para que suas ra\u00edzes prosperem como verdadeiras rainhas.<\/p>\n<h3>Condi\u00e7\u00f5es Perfeitas<\/h3>\n<figure style=\"width: 1024px\" class=\"wp-caption aligncenter\"><img decoding=\"async\" src=\"https:\/\/www.aarquiteta.com.br\/blog\/wp-content\/uploads\/2025\/03\/girassol-vermelho-guia-completo01.jpg\" alt=\"Transforme Seu Jardim com o Audacioso Girassol Vermelho: Dicas de Cultivo e Cuidado\" width=\"1024\" height=\"1024\" title=\"\"><figcaption class=\"wp-caption-text\">Transforme Seu Jardim com o Audacioso Girassol Vermelho: Dicas de Cultivo e Cuidado<\/figcaption><\/figure>\n<p>E claro, o clima e a luz s\u00e3o fundamentais. O <b>Girassol Vermelho<\/b> ama sol! Precisamos garantir que ele receba pelo menos 6 a 8 horas de luz direta todos os dias. Pense nele como um f\u00e3 de praia: quanto mais sol, melhor!<\/p>\n<h3>Rega e Manuten\u00e7\u00e3o<\/h3>\n<p>Manter o solo <b>uniformemente \u00famido<\/b> \u00e9 crucial, especialmente em per\u00edodos de secura. E se a chuva n\u00e3o ajudar, l\u00e1 vou eu regar. Mas aten\u00e7\u00e3o: nada de encharcar!<\/p>\n<h3>Benef\u00edcios do Girassol Vermelho<\/h3>\n<h3>Assista agora a minha recomenda\u00e7\u00e3o de video abaixo sobre o tema que estamos tratando neste artigo: <\/h3>\n<p><div class=\"youtube-embed\" data-video_id=\"XavMa9bZDHI\"><iframe title=\"planta\u00e7\u00e3o de girassol \ud83c\udf3b\" width=\"696\" height=\"392\" src=\"https:\/\/www.youtube.com\/embed\/XavMa9bZDHI?feature=oembed&#038;enablejsapi=1\" frameborder=\"0\" allow=\"accelerometer; autoplay; clipboard-write; encrypted-media; gyroscope; picture-in-picture; web-share\" referrerpolicy=\"strict-origin-when-cross-origin\" allowfullscreen><\/iframe><\/div>\n<\/p>\n<p>Al\u00e9m da beleza, o <b>Girassol Vermelho<\/b> atrai polinizadores, como abelhas e borboletas. Al\u00e9m disso, suas sementes s\u00e3o uma fonte nutritiva e deliciosa, podendo ser usadas de v\u00e1rias maneiras na cozinha. Del\u00edcia, n\u00e9?<\/p>\n<h3>Onde Comprar Sementes?<\/h3>\n<p>Se voc\u00ea quer elevar o n\u00edvel do seu jardim, recomendo <b>visitar o S\u00edtio da Mata<\/b>. Eles t\u00eam uma grande variedade de mudas, ent\u00e3o n\u00e3o perca tempo!<\/p>\n<h3>Pronto para Come\u00e7ar?<\/h3>\n<p>Transformar seu jardim com o <b>Girassol Vermelho<\/b> \u00e9 mais f\u00e1cil do que se imagina. Prepare seu espa\u00e7o, escolha as condi\u00e7\u00f5es ideais e veja toda a beleza que estas flores incr\u00edveis podem agregar ao seu lar!<\/p>\n","protected":false},"excerpt":{"rendered":"<p>Descubra o encanto do girassol vermelho! Conhe\u00e7a seu significado, dicas de cultivo e ideias criativas para incorporar essa flor vibrante na sua decora\u00e7\u00e3o.<\/p>\n","protected":false},"author":102,"featured_media":145768,"comment_status":"open","ping_status":"","sticky":false,"template":"","format":"standard","meta":{"footnotes":""},"categories":[9612,18792,18794],"tags":[],"class_list":["post-145771","post","type-post","status-publish","format-standard","has-post-thumbnail","category-jardinagem","category-decoracao-de-apartamento","category-projetos-de-decoracao-de-casas"],"_wp_attached_file":null,"_wp_attachment_metadata":null,"_wp_attachment_context":null,"_wp_attachment_is_custom_header":null,"geo_longitude":null,"geo_public":null,"geo_latitude":null,"_publicize_done_external":null,"_wpas_done_3897181":null,"publicize_twitter_user":null,"_wpas_done_3897175":null,"_wpas_skip_3897181":null,"_wpas_skip_3897175":null,"_wpas_skip_3924723":null,"_wpas_mess":null,"_wpas_done_3924723":null,"wps_subtitle":"","_links":{"self":[{"href":"https:\/\/www.aarquiteta.com.br\/blog\/wp-json\/wp\/v2\/posts\/145771","targetHints":{"allow":["GET"]}}],"collection":[{"href":"https:\/\/www.aarquiteta.com.br\/blog\/wp-json\/wp\/v2\/posts"}],"about":[{"href":"https:\/\/www.aarquiteta.com.br\/blog\/wp-json\/wp\/v2\/types\/post"}],"author":[{"embeddable":true,"href":"https:\/\/www.aarquiteta.com.br\/blog\/wp-json\/wp\/v2\/users\/102"}],"replies":[{"embeddable":true,"href":"https:\/\/www.aarquiteta.com.br\/blog\/wp-json\/wp\/v2\/comments?post=145771"}],"version-history":[{"count":0,"href":"https:\/\/www.aarquiteta.com.br\/blog\/wp-json\/wp\/v2\/posts\/145771\/revisions"}],"wp:featuredmedia":[{"embeddable":true,"href":"https:\/\/www.aarquiteta.com.br\/blog\/wp-json\/wp\/v2\/media\/145768"}],"wp:attachment":[{"href":"https:\/\/www.aarquiteta.com.br\/blog\/wp-json\/wp\/v2\/media?parent=145771"}],"wp:term":[{"taxonomy":"category","embeddable":true,"href":"https:\/\/www.aarquiteta.com.br\/blog\/wp-json\/wp\/v2\/categories?post=145771"},{"taxonomy":"post_tag","embeddable":true,"href":"https:\/\/www.aarquiteta.com.br\/blog\/wp-json\/wp\/v2\/tags?post=145771"}],"curies":[{"name":"wp","href":"https:\/\/api.w.org\/{rel}","templated":true}]}}