{"id":145765,"date":"2025-03-02T07:02:41","date_gmt":"2025-03-02T10:02:41","guid":{"rendered":"https:\/\/www.aarquiteta.com.br\/blog\/como-levantar-o-caudex-da-rosa-do-deserto\/"},"modified":"2025-03-02T07:02:41","modified_gmt":"2025-03-02T10:02:41","slug":"como-levantar-o-caudex-da-rosa-do-deserto","status":"publish","type":"post","link":"https:\/\/www.aarquiteta.com.br\/blog\/como-levantar-o-caudex-da-rosa-do-deserto\/","title":{"rendered":"Aprenda a Levantar o Caudex da Rosa do Deserto com Estas Dicas Pr\u00e1ticas"},"content":{"rendered":"<p>Aprender a <b>levantar o caudex<\/b> da rosa do deserto \u00e9 uma forma incr\u00edvel de deixar sua plantinha ainda mais linda e saud\u00e1vel. Neste guia, vou te mostrar dicas pr\u00e1ticas e um passo a passo para voc\u00ea potencializar o crescimento do seu adenium. Vamos nessa?<\/p>\n<h3>Introdu\u00e7\u00e3o<\/h3>\n<figure style=\"width: 1024px\" class=\"wp-caption aligncenter\"><img decoding=\"async\" src=\"https:\/\/www.aarquiteta.com.br\/blog\/wp-content\/uploads\/2025\/03\/como-levantar-o-caudex-da-rosa-do-deserto04.jpg\" alt=\"Aprenda a Levantar o Caudex da Rosa do Deserto com Estas Dicas Pr\u00e1ticas\" width=\"1024\" height=\"1024\" title=\"\"><figcaption class=\"wp-caption-text\">Aprenda a Levantar o Caudex da Rosa do Deserto com Estas Dicas Pr\u00e1ticas<\/figcaption><\/figure>\n<p>Levantar o caudex da rosa do deserto n\u00e3o \u00e9 apenas uma escolha est\u00e9tica, mas uma verdadeira estrat\u00e9gia para o crescimento da planta. O que muitos n\u00e3o sabem \u00e9 que essa parte engrandecida do caule, al\u00e9m de linda, \u00e9 um verdadeiro reservat\u00f3rio de nutrientes e \u00e1gua. Ent\u00e3o, que tal aprender a deix\u00e1-la em destaque e, ainda por cima, saud\u00e1vel?<\/p>\n<h3>Quando \u00e9 o momento certo?<\/h3>\n<figure style=\"width: 1024px\" class=\"wp-caption aligncenter\"><img decoding=\"async\" src=\"https:\/\/www.aarquiteta.com.br\/blog\/wp-content\/uploads\/2025\/03\/como-levantar-o-caudex-da-rosa-do-deserto03.jpg\" alt=\"Aprenda a Levantar o Caudex da Rosa do Deserto com Estas Dicas Pr\u00e1ticas\" width=\"1024\" height=\"1024\" title=\"\"><figcaption class=\"wp-caption-text\">Aprenda a Levantar o Caudex da Rosa do Deserto com Estas Dicas Pr\u00e1ticas<\/figcaption><\/figure>\n<p>Antes de mais nada, \u00e9 preciso <b>observar<\/b> sua planta. A rosa do deserto precisa ter pelo menos dois anos para que o levantamento do caudex seja seguro e eficaz. O ideal \u00e9 realizar o procedimento nos meses quentes, como primavera e ver\u00e3o. O frio e a chuva n\u00e3o s\u00e3o amigos desse tipo de planta\u00e7\u00e3o, ent\u00e3o, melhor evitar!<\/p>\n<h3>Materiais e Prepara\u00e7\u00e3o<\/h3>\n<figure style=\"width: 1024px\" class=\"wp-caption aligncenter\"><img decoding=\"async\" src=\"https:\/\/www.aarquiteta.com.br\/blog\/wp-content\/uploads\/2025\/03\/como-levantar-o-caudex-da-rosa-do-deserto02.jpg\" alt=\"Aprenda a Levantar o Caudex da Rosa do Deserto com Estas Dicas Pr\u00e1ticas\" width=\"1024\" height=\"1024\" title=\"\"><figcaption class=\"wp-caption-text\">Aprenda a Levantar o Caudex da Rosa do Deserto com Estas Dicas Pr\u00e1ticas<\/figcaption><\/figure>\n<p>Ent\u00e3o, primeiro, pegue alguns <b>materiais<\/b> essenciais, certo? Voc\u00ea vai precisar de: <\/p>\n<ul>\n<li>Isopor;<\/li>\n<li>Palitos de churrasco;<\/li>\n<li>Barbante;<\/li>\n<li>\u00c1lcool 70%;<\/li>\n<li>Tesoura ou estilete.<\/li>\n<\/ul>\n<p>Com tudo em m\u00e3os, voc\u00ea j\u00e1 est\u00e1 no caminho certo. Em seguida, limpe as ferramentas com o \u00e1lcool, porque seguran\u00e7a \u00e9 tudo!<\/p>\n<h3>Passo a passo para levantar o caudex<\/h3>\n<figure style=\"width: 1024px\" class=\"wp-caption aligncenter\"><img decoding=\"async\" src=\"https:\/\/www.aarquiteta.com.br\/blog\/wp-content\/uploads\/2025\/03\/como-levantar-o-caudex-da-rosa-do-deserto01.jpg\" alt=\"Aprenda a Levantar o Caudex da Rosa do Deserto com Estas Dicas Pr\u00e1ticas\" width=\"1024\" height=\"1024\" title=\"\"><figcaption class=\"wp-caption-text\">Aprenda a Levantar o Caudex da Rosa do Deserto com Estas Dicas Pr\u00e1ticas<\/figcaption><\/figure>\n<p>Pronto para colocar a m\u00e3o na massa? Vamos l\u00e1! Comece retirando sua planta do vaso com cuidado, <b>examinando as ra\u00edzes<\/b> para garantir que est\u00e3o saud\u00e1veis. Se elas estiverem bem, remove o substrato at\u00e9 visualizar o caudex.<\/p>\n<p>Agora, a parte delicada: lave e limpe as ra\u00edzes. Aqui, voc\u00ea vai cortar aquelas ra\u00edzes fininhas que envolvem o caudex, respeitando sempre a sa\u00fade da planta. \u00c9 como se voc\u00ea estivesse dando um banho de beleza na sua adenium, sabe?<\/p>\n<h3>A prepara\u00e7\u00e3o final<\/h3>\n<p>Depois de tudo limpo, \u00e9 hora de aplicar canela em p\u00f3 nos cortes. Esse truque \u00e9 um <b>bactericida natural<\/b> incr\u00edvel que vai proteger sua planta. Em vez de deix\u00e1-la coberta de terra, coloque um peda\u00e7o de isopor no fundo do vaso e posicione a planta com o caudex para cima.<\/p>\n<p>Agora, fixa com os palitos e barbante para que a planta fique bem ajustada. Por fim, adicione o substrato rico em c\u00e1lcio e magn\u00e9sio, e regue a planta com carinho. Lembre-se: a rotina de irriga\u00e7\u00e3o deve ser constante, mas nunca encharcada.<\/p>\n<h3>Dicas p\u00f3s-levantar<\/h3>\n<h3>Assista agora a minha recomenda\u00e7\u00e3o de video abaixo sobre o tema que estamos tratando neste artigo: <\/h3>\n<p><div class=\"youtube-embed\" data-video_id=\"9d2FEms1hpM\"><iframe title=\"DICAS PR\u00c1TICAS DA ANA: Como levantar o caudex da sua Rosa do Deserto\" width=\"696\" height=\"392\" src=\"https:\/\/www.youtube.com\/embed\/9d2FEms1hpM?feature=oembed&#038;enablejsapi=1\" frameborder=\"0\" allow=\"accelerometer; autoplay; clipboard-write; encrypted-media; gyroscope; picture-in-picture; web-share\" referrerpolicy=\"strict-origin-when-cross-origin\" allowfullscreen><\/iframe><\/div>\n<\/p>\n<p>Ap\u00f3s levantar o caudex, \u00e9 aconselh\u00e1vel deix\u00e1-la na sombra por uns 10 dias. N\u00e3o se preocupe, depois disso, ela vai buscar o sol como um adolescente atr\u00e1s do Wi-Fi! A luz vai ajudar na clorofila, e o resultado ser\u00e1 um caudex bem verdinho e saud\u00e1vel.<\/p>\n<h3>Perguntas Frequentes<\/h3>\n<h4>Quando \u00e9 ideal levantar o caudex?<\/h4>\n<p>Em lua crescente, a energia da planta est\u00e1 a mil por hora &#8211; perfeito para o crescimento!<\/p>\n<h4>O que fazer se o caudex murchar?<\/h4>\n<p>Bebida, por favor! A rosa do deserto precisa se hidratar. Mas sem exageros, hein?<\/p>\n<h4>Posso cobrir o caudex?<\/h4>\n<p>\u00c9 um &#8220;n\u00e3o&#8221; bem firme. O caudex precisa respirar para estar saud\u00e1vel!<\/p>\n<h4>Posso fazer tudo no mesmo dia?<\/h4>\n<p>Sim! Poda e levantamento s\u00e3o amigos e ajudam no processo de recupera\u00e7\u00e3o.<\/p>\n<h4>Com que frequ\u00eancia devo repetir o processo?<\/h4>\n<p>Isso depende do desenvolvimento da sua planta. Fique de olho!<\/p>\n<p>Agora que voc\u00ea conheceu todas as dicas para levantar o caudex da rosa do deserto, que tal colocar em pr\u00e1tica? Se ficou alguma d\u00favida ou voc\u00ea tem uma experi\u00eancia diferente para compartilhar, n\u00e3o hesite em deixar seu coment\u00e1rio abaixo! Estou aqui para te ajudar!<\/p>\n","protected":false},"excerpt":{"rendered":"<p>Descubra tudo sobre como levantar o caudex da rosa do deserto. Dicas e cuidados essenciais para o cultivo e manuten\u00e7\u00e3o.<\/p>\n","protected":false},"author":102,"featured_media":145762,"comment_status":"open","ping_status":"","sticky":false,"template":"","format":"standard","meta":{"footnotes":""},"categories":[9612,18792,18794],"tags":[],"class_list":["post-145765","post","type-post","status-publish","format-standard","has-post-thumbnail","category-jardinagem","category-decoracao-de-apartamento","category-projetos-de-decoracao-de-casas"],"_wp_attached_file":null,"_wp_attachment_metadata":null,"_wp_attachment_context":null,"_wp_attachment_is_custom_header":null,"geo_longitude":null,"geo_public":null,"geo_latitude":null,"_publicize_done_external":null,"_wpas_done_3897181":null,"publicize_twitter_user":null,"_wpas_done_3897175":null,"_wpas_skip_3897181":null,"_wpas_skip_3897175":null,"_wpas_skip_3924723":null,"_wpas_mess":null,"_wpas_done_3924723":null,"wps_subtitle":"","_links":{"self":[{"href":"https:\/\/www.aarquiteta.com.br\/blog\/wp-json\/wp\/v2\/posts\/145765","targetHints":{"allow":["GET"]}}],"collection":[{"href":"https:\/\/www.aarquiteta.com.br\/blog\/wp-json\/wp\/v2\/posts"}],"about":[{"href":"https:\/\/www.aarquiteta.com.br\/blog\/wp-json\/wp\/v2\/types\/post"}],"author":[{"embeddable":true,"href":"https:\/\/www.aarquiteta.com.br\/blog\/wp-json\/wp\/v2\/users\/102"}],"replies":[{"embeddable":true,"href":"https:\/\/www.aarquiteta.com.br\/blog\/wp-json\/wp\/v2\/comments?post=145765"}],"version-history":[{"count":0,"href":"https:\/\/www.aarquiteta.com.br\/blog\/wp-json\/wp\/v2\/posts\/145765\/revisions"}],"wp:featuredmedia":[{"embeddable":true,"href":"https:\/\/www.aarquiteta.com.br\/blog\/wp-json\/wp\/v2\/media\/145762"}],"wp:attachment":[{"href":"https:\/\/www.aarquiteta.com.br\/blog\/wp-json\/wp\/v2\/media?parent=145765"}],"wp:term":[{"taxonomy":"category","embeddable":true,"href":"https:\/\/www.aarquiteta.com.br\/blog\/wp-json\/wp\/v2\/categories?post=145765"},{"taxonomy":"post_tag","embeddable":true,"href":"https:\/\/www.aarquiteta.com.br\/blog\/wp-json\/wp\/v2\/tags?post=145765"}],"curies":[{"name":"wp","href":"https:\/\/api.w.org\/{rel}","templated":true}]}}