{"id":145742,"date":"2025-03-01T19:24:44","date_gmt":"2025-03-01T22:24:44","guid":{"rendered":"https:\/\/www.aarquiteta.com.br\/blog\/organizadores-de-cozinha\/"},"modified":"2025-03-01T19:24:44","modified_gmt":"2025-03-01T22:24:44","slug":"organizadores-de-cozinha","status":"publish","type":"post","link":"https:\/\/www.aarquiteta.com.br\/blog\/organizadores-de-cozinha\/","title":{"rendered":"Transforme sua Cozinha: Dicas Incr\u00edveis para Organizar e Maximizar Espa\u00e7o!"},"content":{"rendered":"<p>Transformar a sua cozinha em um espa\u00e7o pr\u00e1tico e agrad\u00e1vel \u00e9 mais f\u00e1cil do que voc\u00ea imagina! Neste artigo, vou compartilhar dicas incr\u00edveis para organizar e maximizar o espa\u00e7o da sua cozinha, tornando a rotina ainda mais funcional e cheia de estilo. Prepare-se para descobrir como pequenos detalhes podem fazer uma grande diferen\u00e7a!<\/p>\n<h3>1. Planejamento: A Alma da Organiza\u00e7\u00e3o<\/h3>\n<figure style=\"width: 1024px\" class=\"wp-caption aligncenter\"><img decoding=\"async\" src=\"https:\/\/www.aarquiteta.com.br\/blog\/wp-content\/uploads\/2025\/03\/organizadores-de-cozinha-5-730x730.jpg\" alt=\"Imagem de organizadores de cozinha\" title=\"\"><figcaption class=\"wp-caption-text\">Imagem de organizadores de cozinha<\/figcaption><\/figure>\n<p>Antes de sair colocando tudo em ordem, \u00e9 fundamental fazer um <b>planejamento<\/b>. Olhe sua cozinha com um olhar cr\u00edtico; o que voc\u00ea realmente usa e o que est\u00e1 apenas ocupando espa\u00e7o? Separe os utens\u00edlios, panelas e ingredientes que voc\u00ea utiliza com frequ\u00eancia. J\u00e1 ouviu falar do m\u00e9todo &#8220;menos \u00e9 mais&#8221;? Ele \u00e9 perfeito para cozinhas que precisam ser <b>funcionais<\/b>.<\/p>\n<p>Uma dica que sempre uso \u00e9: fa\u00e7a uma lista dos itens que voc\u00ea precisa. Assim, no momento de organizar, fica muito mais f\u00e1cil saber quais s\u00e3o as prioridades. E a gente n\u00e3o quer ficar perdendo tempo na hora de cozinhar, n\u00e9?<\/p>\n<h3>2. Aposte em Organizadores Funcionais<\/h3>\n<figure style=\"width: 1024px\" class=\"wp-caption aligncenter\"><img decoding=\"async\" src=\"https:\/\/www.aarquiteta.com.br\/blog\/wp-content\/uploads\/2025\/03\/organizadores-de-cozinha01.jpg\" alt=\"Organizadores de cozinha: sugest\u00f5es para deixar tudo em ordem\" width=\"1024\" height=\"1024\" title=\"\"><figcaption class=\"wp-caption-text\">Organizadores de cozinha: sugest\u00f5es para deixar tudo em ordem<\/figcaption><\/figure>\n<p>Os <b>organizadores de cozinha<\/b> s\u00e3o seus melhores amigos! Eles ajudam a utilizar o espa\u00e7o de forma inteligente. Potes transparentes para ingredientes a granel s\u00e3o \u00f3timos, pois voc\u00ea v\u00ea o que tem ali e evita a compra desnecess\u00e1ria. Al\u00e9m disso, investir em prateleiras, cestos e bandejas faz com que tudo fique \u00e0 m\u00e3o e ainda d\u00e1 um charminho \u00e0 decora\u00e7\u00e3o.<\/p>\n<p>Se o espa\u00e7o for limitado, pense em <b>organizadores suspensos<\/b>! Eles parecem muito bons e permiten pendurar utens\u00edlios e temperos, deixando a bancada livre praquelas receitas incr\u00edveis que voc\u00ea ama fazer.<\/p>\n<h3>3. Crie Estilo com um Toque Pessoal<\/h3>\n<figure style=\"width: 1024px\" class=\"wp-caption aligncenter\"><img decoding=\"async\" src=\"https:\/\/www.aarquiteta.com.br\/blog\/wp-content\/uploads\/2025\/03\/organizadores-de-cozinha-0.png\" alt=\"Imagem de organizadores de cozinha\" title=\"\"><figcaption class=\"wp-caption-text\">Imagem de organizadores de cozinha<\/figcaption><\/figure>\n<p>Quem disse que organiza\u00e7\u00e3o n\u00e3o pode ser bela? Para mim, a cozinha \u00e9 um espa\u00e7o especial e deve refletir minha personalidade. Fa\u00e7a combina\u00e7\u00f5es de <b>cores<\/b> e estilos nos seus potes e organizadores. E, quer saber de um truque? Use <b>etiquetas criativas<\/b> para identificar os itens. Assim, voc\u00ea traz um ar de sofistica\u00e7\u00e3o ao ambiente enquanto deixa tudo em ordem.<\/p>\n<p>Isso tamb\u00e9m serve como uma \u00f3tima desculpa para dar uma garibada nas coisas! As visitas quase sempre v\u00e3o comentar sobre o qu\u00e3o charmosa sua cozinha est\u00e1, e voc\u00ea sai ganhando no estilo e na praticidade.<\/p>\n<h3>4. O Poder do Aproveitamento de Espa\u00e7os<\/h3>\n<figure style=\"width: 1024px\" class=\"wp-caption aligncenter\"><img decoding=\"async\" src=\"https:\/\/www.aarquiteta.com.br\/blog\/wp-content\/uploads\/2025\/03\/organizadores-de-cozinha02.jpg\" alt=\"Organizadores de cozinha: sugest\u00f5es para deixar tudo em ordem\" width=\"1024\" height=\"1024\" title=\"\"><figcaption class=\"wp-caption-text\">Organizadores de cozinha: sugest\u00f5es para deixar tudo em ordem<\/figcaption><\/figure>\n<p>Voc\u00ea j\u00e1 reparou como o espa\u00e7o em baixo da pia \u00e9 muitas vezes esquecido? Aquela parte sem gra\u00e7a pode se transformar em um <b>espa\u00e7o \u00fatil<\/b> com cestos organizadores ou caixas empilh\u00e1veis. E n\u00e3o para por a\u00ed! Se voc\u00ea tem uma despensa, fa\u00e7a o mesmo. Organize os produtos de forma que tudo fique vis\u00edvel e acess\u00edvel, e voc\u00ea nunca mais perder\u00e1 tempo procurando ingredientes ou utens\u00edlios.<\/p>\n<p>Esse aproveitamento do espa\u00e7o ajuda a manter a cozinha mais funcional e, acredite, deixa tudo parecendo muito mais organizado. \u00c9 tipo Tetris, mas com estilo!<\/p>\n<h3>Resumo: Passos para uma Cozinha Organizada<\/h3>\n<figure style=\"width: 1024px\" class=\"wp-caption aligncenter\"><img decoding=\"async\" src=\"https:\/\/www.aarquiteta.com.br\/blog\/wp-content\/uploads\/2025\/03\/organizadores-de-cozinha-1-730x730.jpg\" alt=\"Imagem de organizadores de cozinha\" title=\"\"><figcaption class=\"wp-caption-text\">Imagem de organizadores de cozinha<\/figcaption><\/figure>\n<p>Para <b>transformar sua cozinha<\/b> e maximizar o espa\u00e7o, lembre-se de:<\/p>\n<ul>\n<li>Planejar com anteced\u00eancia e escolher o que realmente usa.<\/li>\n<li>Apostar em organizadores pr\u00e1ticos e funcionais.<\/li>\n<li>Adicionar um toque pessoal com cores e etiquetas.<\/li>\n<li>Aproveitar cada cantinho, como embaixo da pia e nas despensas.<\/li>\n<\/ul>\n<p>Agora que voc\u00ea tem essas dicas em m\u00e3os, que tal colocar a m\u00e3o na massa e dar um upgrade na sua cozinha? Estou super ansioso para saber como ficou! N\u00e3o hesite em deixar suas d\u00favidas ou coment\u00e1rios abaixo; estou aqui para ajudar!<\/p>\n<figure style=\"width: 1024px\" class=\"wp-caption aligncenter\"><img decoding=\"async\" src=\"https:\/\/www.aarquiteta.com.br\/blog\/wp-content\/uploads\/2025\/03\/organizadores-de-cozinha03.jpg\" alt=\"Organizadores de cozinha: sugest\u00f5es para deixar tudo em ordem\" width=\"1024\" height=\"1024\" title=\"\"><figcaption class=\"wp-caption-text\">Organizadores de cozinha: sugest\u00f5es para deixar tudo em ordem<\/figcaption><\/figure>\n<figure style=\"width: 1024px\" class=\"wp-caption aligncenter\"><img decoding=\"async\" src=\"https:\/\/www.aarquiteta.com.br\/blog\/wp-content\/uploads\/2025\/03\/organizadores-de-cozinha-2-730x730.jpg\" alt=\"Imagem de organizadores de cozinha\" title=\"\"><figcaption class=\"wp-caption-text\">Imagem de organizadores de cozinha<\/figcaption><\/figure>\n<figure style=\"width: 1024px\" class=\"wp-caption aligncenter\"><img decoding=\"async\" src=\"https:\/\/www.aarquiteta.com.br\/blog\/wp-content\/uploads\/2025\/03\/organizadores-de-cozinha4.jpg\" alt=\"Organizadores de cozinha: sugest\u00f5es para deixar tudo em ordem\" width=\"1024\" height=\"1024\" title=\"\"><figcaption class=\"wp-caption-text\">Organizadores de cozinha: sugest\u00f5es para deixar tudo em ordem<\/figcaption><\/figure>\n<figure style=\"width: 1024px\" class=\"wp-caption aligncenter\"><img decoding=\"async\" src=\"https:\/\/www.aarquiteta.com.br\/blog\/wp-content\/uploads\/2025\/03\/organizadores-de-cozinha-3-730x730.jpg\" alt=\"Imagem de organizadores de cozinha\" title=\"\"><figcaption class=\"wp-caption-text\">Imagem de organizadores de cozinha<\/figcaption><\/figure>\n<h3>Para se aprofundar mais sobre o tema, veja a minha recomenda\u00e7\u00e3o sobre o tema deste artigo no v\u00eddeo a seguir abaixo:<\/h3>\n<p><iframe title=\"YouTube video player\" src=\"https:\/\/www.youtube.com\/embed\/FHN5-LXYKqY\" width=\"560\" height=\"315\" frameborder=\"0\" allowfullscreen=\"allowfullscreen\"><\/iframe><\/p>\n<figure style=\"width: 1024px\" class=\"wp-caption aligncenter\"><img decoding=\"async\" src=\"https:\/\/www.aarquiteta.com.br\/blog\/wp-content\/uploads\/2025\/03\/organizadores-de-cozinha-4-730x913.jpg\" alt=\"Imagem de organizadores de cozinha\" title=\"\"><figcaption class=\"wp-caption-text\">Imagem de organizadores de cozinha<\/figcaption><\/figure>\n","protected":false},"excerpt":{"rendered":"<p>Descubra dicas e ideias de organizadores para a sua cozinha. Mantenha tudo em ordem e com estilo!<\/p>\n","protected":false},"author":102,"featured_media":145735,"comment_status":"open","ping_status":"","sticky":false,"template":"","format":"standard","meta":{"footnotes":""},"categories":[1484],"tags":[],"class_list":["post-145742","post","type-post","status-publish","format-standard","has-post-thumbnail","category-decoracao"],"_wp_attached_file":null,"_wp_attachment_metadata":null,"_wp_attachment_context":null,"_wp_attachment_is_custom_header":null,"geo_longitude":null,"geo_public":null,"geo_latitude":null,"_publicize_done_external":null,"_wpas_done_3897181":null,"publicize_twitter_user":null,"_wpas_done_3897175":null,"_wpas_skip_3897181":null,"_wpas_skip_3897175":null,"_wpas_skip_3924723":null,"_wpas_mess":null,"_wpas_done_3924723":null,"wps_subtitle":"","_links":{"self":[{"href":"https:\/\/www.aarquiteta.com.br\/blog\/wp-json\/wp\/v2\/posts\/145742","targetHints":{"allow":["GET"]}}],"collection":[{"href":"https:\/\/www.aarquiteta.com.br\/blog\/wp-json\/wp\/v2\/posts"}],"about":[{"href":"https:\/\/www.aarquiteta.com.br\/blog\/wp-json\/wp\/v2\/types\/post"}],"author":[{"embeddable":true,"href":"https:\/\/www.aarquiteta.com.br\/blog\/wp-json\/wp\/v2\/users\/102"}],"replies":[{"embeddable":true,"href":"https:\/\/www.aarquiteta.com.br\/blog\/wp-json\/wp\/v2\/comments?post=145742"}],"version-history":[{"count":0,"href":"https:\/\/www.aarquiteta.com.br\/blog\/wp-json\/wp\/v2\/posts\/145742\/revisions"}],"wp:featuredmedia":[{"embeddable":true,"href":"https:\/\/www.aarquiteta.com.br\/blog\/wp-json\/wp\/v2\/media\/145735"}],"wp:attachment":[{"href":"https:\/\/www.aarquiteta.com.br\/blog\/wp-json\/wp\/v2\/media?parent=145742"}],"wp:term":[{"taxonomy":"category","embeddable":true,"href":"https:\/\/www.aarquiteta.com.br\/blog\/wp-json\/wp\/v2\/categories?post=145742"},{"taxonomy":"post_tag","embeddable":true,"href":"https:\/\/www.aarquiteta.com.br\/blog\/wp-json\/wp\/v2\/tags?post=145742"}],"curies":[{"name":"wp","href":"https:\/\/api.w.org\/{rel}","templated":true}]}}