{"id":145696,"date":"2025-03-01T13:03:51","date_gmt":"2025-03-01T16:03:51","guid":{"rendered":"https:\/\/www.aarquiteta.com.br\/blog\/estilo-de-varanda\/"},"modified":"2025-03-01T13:03:51","modified_gmt":"2025-03-01T16:03:51","slug":"estilo-de-varanda","status":"publish","type":"post","link":"https:\/\/www.aarquiteta.com.br\/blog\/estilo-de-varanda\/","title":{"rendered":"Estilos de Varanda: Ideias para Decorar e Aproveitar seu Espa\u00e7o"},"content":{"rendered":"<p><body><\/p>\n<p>Voc\u00ea j\u00e1 percebeu como uma varanda bem decorada pode transformar completamente a sensa\u00e7\u00e3o do seu lar? <b>Seja pequena ou espa\u00e7osa, ela pode ser um ref\u00fagio para relaxar, trabalhar ou at\u00e9 receber amigos.<\/b> Vem comigo que eu vou te mostrar os estilos mais incr\u00edveis para criar um cantinho charmoso e funcional!<\/p>\n<h3>Transforme sua varanda em um ref\u00fagio acolhedor<\/h3>\n<figure style=\"width: 1024px\" class=\"wp-caption aligncenter\"><img decoding=\"async\" src=\"https:\/\/www.aarquiteta.com.br\/blog\/wp-content\/uploads\/2025\/03\/estilo-de-varanda04.jpg\" alt=\"Estilos de Varanda: Ideias para Decorar e Aproveitar seu Espa\u00e7o\" width=\"1024\" height=\"1024\" title=\"\"><figcaption class=\"wp-caption-text\">Estilos de Varanda: Ideias para Decorar e Aproveitar seu Espa\u00e7o<\/figcaption><\/figure>\n<p>J\u00e1 pensou em chegar em casa depois de um dia cansativo e ter aquele cantinho perfeito para relaxar? <b>A varanda pode ser esse espa\u00e7o m\u00e1gico<\/b>, mas tudo depende da decora\u00e7\u00e3o e do estilo que voc\u00ea escolher.<\/p>\n<p>Uma \u00f3tima ideia \u00e9 apostar em tons terrosos, madeira e plantas para criar uma pegada bem aconchegante. <b>\u00c9 quase como trazer um pedacinho da natureza para dentro de casa!<\/b> Uma rede ou uma poltrona confort\u00e1vel fazem toda a diferen\u00e7a.<\/p>\n<p>E se a ideia \u00e9 um clima mais intimista, vale investir em uma ilumina\u00e7\u00e3o mais quente com luzes amareladas ou pisca-piscas. <b>Poucos detalhes podem mudar completamente a sensa\u00e7\u00e3o do ambiente.<\/b><\/p>\n<h3>Varandas pequenas? Sem crise!<\/h3>\n<figure style=\"width: 1024px\" class=\"wp-caption aligncenter\"><img decoding=\"async\" src=\"https:\/\/www.aarquiteta.com.br\/blog\/wp-content\/uploads\/2025\/03\/estilo-de-varanda03.jpg\" alt=\"Estilos de Varanda: Ideias para Decorar e Aproveitar seu Espa\u00e7o\" width=\"1024\" height=\"1024\" title=\"\"><figcaption class=\"wp-caption-text\">Estilos de Varanda: Ideias para Decorar e Aproveitar seu Espa\u00e7o<\/figcaption><\/figure>\n<p>Muita gente acha que varanda pequena \u00e9 sin\u00f4nimo de pouco aproveitamento, mas \u00f3&#8230; est\u00e1 enganado! <b>Com truques certos, cada cantinho vira um espa\u00e7o funcional e lindo.<\/b><\/p>\n<p>Uma alternativa \u00e9 usar bancos com ba\u00fas para guardar objetos e evitar bagun\u00e7a. Outra ideia esperta \u00e9 apostar em mesas retr\u00e1teis, que podem ser abertas s\u00f3 quando necess\u00e1rio. <b>Praticidade \u00e9 tudo!<\/b><\/p>\n<p>Na decora\u00e7\u00e3o, espelhos s\u00e3o uma \u00f3tima solu\u00e7\u00e3o, porque criam a sensa\u00e7\u00e3o de que o espa\u00e7o \u00e9 maior. <b>\u00c9 a ilus\u00e3o de \u00f3tica agindo a favor do seu conforto!<\/b><\/p>\n<h3>Estilo moderno e sofisticado para impressionar<\/h3>\n<figure style=\"width: 1024px\" class=\"wp-caption aligncenter\"><img decoding=\"async\" src=\"https:\/\/www.aarquiteta.com.br\/blog\/wp-content\/uploads\/2025\/03\/estilo-de-varanda02.jpg\" alt=\"Estilos de Varanda: Ideias para Decorar e Aproveitar seu Espa\u00e7o\" width=\"1024\" height=\"1024\" title=\"\"><figcaption class=\"wp-caption-text\">Estilos de Varanda: Ideias para Decorar e Aproveitar seu Espa\u00e7o<\/figcaption><\/figure>\n<p>Se voc\u00ea gosta de ambientes elegantes e bem planejados, um toque moderno \u00e9 perfeito para sua varanda. <b>Minimalismo e sofistica\u00e7\u00e3o andam juntos aqui!<\/b><\/p>\n<p>Cores neutras, m\u00f3veis de linhas retas e poucos elementos decorativos s\u00e3o a chave para esse tipo de espa\u00e7o. Ah, e n\u00e3o se esque\u00e7a da ilumina\u00e7\u00e3o embutida! <b>O efeito fica incr\u00edvel, principalmente \u00e0 noite.<\/b><\/p>\n<p>Materiais como vidro, metal e concreto ajudam a trazer essa pegada contempor\u00e2nea. Uma mesinha com um bom vinho e pronto: seu novo ambiente preferido da casa est\u00e1 garantido!<\/p>\n<h3>Varanda r\u00fastica para quem ama aquela vibe de campo<\/h3>\n<figure style=\"width: 1024px\" class=\"wp-caption aligncenter\"><img decoding=\"async\" src=\"https:\/\/www.aarquiteta.com.br\/blog\/wp-content\/uploads\/2025\/03\/estilo-de-varanda01.jpg\" alt=\"Estilos de Varanda: Ideias para Decorar e Aproveitar seu Espa\u00e7o\" width=\"1024\" height=\"1024\" title=\"\"><figcaption class=\"wp-caption-text\">Estilos de Varanda: Ideias para Decorar e Aproveitar seu Espa\u00e7o<\/figcaption><\/figure>\n<p>Se voc\u00ea curte ambientes com cara de casa de fazenda, um estilo r\u00fastico pode ser mais a sua cara. <b>Muita madeira, texturas naturais e objetos que contam hist\u00f3rias s\u00e3o essenciais.<\/b><\/p>\n<p>Uma ideia simples e charmosa \u00e9 investir em pallets para sof\u00e1s ou mesas. Plantas pendentes e vasos de cer\u00e2mica ajudam a valorizar ainda mais esse clima acolhedor.<\/p>\n<p>E para completar? Almofadas e mantas de tric\u00f4 <b>que v\u00e3o te abra\u00e7ar nos dias mais frios.<\/b> Um verdadeiro convite para relaxar!<\/p>\n<h3>Resumo: Qual estilo combina mais com voc\u00ea?<\/h3>\n<ul>\n<li>Para um <b>ref\u00fagio acolhedor<\/b>: Invista em madeira, tons quentes e ilumina\u00e7\u00e3o suave.<\/li>\n<li>Se sua varanda \u00e9 <b>pequena<\/b>: M\u00f3veis multifuncionais e espelhos fazem milagres.<\/li>\n<li>No caso do <b>moderno<\/b>: Aposte em cores neutras, vidro e ilumina\u00e7\u00e3o embutida.<\/li>\n<li>E se o seu estilo \u00e9 <b>r\u00fastico<\/b>: Madeira, fibras naturais e plantas s\u00e3o essenciais.<\/li>\n<\/ul>\n<h3>Perguntas Frequentes (FAQ)<\/h3>\n<h3>Assista agora a minha recomenda\u00e7\u00e3o de video abaixo sobre o tema que estamos tratando neste artigo: <\/h3>\n<p><div class=\"youtube-embed\" data-video_id=\"iYO6k17WVco\"><iframe title=\"12 IDEIAS DE VARANDAS GOURMET PEQUENAS\" width=\"696\" height=\"392\" src=\"https:\/\/www.youtube.com\/embed\/iYO6k17WVco?feature=oembed&#038;enablejsapi=1\" frameborder=\"0\" allow=\"accelerometer; autoplay; clipboard-write; encrypted-media; gyroscope; picture-in-picture; web-share\" referrerpolicy=\"strict-origin-when-cross-origin\" allowfullscreen><\/iframe><\/div>\n<\/p>\n<p><strong>Minha varanda \u00e9 muito pequena. D\u00e1 para decorar mesmo assim?<\/strong><br \/>\nSim! Aposte em m\u00f3veis dobr\u00e1veis, prateleiras para otimizar espa\u00e7o e cores claras para ampliar a sensa\u00e7\u00e3o de amplitude.<\/p>\n<p><strong>Quais plantas s\u00e3o ideais para a varanda?<\/strong><br \/>\nDepende da ilumina\u00e7\u00e3o! Se bate sol direto, suculentas e cactos s\u00e3o \u00f3timas op\u00e7\u00f5es. Se for um local com menos luz, samambaias e jiboias s\u00e3o f\u00e1ceis de cuidar.<\/p>\n<p><strong>Como deixar a varanda mais aconchegante?<\/strong><br \/>\nInvista em ilumina\u00e7\u00e3o mais quente, almofadas confort\u00e1veis e elementos naturais, como madeira e texturas macias.  <\/p>\n<p>E a\u00ed, qual estilo combina mais com o seu espa\u00e7o? Comente aqui embaixo e me conta sua ideia para a sua varanda!<\/p>\n<p><\/body><\/p>\n","protected":false},"excerpt":{"rendered":"<p>Descubra os melhores estilos de varanda e como decorar seu espa\u00e7o com charme e funcionalidade. Inspire-se com ideias para varandas pequenas e grandes!<\/p>\n","protected":false},"author":102,"featured_media":145693,"comment_status":"open","ping_status":"","sticky":false,"template":"","format":"standard","meta":{"footnotes":""},"categories":[1484,971,18792,18794],"tags":[],"class_list":["post-145696","post","type-post","status-publish","format-standard","has-post-thumbnail","category-decoracao","category-design-de-interiores","category-decoracao-de-apartamento","category-projetos-de-decoracao-de-casas"],"_wp_attached_file":null,"_wp_attachment_metadata":null,"_wp_attachment_context":null,"_wp_attachment_is_custom_header":null,"geo_longitude":null,"geo_public":null,"geo_latitude":null,"_publicize_done_external":null,"_wpas_done_3897181":null,"publicize_twitter_user":null,"_wpas_done_3897175":null,"_wpas_skip_3897181":null,"_wpas_skip_3897175":null,"_wpas_skip_3924723":null,"_wpas_mess":null,"_wpas_done_3924723":null,"wps_subtitle":"","_links":{"self":[{"href":"https:\/\/www.aarquiteta.com.br\/blog\/wp-json\/wp\/v2\/posts\/145696","targetHints":{"allow":["GET"]}}],"collection":[{"href":"https:\/\/www.aarquiteta.com.br\/blog\/wp-json\/wp\/v2\/posts"}],"about":[{"href":"https:\/\/www.aarquiteta.com.br\/blog\/wp-json\/wp\/v2\/types\/post"}],"author":[{"embeddable":true,"href":"https:\/\/www.aarquiteta.com.br\/blog\/wp-json\/wp\/v2\/users\/102"}],"replies":[{"embeddable":true,"href":"https:\/\/www.aarquiteta.com.br\/blog\/wp-json\/wp\/v2\/comments?post=145696"}],"version-history":[{"count":0,"href":"https:\/\/www.aarquiteta.com.br\/blog\/wp-json\/wp\/v2\/posts\/145696\/revisions"}],"wp:featuredmedia":[{"embeddable":true,"href":"https:\/\/www.aarquiteta.com.br\/blog\/wp-json\/wp\/v2\/media\/145693"}],"wp:attachment":[{"href":"https:\/\/www.aarquiteta.com.br\/blog\/wp-json\/wp\/v2\/media?parent=145696"}],"wp:term":[{"taxonomy":"category","embeddable":true,"href":"https:\/\/www.aarquiteta.com.br\/blog\/wp-json\/wp\/v2\/categories?post=145696"},{"taxonomy":"post_tag","embeddable":true,"href":"https:\/\/www.aarquiteta.com.br\/blog\/wp-json\/wp\/v2\/tags?post=145696"}],"curies":[{"name":"wp","href":"https:\/\/api.w.org\/{rel}","templated":true}]}}