{"id":145686,"date":"2025-03-01T11:40:08","date_gmt":"2025-03-01T14:40:08","guid":{"rendered":"https:\/\/www.aarquiteta.com.br\/blog\/como-trabalhar-estudar-e-ter-vida-social\/"},"modified":"2025-03-01T11:40:08","modified_gmt":"2025-03-01T14:40:08","slug":"como-trabalhar-estudar-e-ter-vida-social","status":"publish","type":"post","link":"https:\/\/www.aarquiteta.com.br\/blog\/como-trabalhar-estudar-e-ter-vida-social\/","title":{"rendered":"Como equilibrar trabalho, estudo e vida social de forma eficaz."},"content":{"rendered":"<p>Conciliar trabalho, estudos e vida social pode parecer um desafio, mas com as estrat\u00e9gias certas, \u00e9 poss\u00edvel encontrar o equil\u00edbrio ideal. Neste artigo, vou compartilhar dicas valiosas para que voc\u00ea possa gerenciar seu tempo de forma eficaz e ainda aproveitar a vida.<\/p>\n<h2>Pontos principais do artigo:<\/h2>\n<ul>\n<li><b>Import\u00e2ncia da vida social:<\/b> A vida social \u00e9 essencial para a sa\u00fade mental e produtividade.<\/li>\n<li><b>Organiza\u00e7\u00e3o da agenda:<\/b> Planejar as atividades di\u00e1rias ajuda a priorizar o que realmente importa.<\/li>\n<li><b>Otimiza\u00e7\u00e3o do tempo:<\/b> Aproveitar momentos livres para estudar pode ser uma grande vantagem.<\/li>\n<li><b>Estudar com amigos:<\/b> Reunir-se para estudar pode ser divertido e enriquecedor.<\/li>\n<li><b>Respeito aos limites:<\/b> Saber dizer n\u00e3o e respeitar seus limites \u00e9 fundamental para evitar o burnout.<\/li>\n<li><b>Equil\u00edbrio \u00e9 a chave:<\/b> Encontrar um equil\u00edbrio entre trabalho, estudo e lazer \u00e9 poss\u00edvel e necess\u00e1rio.<\/li>\n<\/ul>\n<h2>Por que conciliar a vida social \u00e9 importante?<\/h2>\n<p>J\u00e1 parou pra pensar no quanto a vida social \u00e9 <b>essencial<\/b> para o nosso bem-estar? Imagine um mundo onde s\u00f3 se trabalha e estuda, sem um momento de descontra\u00e7\u00e3o. Isso n\u00e3o s\u00f3 \u00e9 insustent\u00e1vel, como tamb\u00e9m pode ser prejudicial. Pesquisas mostram que o excesso de trabalho pode levar a problemas s\u00e9rios, como estresse e at\u00e9 a temida S\u00edndrome de Burnout. Portanto, \u00e9 crucial encontrar um tempo para relaxar, socializar e recarregar as energias.<\/p>\n<p>Quando a gente se permite um tempo para <b>descontrair<\/b>, seja assistindo a uma s\u00e9rie, lendo um livro ou simplesmente batendo um papo com amigos, a produtividade no trabalho e nos estudos aumenta. Afinal, a mente precisa de um descanso para funcionar bem. Ent\u00e3o, n\u00e3o subestime a import\u00e2ncia de ter uma vida social ativa!<\/p>\n<h2>Como \u00e9 poss\u00edvel trabalhar, estudar e ter vida social?<\/h2>\n<p>Agora que j\u00e1 entendemos a import\u00e2ncia de equilibrar a vida social, vamos \u00e0s dicas pr\u00e1ticas para conseguir conciliar tudo isso. A primeira coisa que eu sempre recomendo \u00e9 <b>organizar sua agenda<\/b>.<\/p>\n<h3>Organize sua agenda<\/h3>\n<p>Ter um planejamento \u00e9 fundamental. Comece listando todas as suas atividades di\u00e1rias e, em seguida, priorize-as. O que \u00e9 mais importante? O que pode esperar? Ao organizar sua agenda, voc\u00ea consegue visualizar melhor o seu tempo e encaixar momentos para trabalho, estudo e lazer. N\u00e3o se esque\u00e7a de incluir pausas! Elas s\u00e3o essenciais para manter a produtividade.<\/p>\n<h3>Otimize o seu tempo<\/h3>\n<figure style=\"width: 1024px\" class=\"wp-caption aligncenter\"><img decoding=\"async\" src=\"https:\/\/www.aarquiteta.com.br\/blog\/wp-content\/uploads\/2025\/03\/original-6a867eaec8c450ff302a6eab8bb75a05.png\" alt=\"Como equilibrar trabalho, estudo e vida social de forma eficaz.\" width=\"1024\" height=\"1024\" title=\"\"><figcaption class=\"wp-caption-text\">Fonte: <a href=\"https:\/\/blog.anhanguera.com\/como-trabalhar-estudar-e-ter-vida-social\/\" target=\"_blank\" rel=\"noopener\">Blog anhanguera<\/a><\/figcaption><\/figure>\n<p>Voc\u00ea sabia que aqueles momentos que voc\u00ea passa no transporte p\u00fablico ou durante o intervalo do almo\u00e7o podem ser aproveitados para estudar? Com a tecnologia ao nosso favor, \u00e9 poss\u00edvel acessar videoaulas e materiais online de forma pr\u00e1tica. Assim, voc\u00ea pode <b>aproveitar cada minuto<\/b> do seu dia. Essa \u00e9 uma das grandes vantagens de estudar a dist\u00e2ncia, como na Anhanguera, onde voc\u00ea pode aprender de qualquer lugar.<\/p>\n<h3>Convide os amigos para estudar<\/h3>\n<p>Estudar n\u00e3o precisa ser uma atividade solit\u00e1ria. Que tal reunir os amigos para uma sess\u00e3o de estudos? Al\u00e9m de ser uma forma de socializar, voc\u00ea pode compartilhar conhecimentos e aprender com diferentes perspectivas. \u00c9 uma maneira divertida de <b>potencializar o aprendizado<\/b> e ainda passar tempo com quem voc\u00ea gosta.<\/p>\n<h3>Respeite seus limites<\/h3>\n<p>Por \u00faltimo, mas n\u00e3o menos importante, \u00e9 fundamental respeitar seus limites. N\u00e3o adianta querer encaixar mil atividades na sua rotina se voc\u00ea n\u00e3o tem energia para isso. Aprenda a <b>dizer n\u00e3o<\/b> quando necess\u00e1rio e priorize seu bem-estar. Recarregar as energias \u00e9 essencial para que voc\u00ea possa aproveitar ao m\u00e1ximo cada momento, seja no trabalho, nos estudos ou na vida social.<\/p>\n<h2>Conclus\u00e3o<\/h2>\n<p>Conciliar trabalho, estudos e vida social pode parecer um desafio, mas com as estrat\u00e9gias certas, \u00e9 totalmente poss\u00edvel. Ao organizar sua agenda, otimizar seu tempo, estudar com amigos e respeitar seus limites, voc\u00ea pode encontrar o equil\u00edbrio ideal. Lembre-se: a vida \u00e9 feita de momentos, e \u00e9 importante aproveitar cada um deles. Para mais dicas sobre como trabalhar e estudar, acesse o conte\u00fado completo <a href=\"https:\/\/blog.anhanguera.com\/trabalhar-e-estudar\/\" target=\"_blank\" rel=\"noopener\">aqui<\/a>.<\/p>\n<p><iframe width=\"560\" height=\"315\" src=\"https:\/\/www.youtube.com\/embed\/9UQvD7HGzlw\" title=\"YouTube video player\" frameborder=\"0\" allow=\"accelerometer; autoplay; clipboard-write; encrypted-media; gyroscope; picture-in-picture; web-share\" referrerpolicy=\"strict-origin-when-cross-origin\" allowfullscreen><\/iframe><\/p>\n","protected":false},"excerpt":{"rendered":"<p>Conciliar trabalho, estudos e vida social pode parecer um desafio, mas com as estrat\u00e9gias certas, \u00e9 poss\u00edvel encontrar o equil\u00edbrio ideal. Neste artigo, vou compartilhar dicas valiosas para que voc\u00ea possa gerenciar seu tempo de forma eficaz e ainda aproveitar a vida. Pontos principais do artigo: Import\u00e2ncia da vida social: A vida social \u00e9 essencial [&hellip;]<\/p>\n","protected":false},"author":20,"featured_media":145685,"comment_status":"open","ping_status":"","sticky":false,"template":"","format":"standard","meta":{"footnotes":""},"categories":[6,35497],"tags":[],"class_list":["post-145686","post","type-post","status-publish","format-standard","has-post-thumbnail","category-carreira-de-arquitetura","category-estudante"],"_wp_attached_file":null,"_wp_attachment_metadata":null,"_wp_attachment_context":null,"_wp_attachment_is_custom_header":null,"geo_longitude":null,"geo_public":null,"geo_latitude":null,"_publicize_done_external":null,"_wpas_done_3897181":null,"publicize_twitter_user":null,"_wpas_done_3897175":null,"_wpas_skip_3897181":null,"_wpas_skip_3897175":null,"_wpas_skip_3924723":null,"_wpas_mess":null,"_wpas_done_3924723":null,"wps_subtitle":"","_links":{"self":[{"href":"https:\/\/www.aarquiteta.com.br\/blog\/wp-json\/wp\/v2\/posts\/145686","targetHints":{"allow":["GET"]}}],"collection":[{"href":"https:\/\/www.aarquiteta.com.br\/blog\/wp-json\/wp\/v2\/posts"}],"about":[{"href":"https:\/\/www.aarquiteta.com.br\/blog\/wp-json\/wp\/v2\/types\/post"}],"author":[{"embeddable":true,"href":"https:\/\/www.aarquiteta.com.br\/blog\/wp-json\/wp\/v2\/users\/20"}],"replies":[{"embeddable":true,"href":"https:\/\/www.aarquiteta.com.br\/blog\/wp-json\/wp\/v2\/comments?post=145686"}],"version-history":[{"count":0,"href":"https:\/\/www.aarquiteta.com.br\/blog\/wp-json\/wp\/v2\/posts\/145686\/revisions"}],"wp:featuredmedia":[{"embeddable":true,"href":"https:\/\/www.aarquiteta.com.br\/blog\/wp-json\/wp\/v2\/media\/145685"}],"wp:attachment":[{"href":"https:\/\/www.aarquiteta.com.br\/blog\/wp-json\/wp\/v2\/media?parent=145686"}],"wp:term":[{"taxonomy":"category","embeddable":true,"href":"https:\/\/www.aarquiteta.com.br\/blog\/wp-json\/wp\/v2\/categories?post=145686"},{"taxonomy":"post_tag","embeddable":true,"href":"https:\/\/www.aarquiteta.com.br\/blog\/wp-json\/wp\/v2\/tags?post=145686"}],"curies":[{"name":"wp","href":"https:\/\/api.w.org\/{rel}","templated":true}]}}