{"id":145674,"date":"2025-02-28T19:41:36","date_gmt":"2025-02-28T22:41:36","guid":{"rendered":"https:\/\/www.aarquiteta.com.br\/blog\/buffet-para-sala-de-jantar\/"},"modified":"2025-02-28T19:41:36","modified_gmt":"2025-02-28T22:41:36","slug":"buffet-para-sala-de-jantar","status":"publish","type":"post","link":"https:\/\/www.aarquiteta.com.br\/blog\/buffet-para-sala-de-jantar\/","title":{"rendered":"Explore 60 Estilos de Buffet para Elevar a Decora\u00e7\u00e3o da Sua Sala de Jantar!"},"content":{"rendered":"<p>Voc\u00ea j\u00e1 percebeu como um simples <b>buffet<\/b> pode transformar a decora\u00e7\u00e3o da sua sala de jantar? Buffets n\u00e3o s\u00e3o apenas pr\u00e1ticos, eles s\u00e3o verdadeiros aliados para dar um charme especial ao espa\u00e7o. Se voc\u00ea est\u00e1 em busca de inspo, continue aqui, pois vou explorar 60 estilos incr\u00edveis que v\u00e3o elevar sua sala a outro patamar!<\/p>\n<h3>Introdu\u00e7\u00e3o<\/h3>\n<figure style=\"width: 1024px\" class=\"wp-caption aligncenter\"><img decoding=\"async\" src=\"https:\/\/www.aarquiteta.com.br\/blog\/wp-content\/uploads\/2025\/02\/buffet-para-sala-de-jantar-05-730x510.jpg\" alt=\"Efeito r\u00fastico com linhas assim\u00e9tricas\" title=\"\"><figcaption class=\"wp-caption-text\">Efeito r\u00fastico com linhas assim\u00e9tricas<\/figcaption><\/figure>\n<p>A sala de jantar \u00e9 aquele cantinho especial que re\u00fane a fam\u00edlia e os amigos \u00e0 mesa para momentos inesquec\u00edveis. Por isso, escolher o <b>buffet<\/b> ideal n\u00e3o \u00e9 s\u00f3 uma quest\u00e3o de funcionalidade, mas sim de criar um ambiente aconchegante e estiloso. Ah, e n\u00e3o se esque\u00e7a: a escolha do buffet certo pode fazer toda a diferen\u00e7a na decora\u00e7\u00e3o da sua casa.<\/p>\n<h3>Buffets Cl\u00e1ssicos e Elegantes<\/h3>\n<figure style=\"width: 1024px\" class=\"wp-caption aligncenter\"><img decoding=\"async\" src=\"https:\/\/www.aarquiteta.com.br\/blog\/wp-content\/uploads\/2025\/02\/buffet-para-sala-de-jantar01.jpg\" alt=\"Buffet para sala de jantar: 60 modelos para ter esse item na decora\u00e7\u00e3o\" width=\"1024\" height=\"1024\" title=\"\"><figcaption class=\"wp-caption-text\">Buffet para sala de jantar: 60 modelos para ter esse item na decora\u00e7\u00e3o<\/figcaption><\/figure>\n<p>Se voc\u00ea \u00e9 f\u00e3 de um estilo mais <b>cl\u00e1ssico<\/b>, os buffets em madeira escura s\u00e3o perfeitos. Eles trazem um ar de sofistica\u00e7\u00e3o e combinam com quase todos os tipos de mesas. Uma mesa redonda, por exemplo, fica ainda mais charmosa ao lado de um buffet bem elaborado. N\u00e3o esque\u00e7a do <b>detalhe<\/b>: uma lumin\u00e1ria pendente em cima da mesa para dar aquele toque pessoal!<\/p>\n<p>Outra op\u00e7\u00e3o cl\u00e1ssica \u00e9 o buffet espelhado. Esse estilo n\u00e3o \u00e9 s\u00f3 bonito, mas tamb\u00e9m ajuda a <b>ampliar o espa\u00e7o<\/b> visualmente. Que tal usar esse truque em salas menores? Pode apostar que seus convidados v\u00e3o amar!<\/p>\n<h3>Buffets Modernos e Minimalistas<\/h3>\n<figure style=\"width: 1024px\" class=\"wp-caption aligncenter\"><img decoding=\"async\" src=\"https:\/\/www.aarquiteta.com.br\/blog\/wp-content\/uploads\/2025\/02\/buffet-para-sala-de-jantar.jpg\" alt=\"Buffet para sala de jantar\" title=\"\"><figcaption class=\"wp-caption-text\">Buffet para sala de jantar<\/figcaption><\/figure>\n<p>Agora, se o seu estilo \u00e9 mais <b>moderno<\/b>, os buffets com linhas retas e formas geom\u00e9tricas s\u00e3o a pedida certa. Eles trazem um ar contempor\u00e2neo \u00e0 sala de jantar. Esse tipo de buffet tamb\u00e9m costuma apresentar acabamentos mais ousados, como o uso de <b>branco<\/b> e preto, que cria um contraste bem interessante para a decora\u00e7\u00e3o.<\/p>\n<p>Buffets minimalistas, com puxadores embutidos e design clean, s\u00e3o super funcionais e ficam lindos em ambientes urbanos. Al\u00e9m de serem pr\u00e1ticos, eles <b>facilitam a organiza\u00e7\u00e3o<\/b> dos utens\u00edlios, deixando tudo mais acess\u00edvel na hora de servir.<\/p>\n<h3>Buffets R\u00fasticos e Confort\u00e1veis<\/h3>\n<figure style=\"width: 1024px\" class=\"wp-caption aligncenter\"><img decoding=\"async\" src=\"https:\/\/www.aarquiteta.com.br\/blog\/wp-content\/uploads\/2025\/02\/buffet-para-sala-de-jantar02.jpg\" alt=\"Buffet para sala de jantar: 60 modelos para ter esse item na decora\u00e7\u00e3o\" width=\"1024\" height=\"1024\" title=\"\"><figcaption class=\"wp-caption-text\">Buffet para sala de jantar: 60 modelos para ter esse item na decora\u00e7\u00e3o<\/figcaption><\/figure>\n<p>Se a sua vibe \u00e9 mais <b>r\u00fastica<\/b>, que tal investir em um buffet feito de madeira de demoli\u00e7\u00e3o? Esse tipo de m\u00f3vel traz um ar acolhedor e cheio de hist\u00f3ria para a sua sala. Eles s\u00e3o perfeitos para quem ama um estilo mais <b>caseiro<\/b> e aconchegante.<\/p>\n<p>Outra op\u00e7\u00e3o s\u00e3o os buffets com acabamentos em cimento ou pedras, que combinam com plantas e flores naturais. Isso cria um visual super harm\u00f4nico e cheio de vida. E c\u00e1 entre n\u00f3s, quem n\u00e3o ama uma decora\u00e7\u00e3o que respira natureza?<\/p>\n<h3>Buffets Coloridos e Divertidos<\/h3>\n<figure style=\"width: 1024px\" class=\"wp-caption aligncenter\"><img decoding=\"async\" src=\"https:\/\/www.aarquiteta.com.br\/blog\/wp-content\/uploads\/2025\/02\/buffet-para-sala-de-jantar-01.jpg\" alt=\"Buffet para sala de jantar estilosa\" title=\"\"><figcaption class=\"wp-caption-text\">Buffet para sala de jantar estilosa<\/figcaption><\/figure>\n<p>Se voc\u00ea quer <b>alegrar<\/b> o ambiente, pode optar por buffets coloridos! Eles s\u00e3o uma verdadeira explos\u00e3o de alegria e podem servir como o ponto focal da sua sala. Um buffet em tons vibrantes ou at\u00e9 mesmo <b>bicolor<\/b> pode ser o destaque que voc\u00ea estava procurando.<\/p>\n<p>Para os mais ousados, um buffet com imagem de Salvador Dal\u00ed, por exemplo, pode ser uma \u00f3tima refer\u00eancia. Quem disse que decora\u00e7\u00e3o n\u00e3o pode ser divertida? Isso vai deixar sua sala com uma personalidade \u00fanica!<\/p>\n<h3>Conclus\u00e3o<\/h3>\n<figure style=\"width: 1024px\" class=\"wp-caption aligncenter\"><img decoding=\"async\" src=\"https:\/\/www.aarquiteta.com.br\/blog\/wp-content\/uploads\/2025\/02\/buffet-para-sala-de-jantar03.jpg\" alt=\"Buffet para sala de jantar: 60 modelos para ter esse item na decora\u00e7\u00e3o\" width=\"1024\" height=\"1024\" title=\"\"><figcaption class=\"wp-caption-text\">Buffet para sala de jantar: 60 modelos para ter esse item na decora\u00e7\u00e3o<\/figcaption><\/figure>\n<p>Portanto, n\u00e3o importa se voc\u00ea prefere um estilo <b>cl\u00e1ssico<\/b> ou se \u00e9 mais do time do <b>moderno<\/b>, sempre h\u00e1 um buffet ideal para a sua sala de jantar. Ao escolher, leve em considera\u00e7\u00e3o o espa\u00e7o, suas prefer\u00eancias e, claro, aquele seu toque especial. Espero que essas sugest\u00f5es te ajudem a encontrar o buffet perfeito e a deixar seu cantinho ainda mais incr\u00edvel!<\/p>\n<h3>Perguntas Frequentes<\/h3>\n<figure style=\"width: 1024px\" class=\"wp-caption aligncenter\"><img decoding=\"async\" src=\"https:\/\/www.aarquiteta.com.br\/blog\/wp-content\/uploads\/2025\/02\/buffet-para-sala-de-jantar-02-730x527.jpg\" alt=\"Buffet para sala de jantar espelhado\" title=\"\"><figcaption class=\"wp-caption-text\">Buffet para sala de jantar espelhado<\/figcaption><\/figure>\n<ul>\n<li><b>Quais materiais s\u00e3o melhores para buffets?<\/b> Madeira e mdf s\u00e3o populares, mas tamb\u00e9m existem op\u00e7\u00f5es em metal e vidro. Confira as caracter\u00edsticas!<\/li>\n<li><b>Como escolher o tamanho do buffet?<\/b> Me\u00e7a seu espa\u00e7o e considere a propor\u00e7\u00e3o em rela\u00e7\u00e3o \u00e0 mesa de jantar.<\/li>\n<li><b>Buffets s\u00e3o apenas decorativos?<\/b> N\u00e3o! Al\u00e9m de decorar, eles servem para armazenar utens\u00edlios, toalhas e at\u00e9 vinho.<\/li>\n<\/ul>\n<p>Ficou com alguma d\u00favida? N\u00e3o hesite em deixar seu coment\u00e1rio abaixo, vou adorar conversar sobre decora\u00e7\u00e3o e te ajudar nessa jornada de deixar sua casa mais linda!<\/p>\n<figure style=\"width: 1024px\" class=\"wp-caption aligncenter\"><img decoding=\"async\" src=\"https:\/\/www.aarquiteta.com.br\/blog\/wp-content\/uploads\/2025\/02\/buffet-para-sala-de-jantar4.jpg\" alt=\"Buffet para sala de jantar: 60 modelos para ter esse item na decora\u00e7\u00e3o\" width=\"1024\" height=\"1024\" title=\"\"><figcaption class=\"wp-caption-text\">Buffet para sala de jantar: 60 modelos para ter esse item na decora\u00e7\u00e3o<\/figcaption><\/figure>\n<figure style=\"width: 1024px\" class=\"wp-caption aligncenter\"><img decoding=\"async\" src=\"https:\/\/www.aarquiteta.com.br\/blog\/wp-content\/uploads\/2025\/02\/buffet-para-sala-de-jantar-03-730x730.jpg\" alt=\"Modelo ideal para \u00e1reas pequenas\" title=\"\"><figcaption class=\"wp-caption-text\">Modelo ideal para \u00e1reas pequenas<\/figcaption><\/figure>\n<h3>Para se aprofundar mais sobre o tema, veja a minha recomenda\u00e7\u00e3o sobre o tema deste artigo no v\u00eddeo a seguir abaixo:<\/h3>\n<p><iframe title=\"YouTube video player\" src=\"https:\/\/www.youtube.com\/embed\/LJnjJLHuRpA\" width=\"560\" height=\"315\" frameborder=\"0\" allowfullscreen=\"allowfullscreen\"><\/iframe><\/p>\n<figure style=\"width: 1024px\" class=\"wp-caption aligncenter\"><img decoding=\"async\" src=\"https:\/\/www.aarquiteta.com.br\/blog\/wp-content\/uploads\/2025\/02\/buffet-para-sala-de-jantar-04-730x913.jpg\" alt=\"Exemplo feito em madeira\" title=\"\"><figcaption class=\"wp-caption-text\">Exemplo feito em madeira<\/figcaption><\/figure>\n","protected":false},"excerpt":{"rendered":"<p>Descubra 60 modelos incr\u00edveis de buffets para sala de jantar que trazem estilo e personalidade \u00e0 sua decora\u00e7\u00e3o.<\/p>\n","protected":false},"author":102,"featured_media":145667,"comment_status":"open","ping_status":"","sticky":false,"template":"","format":"standard","meta":{"footnotes":""},"categories":[1484],"tags":[],"class_list":["post-145674","post","type-post","status-publish","format-standard","has-post-thumbnail","category-decoracao"],"_wp_attached_file":null,"_wp_attachment_metadata":null,"_wp_attachment_context":null,"_wp_attachment_is_custom_header":null,"geo_longitude":null,"geo_public":null,"geo_latitude":null,"_publicize_done_external":null,"_wpas_done_3897181":null,"publicize_twitter_user":null,"_wpas_done_3897175":null,"_wpas_skip_3897181":null,"_wpas_skip_3897175":null,"_wpas_skip_3924723":null,"_wpas_mess":null,"_wpas_done_3924723":null,"wps_subtitle":"","_links":{"self":[{"href":"https:\/\/www.aarquiteta.com.br\/blog\/wp-json\/wp\/v2\/posts\/145674","targetHints":{"allow":["GET"]}}],"collection":[{"href":"https:\/\/www.aarquiteta.com.br\/blog\/wp-json\/wp\/v2\/posts"}],"about":[{"href":"https:\/\/www.aarquiteta.com.br\/blog\/wp-json\/wp\/v2\/types\/post"}],"author":[{"embeddable":true,"href":"https:\/\/www.aarquiteta.com.br\/blog\/wp-json\/wp\/v2\/users\/102"}],"replies":[{"embeddable":true,"href":"https:\/\/www.aarquiteta.com.br\/blog\/wp-json\/wp\/v2\/comments?post=145674"}],"version-history":[{"count":0,"href":"https:\/\/www.aarquiteta.com.br\/blog\/wp-json\/wp\/v2\/posts\/145674\/revisions"}],"wp:featuredmedia":[{"embeddable":true,"href":"https:\/\/www.aarquiteta.com.br\/blog\/wp-json\/wp\/v2\/media\/145667"}],"wp:attachment":[{"href":"https:\/\/www.aarquiteta.com.br\/blog\/wp-json\/wp\/v2\/media?parent=145674"}],"wp:term":[{"taxonomy":"category","embeddable":true,"href":"https:\/\/www.aarquiteta.com.br\/blog\/wp-json\/wp\/v2\/categories?post=145674"},{"taxonomy":"post_tag","embeddable":true,"href":"https:\/\/www.aarquiteta.com.br\/blog\/wp-json\/wp\/v2\/tags?post=145674"}],"curies":[{"name":"wp","href":"https:\/\/api.w.org\/{rel}","templated":true}]}}