{"id":145587,"date":"2025-02-28T03:40:17","date_gmt":"2025-02-28T06:40:17","guid":{"rendered":"https:\/\/www.aarquiteta.com.br\/blog\/materias-do-novo-ensino-medio\/"},"modified":"2025-02-28T03:40:17","modified_gmt":"2025-02-28T06:40:17","slug":"materias-do-novo-ensino-medio","status":"publish","type":"post","link":"https:\/\/www.aarquiteta.com.br\/blog\/materias-do-novo-ensino-medio\/","title":{"rendered":"Descubra os Melhores Materiais do Novo Ensino M\u00e9dio."},"content":{"rendered":"<p>O novo ensino m\u00e9dio trouxe mudan\u00e7as significativas na estrutura curricular, visando tornar a educa\u00e7\u00e3o mais atrativa e alinhada \u00e0s necessidades dos alunos. Neste artigo, vamos explorar as mat\u00e9rias do novo ensino m\u00e9dio e como elas impactam a forma\u00e7\u00e3o dos estudantes.<\/p>\n<h2>Quais s\u00e3o as mat\u00e9rias do ensino m\u00e9dio?<\/h2>\n<p>O ensino m\u00e9dio, agora, conta com um n\u00facleo de disciplinas obrigat\u00f3rias que todos os alunos devem cursar durante os tr\u00eas anos. Essas mat\u00e9rias s\u00e3o as que j\u00e1 conhecemos, mas com uma nova roupagem. Com a reforma, as disciplinas n\u00e3o s\u00e3o mais abordadas de forma isolada, mas agrupadas em quatro \u00e1reas do conhecimento, assim como no Enem. Isso significa que, embora as mat\u00e9rias tradicionais continuem, a forma como s\u00e3o ensinadas e integradas muda bastante.<\/p>\n<h3>Disciplinas obrigat\u00f3rias<\/h3>\n<p>As disciplinas obrigat\u00f3rias s\u00e3o <b>L\u00edngua Portuguesa<\/b> e <b>Matem\u00e1tica<\/b>, que devem ser cursadas durante todo o ensino m\u00e9dio. Al\u00e9m delas, outras mat\u00e9rias como <b>Hist\u00f3ria<\/b>, <b>Geografia<\/b>, <b>Ci\u00eancias<\/b>, <b>Educa\u00e7\u00e3o F\u00edsica<\/b> e <b>Ingl\u00eas<\/b> tamb\u00e9m fazem parte do curr\u00edculo, mas com uma nova abordagem. O foco agora \u00e9 integrar essas disciplinas, permitindo que os alunos vejam a conex\u00e3o entre os diferentes campos do conhecimento.<\/p>\n<h3>Itiner\u00e1rios formativos<\/h3>\n<figure style=\"width: 1024px\" class=\"wp-caption aligncenter\"><img decoding=\"async\" src=\"https:\/\/www.aarquiteta.com.br\/blog\/wp-content\/uploads\/2025\/02\/materias-do-novo-ensino-medio.jpg\" alt=\"Descubra os Melhores Materiais do Novo Ensino M\u00e9dio.\" width=\"1024\" height=\"1024\" title=\"\"><figcaption class=\"wp-caption-text\">Fonte: <a href=\"https:\/\/blog.anhanguera.com\/materias-do-novo-ensino-medio\/\" target=\"_blank\" rel=\"noopener\">Blog anhanguera<\/a><\/figcaption><\/figure>\n<p>Uma das grandes novidades do novo ensino m\u00e9dio \u00e9 a introdu\u00e7\u00e3o dos <b>itiner\u00e1rios formativos<\/b>. Esses itiner\u00e1rios permitem que os alunos escolham \u00e1reas de estudo que mais os interessam, como <b>Ci\u00eancias da Natureza<\/b>, <b>Ci\u00eancias Humanas<\/b>, <b>Forma\u00e7\u00e3o T\u00e9cnica e Profissional<\/b> e <b>Matem\u00e1tica e suas Tecnologias<\/b>. Isso significa que, se um aluno tem interesse em Biomedicina, por exemplo, ele pode focar mais nas disciplinas de Ci\u00eancias da Natureza, tornando seu aprendizado mais relevante e direcionado.<\/p>\n<h3>Carga hor\u00e1ria ampliada<\/h3>\n<p>Com a reforma, a carga hor\u00e1ria do ensino m\u00e9dio aumentou de <b>800 horas anuais<\/b> para <b>1.400 horas<\/b>, o que equivale a cerca de 7 horas de aula por dia. Essa mudan\u00e7a \u00e9 significativa, pois permite que os alunos tenham mais tempo para se aprofundar nas mat\u00e9rias e nos itiner\u00e1rios formativos. Desse total, 40% da carga hor\u00e1ria \u00e9 destinada aos itiner\u00e1rios, enquanto 60% s\u00e3o para as disciplinas tradicionais.<\/p>\n<h3>Professores e forma\u00e7\u00e3o docente<\/h3>\n<p>Outra mudan\u00e7a importante diz respeito \u00e0 forma\u00e7\u00e3o dos professores. Agora, \u00e9 permitido que profissionais com <b>not\u00f3rio saber<\/b> em suas \u00e1reas atuem como docentes nos itiner\u00e1rios formativos. Isso significa que, al\u00e9m de professores com forma\u00e7\u00e3o acad\u00eamica, especialistas do mercado tamb\u00e9m podem contribuir para a forma\u00e7\u00e3o dos alunos, trazendo uma vis\u00e3o pr\u00e1tica e atualizada das disciplinas.<\/p>\n<h3>Flexibiliza\u00e7\u00e3o do curr\u00edculo<\/h3>\n<p>A flexibiliza\u00e7\u00e3o do curr\u00edculo \u00e9 uma das chaves para o sucesso do novo ensino m\u00e9dio. Com a possibilidade de escolher itiner\u00e1rios, os alunos podem moldar sua forma\u00e7\u00e3o de acordo com seus interesses e aspira\u00e7\u00f5es profissionais. Essa mudan\u00e7a visa aumentar o engajamento dos estudantes e, consequentemente, reduzir a evas\u00e3o escolar e melhorar os resultados de aprendizagem.<\/p>\n<h3>Impacto no vestibular e no Enem<\/h3>\n<p><iframe width=\"560\" height=\"315\" src=\"https:\/\/www.youtube.com\/embed\/mdgx0fJa-_Q\" title=\"YouTube video player\" frameborder=\"0\" allow=\"accelerometer; autoplay; clipboard-write; encrypted-media; gyroscope; picture-in-picture; web-share\" referrerpolicy=\"strict-origin-when-cross-origin\" allowfullscreen><\/iframe><\/p>\n<p>Com as mudan\u00e7as no ensino m\u00e9dio, o <b>Enem<\/b> tamb\u00e9m passar\u00e1 por transforma\u00e7\u00f5es. A partir de 2024, a prova ser\u00e1 dividida em duas etapas: no primeiro dia, ser\u00e3o cobrados conte\u00fados gerais, enquanto no segundo, os alunos far\u00e3o testes espec\u00edficos de acordo com o campo que desejam seguir. Isso significa que quem quer cursar \u00e1reas como <b>Humanas<\/b> ou <b>Exatas<\/b> precisar\u00e1 se preparar para quest\u00f5es espec\u00edficas, al\u00e9m das gerais.<\/p>\n<h2>Como essas mat\u00e9rias s\u00e3o vistas no vestibular?<\/h2>\n<p>As mudan\u00e7as no ensino m\u00e9dio t\u00eam um impacto direto na prepara\u00e7\u00e3o para o vestibular. Com a nova estrutura, os alunos precisam estar atentos \u00e0s disciplinas que comp\u00f5em os itiner\u00e1rios formativos, pois elas ser\u00e3o fundamentais para o desempenho nas provas. Por exemplo, quem deseja seguir uma carreira na \u00e1rea de <b>Ci\u00eancias Humanas<\/b> deve focar nas mat\u00e9rias relacionadas a essa \u00e1rea, como <b>Hist\u00f3ria<\/b> e <b>Sociologia<\/b>.<\/p>\n<h2>Como entend\u00ea-las pode ajudar a escolher uma profiss\u00e3o?<\/h2>\n<p>Compreender as mat\u00e9rias do novo ensino m\u00e9dio \u00e9 essencial para a escolha de uma profiss\u00e3o. Se um aluno sonha em cursar <b>Psicologia<\/b>, por exemplo, ele deve se dedicar \u00e0s disciplinas de <b>Ci\u00eancias Humanas<\/b>. Da mesma forma, quem deseja seguir na \u00e1rea de <b>Engenharia<\/b> deve focar nas <b>Ci\u00eancias da Natureza<\/b>. Essa conex\u00e3o entre as mat\u00e9rias e as profiss\u00f5es \u00e9 fundamental para que os alunos fa\u00e7am escolhas mais informadas e alinhadas com seus interesses.<\/p>\n<p>Agora que voc\u00ea j\u00e1 sabe quais s\u00e3o as mat\u00e9rias do novo ensino m\u00e9dio e como elas se relacionam com o futuro profissional, \u00e9 hora de ficar de olho nas mudan\u00e7as e se preparar para essa nova fase. Se voc\u00ea est\u00e1 pensando em dar o pr\u00f3ximo passo na sua educa\u00e7\u00e3o, considere se inscrever em uma faculdade de excel\u00eancia, como a Anhanguera. Para mais informa\u00e7\u00f5es, acesse o link: <a href=\"https:\/\/www.anhanguera.com\/inscricao?utm_source=blog&#038;utm_medium=post&#038;utm_campaign=Quantas+mat%C3%A9rias+tem+o+ensino+m%C3%A9dio+e+quais+s%C3%A3o+elas%3F\" target=\"_blank\" rel=\"noopener\">Inscreva-se aqui<\/a>.<\/p>\n<p>Em resumo, o novo ensino m\u00e9dio traz uma s\u00e9rie de mudan\u00e7as que visam tornar a educa\u00e7\u00e3o mais relevante e alinhada com as necessidades dos alunos. Com a flexibiliza\u00e7\u00e3o do curr\u00edculo, a introdu\u00e7\u00e3o de itiner\u00e1rios formativos e a amplia\u00e7\u00e3o da carga hor\u00e1ria, os estudantes t\u00eam a oportunidade de moldar sua forma\u00e7\u00e3o de acordo com seus interesses e aspira\u00e7\u00f5es profissionais. Portanto, \u00e9 fundamental que os alunos e suas fam\u00edlias estejam atentos a essas mudan\u00e7as e aproveitem ao m\u00e1ximo as oportunidades que o novo ensino m\u00e9dio oferece.<\/p>\n<p>Termine o ensino m\u00e9dio e venha estudar em uma faculdade de excel\u00eancia. Inscreva-se no vestibular online da Anhanguera e saia na frente!<\/p>\n","protected":false},"excerpt":{"rendered":"<p>O novo ensino m\u00e9dio trouxe mudan\u00e7as significativas na estrutura curricular, visando tornar a educa\u00e7\u00e3o mais atrativa e alinhada \u00e0s necessidades dos alunos. Neste artigo, vamos explorar as mat\u00e9rias do novo ensino m\u00e9dio e como elas impactam a forma\u00e7\u00e3o dos estudantes. Quais s\u00e3o as mat\u00e9rias do ensino m\u00e9dio? O ensino m\u00e9dio, agora, conta com um n\u00facleo [&hellip;]<\/p>\n","protected":false},"author":20,"featured_media":145586,"comment_status":"open","ping_status":"","sticky":false,"template":"","format":"standard","meta":{"footnotes":""},"categories":[6,35497],"tags":[],"class_list":["post-145587","post","type-post","status-publish","format-standard","has-post-thumbnail","category-carreira-de-arquitetura","category-estudante"],"_wp_attached_file":null,"_wp_attachment_metadata":null,"_wp_attachment_context":null,"_wp_attachment_is_custom_header":null,"geo_longitude":null,"geo_public":null,"geo_latitude":null,"_publicize_done_external":null,"_wpas_done_3897181":null,"publicize_twitter_user":null,"_wpas_done_3897175":null,"_wpas_skip_3897181":null,"_wpas_skip_3897175":null,"_wpas_skip_3924723":null,"_wpas_mess":null,"_wpas_done_3924723":null,"wps_subtitle":"","_links":{"self":[{"href":"https:\/\/www.aarquiteta.com.br\/blog\/wp-json\/wp\/v2\/posts\/145587","targetHints":{"allow":["GET"]}}],"collection":[{"href":"https:\/\/www.aarquiteta.com.br\/blog\/wp-json\/wp\/v2\/posts"}],"about":[{"href":"https:\/\/www.aarquiteta.com.br\/blog\/wp-json\/wp\/v2\/types\/post"}],"author":[{"embeddable":true,"href":"https:\/\/www.aarquiteta.com.br\/blog\/wp-json\/wp\/v2\/users\/20"}],"replies":[{"embeddable":true,"href":"https:\/\/www.aarquiteta.com.br\/blog\/wp-json\/wp\/v2\/comments?post=145587"}],"version-history":[{"count":0,"href":"https:\/\/www.aarquiteta.com.br\/blog\/wp-json\/wp\/v2\/posts\/145587\/revisions"}],"wp:featuredmedia":[{"embeddable":true,"href":"https:\/\/www.aarquiteta.com.br\/blog\/wp-json\/wp\/v2\/media\/145586"}],"wp:attachment":[{"href":"https:\/\/www.aarquiteta.com.br\/blog\/wp-json\/wp\/v2\/media?parent=145587"}],"wp:term":[{"taxonomy":"category","embeddable":true,"href":"https:\/\/www.aarquiteta.com.br\/blog\/wp-json\/wp\/v2\/categories?post=145587"},{"taxonomy":"post_tag","embeddable":true,"href":"https:\/\/www.aarquiteta.com.br\/blog\/wp-json\/wp\/v2\/tags?post=145587"}],"curies":[{"name":"wp","href":"https:\/\/api.w.org\/{rel}","templated":true}]}}