{"id":145524,"date":"2025-02-27T13:12:08","date_gmt":"2025-02-27T16:12:08","guid":{"rendered":"https:\/\/www.aarquiteta.com.br\/blog\/fachadas-casas-com-jardins\/"},"modified":"2025-02-27T13:12:08","modified_gmt":"2025-02-27T16:12:08","slug":"fachadas-casas-com-jardins","status":"publish","type":"post","link":"https:\/\/www.aarquiteta.com.br\/blog\/fachadas-casas-com-jardins\/","title":{"rendered":"Fachadas de Casas com Jardins: Beleza e Sustentabilidade"},"content":{"rendered":"<p><body><\/p>\n<p>J\u00e1 imaginou transformar sua fachada em um verdadeiro cart\u00e3o-postal com um jardim encantador? Al\u00e9m de deixar sua casa mais charmosa, essa escolha traz frescor, aumenta a biodiversidade e ainda ajuda na sustentabilidade do ambiente. Vamos explorar juntos como integrar a <b>natureza \u00e0 arquitetura<\/b> e colher todas essas vantagens!<\/p>\n<h3>Por que investir em um jardim na fachada?<\/h3>\n<figure style=\"width: 1024px\" class=\"wp-caption aligncenter\"><img decoding=\"async\" src=\"https:\/\/www.aarquiteta.com.br\/blog\/wp-content\/uploads\/2025\/02\/fachadas-casas-com-jardins04.jpg\" alt=\"Fachadas de Casas com Jardins: Beleza e Sustentabilidade\" width=\"1024\" height=\"1024\" title=\"\"><figcaption class=\"wp-caption-text\">Fachadas de Casas com Jardins: Beleza e Sustentabilidade<\/figcaption><\/figure>\n<p>Olha, n\u00e3o \u00e9 s\u00f3 est\u00e9tica! Um <b>jardim na fachada<\/b> pode reduzir a temperatura interna da casa, filtrar poluentes e at\u00e9 melhorar o humor dos moradores. Imagina s\u00f3: sair de casa logo cedo e ser recebido pelo frescor das plantas e pelo canto dos p\u00e1ssaros. Melhor que caf\u00e9, n\u00e3o acha?<\/p>\n<p>Al\u00e9m disso, investir nesse tipo de paisagismo pode valorizar o im\u00f3vel. Quem n\u00e3o gostaria de morar em um espa\u00e7o que parece ter sa\u00eddo de uma revista de decora\u00e7\u00e3o? Seja para vender ou para morar, um jardim bem planejado \u00e9 sempre um acerto.<\/p>\n<p>E tem mais: a tend\u00eancia das <b>casas sustent\u00e1veis<\/b> veio pra ficar. Integrar a natureza ao nosso dia a dia \u00e9 uma forma inteligente \u2013 e bonita \u2013 de colaborar com o meio ambiente.<\/p>\n<h3>Tipos de jardins que combinam com fachadas<\/h3>\n<figure style=\"width: 1024px\" class=\"wp-caption aligncenter\"><img decoding=\"async\" src=\"https:\/\/www.aarquiteta.com.br\/blog\/wp-content\/uploads\/2025\/02\/fachadas-casas-com-jardins03.jpg\" alt=\"Fachadas de Casas com Jardins: Beleza e Sustentabilidade\" width=\"1024\" height=\"1024\" title=\"\"><figcaption class=\"wp-caption-text\">Fachadas de Casas com Jardins: Beleza e Sustentabilidade<\/figcaption><\/figure>\n<p>Agora, voc\u00ea pode estar se perguntando: &#8220;Mas qual jardim combina com minha casa?&#8221; Calma, que eu te ajudo! A escolha depende do espa\u00e7o dispon\u00edvel e do seu gosto pessoal.<\/p>\n<ul>\n<li><b>Jardim Vertical:<\/b> Perfeito para quem tem pouco espa\u00e7o. Voc\u00ea pode usar treli\u00e7as, pain\u00e9is ou at\u00e9 garrafas PET para criar um efeito lindo.<\/li>\n<li><b>Jardim de Cactos e Suculentas:<\/b> Se n\u00e3o quer muita manuten\u00e7\u00e3o, essa \u00e9 a escolha certa. Eles praticamente se cuidam sozinhos!<\/li>\n<li><b>Jardim com \u00c1rvores Frut\u00edferas:<\/b> Laranjeira, jabuticabeira, limoeiro&#8230; Al\u00e9m de sombra e beleza, voc\u00ea ainda ganha frutas fresquinhas em casa.<\/li>\n<li><b>Jardim Cl\u00e1ssico:<\/b> Se a ideia for um visual sofisticado, invista em folhagens bem podadas e flores coloridas em vasos sim\u00e9tricos.<\/li>\n<\/ul>\n<h3>Cuidados para manter a fachada sempre impec\u00e1vel<\/h3>\n<figure style=\"width: 1024px\" class=\"wp-caption aligncenter\"><img decoding=\"async\" src=\"https:\/\/www.aarquiteta.com.br\/blog\/wp-content\/uploads\/2025\/02\/fachadas-casas-com-jardins02.jpg\" alt=\"Fachadas de Casas com Jardins: Beleza e Sustentabilidade\" width=\"1024\" height=\"1024\" title=\"\"><figcaption class=\"wp-caption-text\">Fachadas de Casas com Jardins: Beleza e Sustentabilidade<\/figcaption><\/figure>\n<p>N\u00e3o adianta montar o jardim dos sonhos e depois esquecer dele, n\u00e9? A manuten\u00e7\u00e3o \u00e9 essencial para que as plantas fiquem saud\u00e1veis e a fachada continue um espet\u00e1culo.<\/p>\n<p>Algumas dicas fundamentais:<\/p>\n<ol>\n<li><b>Escolha plantas adequadas<\/b> ao clima da sua regi\u00e3o. Isso evita gastos desnecess\u00e1rios e garante plantas sempre bonitas.<\/li>\n<li><b>Regue com modera\u00e7\u00e3o.<\/b> Nem sempre mais \u00e1gua significa mais sa\u00fade para suas plantas, principalmente em per\u00edodos de chuva.<\/li>\n<li><b>Poda regular.<\/b> Manter tudo bem organizado evita que o jardim vire uma selva descontrolada!<\/li>\n<li><b>Cuidado com pragas.<\/b> Se notar folhas amareladas ou bichinhos estranhos, investigue logo para evitar problemas maiores.<\/li>\n<\/ol>\n<h3>Dicas extras para um toque especial<\/h3>\n<figure style=\"width: 1024px\" class=\"wp-caption aligncenter\"><img decoding=\"async\" src=\"https:\/\/www.aarquiteta.com.br\/blog\/wp-content\/uploads\/2025\/02\/fachadas-casas-com-jardins01.jpg\" alt=\"Fachadas de Casas com Jardins: Beleza e Sustentabilidade\" width=\"1024\" height=\"1024\" title=\"\"><figcaption class=\"wp-caption-text\">Fachadas de Casas com Jardins: Beleza e Sustentabilidade<\/figcaption><\/figure>\n<p>Al\u00e9m das plantas, que tal incluir alguns elementos decorativos? Pequenos <b>postes de luz, bancos r\u00fasticos e caminhos de pedra<\/b> d\u00e3o um charme extra para a fachada.<\/p>\n<p>E se quiser um efeito ainda mais impactante, aposte na <b>ilumina\u00e7\u00e3o estrat\u00e9gica<\/b>. Spots posicionados para destacar a vegeta\u00e7\u00e3o podem transformar o visual da casa durante a noite.<\/p>\n<p>Outra dica bacana: que tal um <b>caminho de pedrinhas<\/b> entre as plantas? Al\u00e9m de bonito, ele facilita o acesso para manuten\u00e7\u00e3o e cria um efeito bem sofisticado.<\/p>\n<h3>Conclus\u00e3o<\/h3>\n<p>Incorporar um <b>jardim na fachada<\/b> \u00e9 muito mais do que uma quest\u00e3o de est\u00e9tica \u2013 \u00e9 um convite para uma vida mais verde, sustent\u00e1vel e harmoniosa. Com os cuidados certos, qualquer casa pode ter um espa\u00e7o cheio de charme e natureza.<\/p>\n<p>Ent\u00e3o, o que acha de come\u00e7ar agora? Escolha o tipo de jardim que mais combina com seu estilo e transforme sua casa em um verdadeiro ref\u00fagio verde!<\/p>\n<h3>Perguntas Frequentes (FAQ)<\/h3>\n<h3>Assista agora a minha recomenda\u00e7\u00e3o de video abaixo sobre o tema que estamos tratando neste artigo: <\/h3>\n<p><div class=\"youtube-embed\" data-video_id=\"uaKcf9G7nXU\"><iframe title=\"Aconchego e Beleza: Dicas de Fachadas com Jardins Modernos! Imperd\u00edvel!!\" width=\"696\" height=\"392\" src=\"https:\/\/www.youtube.com\/embed\/uaKcf9G7nXU?feature=oembed&#038;enablejsapi=1\" frameborder=\"0\" allow=\"accelerometer; autoplay; clipboard-write; encrypted-media; gyroscope; picture-in-picture; web-share\" referrerpolicy=\"strict-origin-when-cross-origin\" allowfullscreen><\/iframe><\/div>\n<\/p>\n<p><b>1. Um jardim na fachada exige muita manuten\u00e7\u00e3o?<\/b><br \/>\nDepende do tipo! Se quiser menos trabalho, aposte em cactos e suculentas. Agora, se gosta de cuidar do verde, pode se aventurar com um jardim cl\u00e1ssico.<\/p>\n<p><b>2. D\u00e1 pra fazer um jardim na fachada mesmo em casas pequenas?<\/b><br \/>\nCom certeza! Jardins verticais s\u00e3o ideais para espa\u00e7os reduzidos e trazem um visual supermoderno.<\/p>\n<p><b>3. O jardim na fachada realmente ajuda na temperatura da casa?<\/b><br \/>\nSim! Plantas ajudam a reduzir o calor interno e trazem uma sensa\u00e7\u00e3o t\u00e9rmica mais agrad\u00e1vel.<\/p>\n<p>Gostou das ideias? Me conta nos coment\u00e1rios qual tipo de jardim voc\u00ea pretende criar, e se tiver d\u00favidas, pergunte! Eu respondo todas! \ud83c\udf3f\ud83d\ude0a<\/p>\n<p><\/body><\/p>\n","protected":false},"excerpt":{"rendered":"<p>Explore como integrar jardins na fachada da sua casa, promovendo est\u00e9tica agrad\u00e1vel e benef\u00edcios ecol\u00f3gicos.<\/p>\n","protected":false},"author":102,"featured_media":145521,"comment_status":"open","ping_status":"","sticky":false,"template":"","format":"standard","meta":{"footnotes":""},"categories":[1484,971,18792,18794],"tags":[],"class_list":["post-145524","post","type-post","status-publish","format-standard","has-post-thumbnail","category-decoracao","category-design-de-interiores","category-decoracao-de-apartamento","category-projetos-de-decoracao-de-casas"],"_wp_attached_file":null,"_wp_attachment_metadata":null,"_wp_attachment_context":null,"_wp_attachment_is_custom_header":null,"geo_longitude":null,"geo_public":null,"geo_latitude":null,"_publicize_done_external":null,"_wpas_done_3897181":null,"publicize_twitter_user":null,"_wpas_done_3897175":null,"_wpas_skip_3897181":null,"_wpas_skip_3897175":null,"_wpas_skip_3924723":null,"_wpas_mess":null,"_wpas_done_3924723":null,"wps_subtitle":"","_links":{"self":[{"href":"https:\/\/www.aarquiteta.com.br\/blog\/wp-json\/wp\/v2\/posts\/145524","targetHints":{"allow":["GET"]}}],"collection":[{"href":"https:\/\/www.aarquiteta.com.br\/blog\/wp-json\/wp\/v2\/posts"}],"about":[{"href":"https:\/\/www.aarquiteta.com.br\/blog\/wp-json\/wp\/v2\/types\/post"}],"author":[{"embeddable":true,"href":"https:\/\/www.aarquiteta.com.br\/blog\/wp-json\/wp\/v2\/users\/102"}],"replies":[{"embeddable":true,"href":"https:\/\/www.aarquiteta.com.br\/blog\/wp-json\/wp\/v2\/comments?post=145524"}],"version-history":[{"count":0,"href":"https:\/\/www.aarquiteta.com.br\/blog\/wp-json\/wp\/v2\/posts\/145524\/revisions"}],"wp:featuredmedia":[{"embeddable":true,"href":"https:\/\/www.aarquiteta.com.br\/blog\/wp-json\/wp\/v2\/media\/145521"}],"wp:attachment":[{"href":"https:\/\/www.aarquiteta.com.br\/blog\/wp-json\/wp\/v2\/media?parent=145524"}],"wp:term":[{"taxonomy":"category","embeddable":true,"href":"https:\/\/www.aarquiteta.com.br\/blog\/wp-json\/wp\/v2\/categories?post=145524"},{"taxonomy":"post_tag","embeddable":true,"href":"https:\/\/www.aarquiteta.com.br\/blog\/wp-json\/wp\/v2\/tags?post=145524"}],"curies":[{"name":"wp","href":"https:\/\/api.w.org\/{rel}","templated":true}]}}