{"id":145518,"date":"2025-02-27T13:01:55","date_gmt":"2025-02-27T16:01:55","guid":{"rendered":"https:\/\/www.aarquiteta.com.br\/blog\/projetar-fachada-casa-de-campo\/"},"modified":"2025-02-27T13:01:55","modified_gmt":"2025-02-27T16:01:55","slug":"projetar-fachada-casa-de-campo","status":"publish","type":"post","link":"https:\/\/www.aarquiteta.com.br\/blog\/projetar-fachada-casa-de-campo\/","title":{"rendered":"Como Projetar a Fachada Perfeita para Sua Casa de Campo"},"content":{"rendered":"<p><body>  <\/p>\n<p>Voc\u00ea j\u00e1 parou para pensar que a <b>fachada<\/b> da sua casa de campo \u00e9 como um aperto de m\u00e3o firme? \u00c9 a primeira impress\u00e3o que causa, o convite silencioso para entrar e se apaixonar. Ent\u00e3o, nada mais justo do que criar uma entrada que combine beleza, funcionalidade e, claro, harmonize com a natureza ao redor.<\/p>\n<h3>O equil\u00edbrio entre r\u00fastico e moderno<\/h3>\n<figure style=\"width: 1024px\" class=\"wp-caption aligncenter\"><img decoding=\"async\" src=\"https:\/\/www.aarquiteta.com.br\/blog\/wp-content\/uploads\/2025\/02\/projetar-fachada-casa-de-campo04.jpg\" alt=\"Como Projetar a Fachada Perfeita para Sua Casa de Campo\" width=\"1024\" height=\"1024\" title=\"\"><figcaption class=\"wp-caption-text\">Como Projetar a Fachada Perfeita para Sua Casa de Campo<\/figcaption><\/figure>\n<p>Quando penso em uma casa de campo, imagino uma fus\u00e3o perfeita entre <b>tradi\u00e7\u00e3o<\/b> e inova\u00e7\u00e3o. O segredo aqui \u00e9 mesclar materiais naturais como madeira e pedra com acabamentos modernos, criando um visual que \u00e9 r\u00fastico e sofisticado ao mesmo tempo.<\/p>\n<p>Uma dica infal\u00edvel \u00e9 apostar em tons neutros e detalhes que tragam acolhimento, como uma porta de madeira maci\u00e7a ou janelas charmosas com molduras marcantes. Esses elementos n\u00e3o s\u00f3 deixam a fachada elegante, mas tamb\u00e9m fazem com que a casa se integre ao cen\u00e1rio natural.<\/p>\n<p>E quer um truque extra? Adicione um toque de ferro envelhecido nas lumin\u00e1rias ou nos port\u00f5es. Esse pequeno detalhe d\u00e1 um charme europeu irresist\u00edvel!<\/p>\n<h3>Cores que conversam com a natureza<\/h3>\n<figure style=\"width: 1024px\" class=\"wp-caption aligncenter\"><img decoding=\"async\" src=\"https:\/\/www.aarquiteta.com.br\/blog\/wp-content\/uploads\/2025\/02\/projetar-fachada-casa-de-campo03.jpg\" alt=\"Como Projetar a Fachada Perfeita para Sua Casa de Campo\" width=\"1024\" height=\"1024\" title=\"\"><figcaption class=\"wp-caption-text\">Como Projetar a Fachada Perfeita para Sua Casa de Campo<\/figcaption><\/figure>\n<p>Poucas pessoas sabem, mas a <b>escolha das cores<\/b> define o impacto visual da sua casa antes mesmo do primeiro passo rumo \u00e0 varanda. A regra de ouro? Tons terrosos e past\u00e9is criam uma continuidade harmoniosa com a paisagem ao redor.<\/p>\n<p>Se quiser ousar um pouco mais, uma porta colorida \u2013 azul profundo ou verde-musgo \u2013 pode ser aquele detalhe que transforma tudo. Pense nela como um sorriso inesperado no meio de uma conversa! Pequenos gestos de personalidade fazem a diferen\u00e7a.<\/p>\n<p>Al\u00e9m disso, pintar detalhes como beirais e colunas em um tom complementar pode criar um efeito visual refinado e bem calculado. A fachada, afinal, tamb\u00e9m tem sua pr\u00f3pria paleta de cores!<\/p>\n<h3>Ilumina\u00e7\u00e3o: o toque final que muda tudo<\/h3>\n<figure style=\"width: 1024px\" class=\"wp-caption aligncenter\"><img decoding=\"async\" src=\"https:\/\/www.aarquiteta.com.br\/blog\/wp-content\/uploads\/2025\/02\/projetar-fachada-casa-de-campo02.jpg\" alt=\"Como Projetar a Fachada Perfeita para Sua Casa de Campo\" width=\"1024\" height=\"1024\" title=\"\"><figcaption class=\"wp-caption-text\">Como Projetar a Fachada Perfeita para Sua Casa de Campo<\/figcaption><\/figure>\n<p>De nada adianta uma fachada deslumbrante se, ao anoitecer, ela desaparecer no escuro, n\u00e9? A <b>ilumina\u00e7\u00e3o externa<\/b> tem o poder de transformar uma casa simples em um verdadeiro ref\u00fagio encantador.<\/p>\n<p>Arandelas de parede, postes iluminados ao longo da entrada e at\u00e9 luzes embutidas no ch\u00e3o criam uma atmosfera aconchegante e ainda ajudam na seguran\u00e7a. Lembre-se de que a ilumina\u00e7\u00e3o amarelada \u00e9 mais acolhedora do que a branca, ent\u00e3o escolha l\u00e2mpadas que reforcem esse efeito convidativo.<\/p>\n<p>E se quiser um toque extra de magia noturna, adicione luzes penduradas em \u00e1rvores ou enroladas em treli\u00e7as. Pronto, sua casa de campo agora tem aquele brilho de conto de fadas.<\/p>\n<h3>Paisagismo: a cereja do bolo<\/h3>\n<figure style=\"width: 1024px\" class=\"wp-caption aligncenter\"><img decoding=\"async\" src=\"https:\/\/www.aarquiteta.com.br\/blog\/wp-content\/uploads\/2025\/02\/projetar-fachada-casa-de-campo01.jpg\" alt=\"Como Projetar a Fachada Perfeita para Sua Casa de Campo\" width=\"1024\" height=\"1024\" title=\"\"><figcaption class=\"wp-caption-text\">Como Projetar a Fachada Perfeita para Sua Casa de Campo<\/figcaption><\/figure>\n<p>Uma fachada bem planejada sem <b>verde<\/b> \u00e9 como bolo sem cobertura: fica bom, mas poderia ser muito melhor! Plantas e flores trazem vida ao espa\u00e7o e criam a transi\u00e7\u00e3o perfeita entre a casa e o ambiente externo.<\/p>\n<p>Se n\u00e3o quiser complica\u00e7\u00e3o, aposte em esp\u00e9cies que exigem pouca manuten\u00e7\u00e3o, como lavandas, suculentas ou trepadeiras que abra\u00e7am muros e varandas com seu charme natural. Um caminho de pedrinhas cercado de plantas d\u00e1 aquele toque final irresist\u00edvel.<\/p>\n<p>E claro, se houver espa\u00e7o, um pequeno banco r\u00fastico cercado de vegeta\u00e7\u00e3o torna qualquer fachada n\u00e3o s\u00f3 bonita, mas acolhedora. Afinal, quem n\u00e3o ama um bom cantinho para sentar e observar o p\u00f4r do sol?<\/p>\n<h3>Resumindo tudo&#8230;<\/h3>\n<p>A <b>fachada perfeita<\/b> para sua casa de campo n\u00e3o precisa ser exagerada, mas sim bem pensada! O equil\u00edbrio entre materiais r\u00fasticos e modernos, cores que conversam com o ambiente, ilumina\u00e7\u00e3o charmosa e um paisagismo caprichado fazem toda a diferen\u00e7a.<\/p>\n<p>Se atentar a esses detalhes vai garantir que sua casa n\u00e3o s\u00f3 impressione os visitantes, mas tamb\u00e9m proporcione aquela sensa\u00e7\u00e3o acolhedora de lar. Afinal, beleza e funcionalidade podem (e devem!) andar de m\u00e3os dadas.<\/p>\n<p>E agora me conta: como voc\u00ea imagina a fachada perfeita da sua casa de campo? Tem alguma ideia ou d\u00favida? Deixa nos coment\u00e1rios, vou adorar conversar sobre isso!<\/p>\n<p><\/body><\/p>\n<h3>Assista agora a minha recomenda\u00e7\u00e3o de video abaixo sobre o tema que estamos tratando neste artigo: <\/h3>\n<p><div class=\"youtube-embed\" data-video_id=\"9NCSfLUBoAk\"><iframe title=\"S\u00edtio ch\u00e1cara e casa de campo para inspira\u00e7\u00e3o #sitio #ch\u00e1cara #arquitetura\" width=\"696\" height=\"392\" src=\"https:\/\/www.youtube.com\/embed\/9NCSfLUBoAk?feature=oembed&#038;enablejsapi=1\" frameborder=\"0\" allow=\"accelerometer; autoplay; clipboard-write; encrypted-media; gyroscope; picture-in-picture; web-share\" referrerpolicy=\"strict-origin-when-cross-origin\" allowfullscreen><\/iframe><\/div><\/p>\n","protected":false},"excerpt":{"rendered":"<p>Aprenda dicas essenciais para criar uma fachada encantadora e funcional em sua casa de campo, harmonizando com o ambiente natural.<\/p>\n","protected":false},"author":102,"featured_media":145515,"comment_status":"open","ping_status":"","sticky":false,"template":"","format":"standard","meta":{"footnotes":""},"categories":[1484,971,18792,18794],"tags":[],"class_list":["post-145518","post","type-post","status-publish","format-standard","has-post-thumbnail","category-decoracao","category-design-de-interiores","category-decoracao-de-apartamento","category-projetos-de-decoracao-de-casas"],"_wp_attached_file":null,"_wp_attachment_metadata":null,"_wp_attachment_context":null,"_wp_attachment_is_custom_header":null,"geo_longitude":null,"geo_public":null,"geo_latitude":null,"_publicize_done_external":null,"_wpas_done_3897181":null,"publicize_twitter_user":null,"_wpas_done_3897175":null,"_wpas_skip_3897181":null,"_wpas_skip_3897175":null,"_wpas_skip_3924723":null,"_wpas_mess":null,"_wpas_done_3924723":null,"wps_subtitle":"","_links":{"self":[{"href":"https:\/\/www.aarquiteta.com.br\/blog\/wp-json\/wp\/v2\/posts\/145518","targetHints":{"allow":["GET"]}}],"collection":[{"href":"https:\/\/www.aarquiteta.com.br\/blog\/wp-json\/wp\/v2\/posts"}],"about":[{"href":"https:\/\/www.aarquiteta.com.br\/blog\/wp-json\/wp\/v2\/types\/post"}],"author":[{"embeddable":true,"href":"https:\/\/www.aarquiteta.com.br\/blog\/wp-json\/wp\/v2\/users\/102"}],"replies":[{"embeddable":true,"href":"https:\/\/www.aarquiteta.com.br\/blog\/wp-json\/wp\/v2\/comments?post=145518"}],"version-history":[{"count":0,"href":"https:\/\/www.aarquiteta.com.br\/blog\/wp-json\/wp\/v2\/posts\/145518\/revisions"}],"wp:featuredmedia":[{"embeddable":true,"href":"https:\/\/www.aarquiteta.com.br\/blog\/wp-json\/wp\/v2\/media\/145515"}],"wp:attachment":[{"href":"https:\/\/www.aarquiteta.com.br\/blog\/wp-json\/wp\/v2\/media?parent=145518"}],"wp:term":[{"taxonomy":"category","embeddable":true,"href":"https:\/\/www.aarquiteta.com.br\/blog\/wp-json\/wp\/v2\/categories?post=145518"},{"taxonomy":"post_tag","embeddable":true,"href":"https:\/\/www.aarquiteta.com.br\/blog\/wp-json\/wp\/v2\/tags?post=145518"}],"curies":[{"name":"wp","href":"https:\/\/api.w.org\/{rel}","templated":true}]}}