{"id":145426,"date":"2025-02-26T17:18:16","date_gmt":"2025-02-26T20:18:16","guid":{"rendered":"https:\/\/www.aarquiteta.com.br\/blog\/varanda-de-madeira\/"},"modified":"2025-02-26T17:18:16","modified_gmt":"2025-02-26T20:18:16","slug":"varanda-de-madeira","status":"publish","type":"post","link":"https:\/\/www.aarquiteta.com.br\/blog\/varanda-de-madeira\/","title":{"rendered":"Inspire-se com 70 Ideias Criativas de Varandas de Madeira para Transformar Seu Lar!"},"content":{"rendered":"<p>Quer dar um toque especial \u00e0 sua casa? Uma <b>varanda de madeira<\/b> pode ser a solu\u00e7\u00e3o perfeita! Neste artigo, vou compartilhar 70 ideias criativas que transformam esse espa\u00e7o em um verdadeiro o\u00e1sis de conforto e beleza. Prepare-se para se inspirar!<\/p>\n<h2>Introdu\u00e7\u00e3o<\/h2>\n<p>As varandas de madeira s\u00e3o mais do que um simples anexo da casa; elas se tornam um ref\u00fagio para relaxar e aproveitar a natureza. Se voc\u00ea est\u00e1 planejando a reforma da sua varanda ou apenas buscando ideias para deix\u00e1-la ainda mais charmosa, confira essas inspira\u00e7\u00f5es <b>exclusivas<\/b>.<\/p>\n<h3>Varandas de Madeira: O Que Considerar?<\/h3>\n<figure style=\"width: 1024px\" class=\"wp-caption aligncenter\"><img decoding=\"async\" src=\"https:\/\/www.aarquiteta.com.br\/blog\/wp-content\/uploads\/2025\/02\/Varanda-de-madeira-2-1.jpg\" alt=\"Opte por mobili\u00e1rios com a mesma caracter\u00edstica confort\u00e1vel que a madeira\" title=\"\"><figcaption class=\"wp-caption-text\">Opte por mobili\u00e1rios com a mesma caracter\u00edstica confort\u00e1vel que a madeira<\/figcaption><\/figure>\n<p>A primeira coisa que voc\u00ea deve levar em conta ao projetar sua varanda de madeira \u00e9 o estilo que deseja. H\u00e1 op\u00e7\u00f5es para todos os gostos, desde o <b>r\u00fastico<\/b> at\u00e9 o mais moderno. Outra dica \u00e9 escolher o tipo de madeira com cuidado: algumas s\u00e3o mais resistentes \u00e0 umidade e outras mais suscet\u00edveis a danos. Ent\u00e3o, colocar tudo na balan\u00e7a \u00e9 fundamental!<\/p>\n<h3>1. Minimalismo e Conforto: O Estilo Mais Queridinho<\/h3>\n<figure style=\"width: 1024px\" class=\"wp-caption aligncenter\"><img decoding=\"async\" src=\"https:\/\/www.aarquiteta.com.br\/blog\/wp-content\/uploads\/2025\/02\/varanda-de-madeira01.jpg\" alt=\"70 Inspira\u00e7\u00f5es de Varanda de Madeira para Aplicar em Sua Casa\" width=\"1024\" height=\"1024\" title=\"\"><figcaption class=\"wp-caption-text\">70 Inspira\u00e7\u00f5es de Varanda de Madeira para Aplicar em Sua Casa<\/figcaption><\/figure>\n<p>Se voc\u00ea \u00e9 f\u00e3 do <b>minimalismo<\/b>, aperte o cinto e viaje na ideia desta varanda. Com m\u00f3veis de linhas retas e cores neutras, d\u00e1 pra criar uma harmonia incr\u00edvel. E sim, uma cadeira de balan\u00e7o combina super bem com o cantinho da sua nova varanda.<\/p>\n<h3>2. Varandas Coloridas: Ousadia e Alegria<\/h3>\n<figure style=\"width: 1024px\" class=\"wp-caption aligncenter\"><img decoding=\"async\" src=\"https:\/\/www.aarquiteta.com.br\/blog\/wp-content\/uploads\/2025\/02\/Varanda-de-madeira-capa1.jpg\" alt=\"70 inspira\u00e7\u00f5es de varanda de madeira\" title=\"\"><figcaption class=\"wp-caption-text\">70 inspira\u00e7\u00f5es de varanda de madeira<\/figcaption><\/figure>\n<p>Quer inverter o jogo? Que tal uma varanda cheia de <b>cores vibrantes<\/b>? Almofadas em tons vivos, vasos de plantas e at\u00e9 uma mesa pintada \u00e0 m\u00e3o podem transformar o seu espa\u00e7o. \u00c9 risada garantida toda vez que algu\u00e9m entrar! (E cuidado para n\u00e3o exagerar, ningu\u00e9m quer um circo na varanda.)<\/p>\n<h3>3. Mobili\u00e1rio Funcional: O Espet\u00e1culo do Conforto<\/h3>\n<figure style=\"width: 1024px\" class=\"wp-caption aligncenter\"><img decoding=\"async\" src=\"https:\/\/www.aarquiteta.com.br\/blog\/wp-content\/uploads\/2025\/02\/varanda-de-madeira02.jpg\" alt=\"70 Inspira\u00e7\u00f5es de Varanda de Madeira para Aplicar em Sua Casa\" width=\"1024\" height=\"1024\" title=\"\"><figcaption class=\"wp-caption-text\">70 Inspira\u00e7\u00f5es de Varanda de Madeira para Aplicar em Sua Casa<\/figcaption><\/figure>\n<p>Agora aten\u00e7\u00e3o para os m\u00f3veis! Sempre acreditei que a escolha do <b>mobili\u00e1rio<\/b> \u00e9 quase como escolher o parceiro perfeito. Eles precisam ser confort\u00e1veis e funcionais, afinal, quem consegue relaxar em uma cadeira dura como pedra? Al\u00e9m disso, um banco que vira mesa na hora de um lanche \u00e9 puro amor por praticidade!<\/p>\n<h3>4. Integra\u00e7\u00e3o com a Natureza: Um Convite ao Ar Livre<\/h3>\n<figure style=\"width: 1024px\" class=\"wp-caption aligncenter\"><img decoding=\"async\" src=\"https:\/\/www.aarquiteta.com.br\/blog\/wp-content\/uploads\/2025\/02\/modelos-de-portoes-00-286x160.jpg\" alt=\"Modelos de port\u00f5es para uma fachada bonita e interessante\" title=\"\"><figcaption class=\"wp-caption-text\">Modelos de port\u00f5es para uma fachada bonita e interessante<\/figcaption><\/figure>\n<p>Se voc\u00ea \u00e9 da turma que ama ficar em contato com a natureza, invista em jardineiras e vasos suspensos. Uma varanda que respira verde d\u00e1 um toque de frescor e leveza ao ambiente. O <b>cheirinho de flores<\/b> \u00e9 s\u00f3 um b\u00f4nus. Prepare-se para receber elogios at\u00e9 do seu gato!<\/p>\n<h3>5. A Import\u00e2ncia da Ilumina\u00e7\u00e3o: O Toque Final<\/h3>\n<figure style=\"width: 1024px\" class=\"wp-caption aligncenter\"><img decoding=\"async\" src=\"https:\/\/www.aarquiteta.com.br\/blog\/wp-content\/uploads\/2025\/02\/varanda-de-madeira03.jpg\" alt=\"70 Inspira\u00e7\u00f5es de Varanda de Madeira para Aplicar em Sua Casa\" width=\"1024\" height=\"1024\" title=\"\"><figcaption class=\"wp-caption-text\">70 Inspira\u00e7\u00f5es de Varanda de Madeira para Aplicar em Sua Casa<\/figcaption><\/figure>\n<p>A ilumina\u00e7\u00e3o pode mudar tudo. Voc\u00ea sabia que uma simples luzinha pode deixar a sua varanda parecendo um filme rom\u00e2ntico? Pipoca e cobertor, e t\u00e1 feita a noite dos sonhos! Ah, e n\u00e3o esque\u00e7a das lanternas, ficam incr\u00edveis penduradas em \u00e1rvores.<\/p>\n<h2>Conclus\u00e3o<\/h2>\n<p>Com <b>tanta variedade<\/b> de ideias, \u00e9 imposs\u00edvel n\u00e3o encontrar uma que combine com voc\u00ea! Todas as varandas de madeira t\u00eam algo de especial. Agora que j\u00e1 inspirei voc\u00ea com 70 ideias, \u00e9 a sua vez: coloque a m\u00e3o na massa e transforme sua varanda no ponto alto da sua casa!<\/p>\n<h3>Perguntas Frequentes<\/h3>\n<figure style=\"width: 1024px\" class=\"wp-caption aligncenter\"><img decoding=\"async\" src=\"https:\/\/www.aarquiteta.com.br\/blog\/wp-content\/uploads\/2025\/02\/arvores-para-jardim-1-286x160.jpg\" alt=\"10 \u00e1rvores para jardim que garantem uma \u00e1rea verde e aconchegante\" title=\"\"><figcaption class=\"wp-caption-text\">10 \u00e1rvores para jardim que garantem uma \u00e1rea verde e aconchegante<\/figcaption><\/figure>\n<ul>\n<li><b>Qual \u00e9 a madeira mais indicada para varandas?<\/b> A madeira de cumaru \u00e9 uma \u00f3tima op\u00e7\u00e3o por sua resist\u00eancia.<\/li>\n<li><b>Como posso proteger meu piso de madeira da chuva?<\/b> Utilize vernizes apropriados e fa\u00e7a manuten\u00e7\u00e3o regularmente.<\/li>\n<li><b>Posso misturar estilos de m\u00f3veis?<\/b> Com certeza! Utilize cores e texturas que conversem entre si.<\/li>\n<\/ul>\n<p>Se ficou alguma d\u00favida ou voc\u00ea tem outra ideia incr\u00edvel, n\u00e3o hesite em deixar seu coment\u00e1rio abaixo. Estou aqui para ajudar voc\u00ea a criar a varanda dos sonhos!<\/p>\n<figure style=\"width: 1024px\" class=\"wp-caption aligncenter\"><img decoding=\"async\" src=\"https:\/\/www.aarquiteta.com.br\/blog\/wp-content\/uploads\/2025\/02\/varanda-de-madeira4.jpg\" alt=\"70 Inspira\u00e7\u00f5es de Varanda de Madeira para Aplicar em Sua Casa\" width=\"1024\" height=\"1024\" title=\"\"><figcaption class=\"wp-caption-text\">70 Inspira\u00e7\u00f5es de Varanda de Madeira para Aplicar em Sua Casa<\/figcaption><\/figure>\n<figure style=\"width: 1024px\" class=\"wp-caption aligncenter\"><img decoding=\"async\" src=\"https:\/\/www.aarquiteta.com.br\/blog\/wp-content\/uploads\/2025\/02\/flores-negras-00.jpg\" alt=\"12 esp\u00e9cies de flores negras que v\u00e3o surpreender com tanta beleza\" title=\"\"><figcaption class=\"wp-caption-text\">12 esp\u00e9cies de flores negras que v\u00e3o surpreender com tanta beleza<\/figcaption><\/figure>\n<h3>Para se aprofundar mais sobre o tema, veja a minha recomenda\u00e7\u00e3o sobre o tema deste artigo no v\u00eddeo a seguir abaixo:<\/h3>\n<p><iframe title=\"YouTube video player\" src=\"https:\/\/www.youtube.com\/embed\/XIQcBYd-EQc\" width=\"560\" height=\"315\" frameborder=\"0\" allowfullscreen=\"allowfullscreen\"><\/iframe><\/p>\n<figure style=\"width: 1024px\" class=\"wp-caption aligncenter\"><img decoding=\"async\" src=\"https:\/\/www.aarquiteta.com.br\/blog\/wp-content\/uploads\/2025\/02\/Varanda-de-madeira-1-1.jpg\" alt=\"Sustent\u00e1vel, o espa\u00e7o faz uso de pallets para compor a varanda\" title=\"\"><figcaption class=\"wp-caption-text\">Sustent\u00e1vel, o espa\u00e7o faz uso de pallets para compor a varanda<\/figcaption><\/figure>\n","protected":false},"excerpt":{"rendered":"<p>Descubra 70 inspira\u00e7\u00f5es de varandas de madeira, com dicas e vantagens para transformar o seu espa\u00e7o em um cantinho aconchegante.<\/p>\n","protected":false},"author":102,"featured_media":145419,"comment_status":"open","ping_status":"","sticky":false,"template":"","format":"standard","meta":{"footnotes":""},"categories":[1484],"tags":[],"class_list":["post-145426","post","type-post","status-publish","format-standard","has-post-thumbnail","category-decoracao"],"_wp_attached_file":null,"_wp_attachment_metadata":null,"_wp_attachment_context":null,"_wp_attachment_is_custom_header":null,"geo_longitude":null,"geo_public":null,"geo_latitude":null,"_publicize_done_external":null,"_wpas_done_3897181":null,"publicize_twitter_user":null,"_wpas_done_3897175":null,"_wpas_skip_3897181":null,"_wpas_skip_3897175":null,"_wpas_skip_3924723":null,"_wpas_mess":null,"_wpas_done_3924723":null,"wps_subtitle":"","_links":{"self":[{"href":"https:\/\/www.aarquiteta.com.br\/blog\/wp-json\/wp\/v2\/posts\/145426","targetHints":{"allow":["GET"]}}],"collection":[{"href":"https:\/\/www.aarquiteta.com.br\/blog\/wp-json\/wp\/v2\/posts"}],"about":[{"href":"https:\/\/www.aarquiteta.com.br\/blog\/wp-json\/wp\/v2\/types\/post"}],"author":[{"embeddable":true,"href":"https:\/\/www.aarquiteta.com.br\/blog\/wp-json\/wp\/v2\/users\/102"}],"replies":[{"embeddable":true,"href":"https:\/\/www.aarquiteta.com.br\/blog\/wp-json\/wp\/v2\/comments?post=145426"}],"version-history":[{"count":0,"href":"https:\/\/www.aarquiteta.com.br\/blog\/wp-json\/wp\/v2\/posts\/145426\/revisions"}],"wp:featuredmedia":[{"embeddable":true,"href":"https:\/\/www.aarquiteta.com.br\/blog\/wp-json\/wp\/v2\/media\/145419"}],"wp:attachment":[{"href":"https:\/\/www.aarquiteta.com.br\/blog\/wp-json\/wp\/v2\/media?parent=145426"}],"wp:term":[{"taxonomy":"category","embeddable":true,"href":"https:\/\/www.aarquiteta.com.br\/blog\/wp-json\/wp\/v2\/categories?post=145426"},{"taxonomy":"post_tag","embeddable":true,"href":"https:\/\/www.aarquiteta.com.br\/blog\/wp-json\/wp\/v2\/tags?post=145426"}],"curies":[{"name":"wp","href":"https:\/\/api.w.org\/{rel}","templated":true}]}}