{"id":145408,"date":"2025-02-26T11:41:10","date_gmt":"2025-02-26T14:41:10","guid":{"rendered":"https:\/\/www.aarquiteta.com.br\/blog\/entrevista-coletiva-de-emprego\/"},"modified":"2025-02-26T11:41:10","modified_gmt":"2025-02-26T14:41:10","slug":"entrevista-coletiva-de-emprego","status":"publish","type":"post","link":"https:\/\/www.aarquiteta.com.br\/blog\/entrevista-coletiva-de-emprego\/","title":{"rendered":"Como se destacar em uma entrevista coletiva de emprego."},"content":{"rendered":"<p>Se voc\u00ea est\u00e1 em busca de uma nova oportunidade de trabalho, entender como funciona uma entrevista coletiva pode ser a chave para se destacar entre os concorrentes. Neste artigo, vou compartilhar dicas valiosas para voc\u00ea se sair bem nesse tipo de avalia\u00e7\u00e3o e conquistar a t\u00e3o sonhada vaga.<\/p>\n<h2>Pontos principais do artigo:<\/h2>\n<ul>\n<li><b>Entrevista coletiva:<\/b> Um formato de avalia\u00e7\u00e3o em grupo que permite a intera\u00e7\u00e3o entre candidatos e recrutadores.<\/li>\n<li><b>Objetivos:<\/b> Otimizar o processo seletivo e avaliar caracter\u00edsticas comportamentais dos candidatos.<\/li>\n<li><b>Prepara\u00e7\u00e3o:<\/b> Pesquisar sobre a empresa e o cargo \u00e9 fundamental para se destacar.<\/li>\n<li><b>Intelig\u00eancia emocional:<\/b> Saber lidar com emo\u00e7\u00f5es \u00e9 crucial durante a entrevista.<\/li>\n<li><b>Comunica\u00e7\u00e3o n\u00e3o violenta:<\/b> Interagir de forma harm\u00f4nica com os outros candidatos \u00e9 essencial.<\/li>\n<li><b>Colaboratividade:<\/b> Demonstrar comprometimento e trabalhar em equipe pode ser o diferencial.<\/li>\n<\/ul>\n<h2>O que \u00e9 uma entrevista coletiva de emprego?<\/h2>\n<p>Quando falamos de <b>entrevista coletiva<\/b>, estamos nos referindo a um formato de avalia\u00e7\u00e3o que re\u00fane v\u00e1rios candidatos ao mesmo tempo. \u00c9 como se estiv\u00e9ssemos em um grande palco, onde todos t\u00eam a chance de brilhar, mas apenas alguns conseguir\u00e3o a aten\u00e7\u00e3o dos recrutadores. Essa din\u00e2mica, muitas vezes chamada de \u201cdin\u00e2mica de grupo\u201d, \u00e9 uma das etapas iniciais do processo seletivo, onde o n\u00famero de candidatos precisa ser reduzido de forma eficaz.<\/p>\n<p>Durante essa entrevista, os participantes interagem entre si, enquanto os recrutadores observam cada movimento, cada palavra e cada gesto. \u00c9 um verdadeiro jogo de xadrez, onde a estrat\u00e9gia e a habilidade de se comunicar s\u00e3o fundamentais. O que muitos n\u00e3o percebem \u00e9 que, apesar de estarem em grupo, a avalia\u00e7\u00e3o \u00e9 individualizada. Cada candidato \u00e9 analisado com base em suas habilidades e comportamentos, o que torna essa experi\u00eancia ainda mais desafiadora.<\/p>\n<h2>Como as entrevistas coletivas funcionam?<\/h2>\n<p>As entrevistas coletivas t\u00eam algumas caracter\u00edsticas comuns que vale a pena conhecer. A primeira delas \u00e9 que, geralmente, a maioria dos candidatos n\u00e3o avan\u00e7a para a pr\u00f3xima fase. Isso significa que cada detalhe conta, e a primeira impress\u00e3o pode ser a \u00faltima. Portanto, \u00e9 crucial estar preparado e atento.<\/p>\n<p>Outro ponto importante \u00e9 que, mesmo em um ambiente de grupo, a avalia\u00e7\u00e3o \u00e9 feita de forma individual. Os recrutadores utilizam t\u00e9cnicas espec\u00edficas para analisar como cada candidato se comporta em situa\u00e7\u00f5es diversas. Isso pode incluir atividades que simulam o dia a dia da empresa ou desafios que exigem solu\u00e7\u00f5es criativas. O que realmente importa \u00e9 como cada um se comporta diante das adversidades e como busca resolver os problemas propostos.<\/p>\n<h2>Quais s\u00e3o os objetivos de uma entrevista coletiva?<\/h2>\n<p>Os objetivos de uma entrevista coletiva s\u00e3o claros e diretos. O primeiro \u00e9 <b>otimizar o processo seletivo<\/b>. Com um grande n\u00famero de candidatos, a an\u00e1lise curricular \u00e9 apenas o primeiro passo. A entrevista coletiva permite que os recrutadores conhe\u00e7am melhor os participantes de forma mais r\u00e1pida e eficiente. Assim, aqueles que n\u00e3o se encaixam no perfil desejado s\u00e3o eliminados, restando apenas os mais compat\u00edveis.<\/p>\n<p>O segundo objetivo \u00e9 <b>avaliar quest\u00f5es comportamentais<\/b>. Durante a din\u00e2mica, os recrutadores observam como cada candidato reage a situa\u00e7\u00f5es espec\u00edficas. N\u00e3o existem respostas certas ou erradas, mas sim a forma como cada um busca solu\u00e7\u00f5es. Essa an\u00e1lise \u00e9 fundamental para entender se o candidato possui afinidade com a cultura da empresa e se pode contribuir para o ambiente de trabalho.<\/p>\n<h2>Como se sair bem em uma entrevista coletiva de emprego?<\/h2>\n<p>Agora que voc\u00ea j\u00e1 sabe o que \u00e9 e como funciona uma entrevista coletiva, vamos \u00e0s dicas pr\u00e1ticas para se destacar. A prepara\u00e7\u00e3o \u00e9 a chave para o sucesso. O primeiro passo \u00e9 <b>pesquisar sobre a empresa<\/b> que est\u00e1 oferecendo a vaga. Visite o site, as redes sociais e conhe\u00e7a os produtos ou servi\u00e7os que ela oferece. Entender o foco do neg\u00f3cio e quem s\u00e3o os clientes pode fazer toda a diferen\u00e7a na hora da entrevista.<\/p>\n<p>Al\u00e9m disso, \u00e9 fundamental conhecer as atribui\u00e7\u00f5es e responsabilidades do cargo. Como essa vaga se encaixa em seu plano de carreira? Quais experi\u00eancias anteriores podem ser destacadas? Essas perguntas devem ser respondidas antes de voc\u00ea entrar na sala de entrevista. E n\u00e3o se esque\u00e7a: <b>seja pontual<\/b>. Atrasos podem passar a impress\u00e3o de desleixo e desorganiza\u00e7\u00e3o, o que certamente n\u00e3o \u00e9 o que voc\u00ea deseja transmitir.<\/p>\n<h3>Aja com intelig\u00eancia emocional<\/h3>\n<p>Um dos aspectos mais importantes durante uma entrevista coletiva \u00e9 a <b>intelig\u00eancia emocional<\/b>. Isso n\u00e3o significa que voc\u00ea n\u00e3o pode sentir nervosismo ou ansiedade, mas sim que deve saber lidar com essas emo\u00e7\u00f5es. A resili\u00eancia e a adaptabilidade s\u00e3o caracter\u00edsticas muito valorizadas pelas empresas atualmente. Se voc\u00ea tende a se alterar facilmente, considere buscar ajuda para desenvolver um maior autocontrole. Pr\u00e1ticas como medita\u00e7\u00e3o e ioga podem ser extremamente ben\u00e9ficas.<\/p>\n<h3>Comunique-se de forma n\u00e3o violenta<\/h3>\n<figure style=\"width: 1024px\" class=\"wp-caption aligncenter\"><img decoding=\"async\" src=\"https:\/\/www.aarquiteta.com.br\/blog\/wp-content\/uploads\/2025\/02\/original-1efc20adb25b2199046f334070951adf.jpg\" alt=\"Como se destacar em uma entrevista coletiva de emprego.\" width=\"1024\" height=\"1024\" title=\"\"><figcaption class=\"wp-caption-text\">Fonte: <a href=\"https:\/\/blog.anhanguera.com\/entrevista-coletiva-de-emprego\/\" target=\"_blank\" rel=\"noopener\">Blog anhanguera<\/a><\/figcaption><\/figure>\n<p>A comunica\u00e7\u00e3o \u00e9 outro ponto crucial. Durante a entrevista, \u00e9 necess\u00e1rio interagir de forma harm\u00f4nica com os outros candidatos. A <b>comunica\u00e7\u00e3o n\u00e3o violenta<\/b> envolve ouvir ativamente e respeitar as opini\u00f5es alheias. N\u00e3o se trata apenas de ser gentil, mas de criar um espa\u00e7o onde todos possam contribuir. Lembre-se: ouvir \u00e9 t\u00e3o importante quanto falar. Essa habilidade pode ser um diferencial na sua avalia\u00e7\u00e3o, mostrando aos recrutadores que voc\u00ea \u00e9 capaz de trabalhar em equipe.<\/p>\n<h3>Demonstre comprometimento e colaboratividade<\/h3>\n<p>Por fim, a din\u00e2mica em grupo \u00e9 um teste onde todos s\u00e3o concorrentes, mas que, ao mesmo tempo, precisam colaborar. \u00c9 essencial <b>demonstra\u00e7\u00e3o de comprometimento<\/b> e a vontade de trabalhar em conjunto. Os candidatos que se destacam n\u00e3o s\u00e3o necessariamente os que falam mais, mas aqueles que contribuem de forma significativa para a solu\u00e7\u00e3o do problema proposto. Ter uma vis\u00e3o ampla e receptiva em rela\u00e7\u00e3o \u00e0 situa\u00e7\u00e3o \u00e9 fundamental para o sucesso.<\/p>\n<h2>Conclus\u00e3o<\/h2>\n<p>Como voc\u00ea pode ver, a entrevista coletiva de emprego n\u00e3o \u00e9 um bicho de sete cabe\u00e7as. Com as dicas certas e uma boa prepara\u00e7\u00e3o, voc\u00ea pode se destacar e conquistar a vaga que tanto deseja. Esteja pronto para enfrentar novos desafios e lembre-se de que cada experi\u00eancia \u00e9 uma oportunidade de aprendizado. Para mais informa\u00e7\u00f5es e dicas sobre como se preparar para o vestibular, acesse o conte\u00fado em <a href=\"https:\/\/www.anhanguera.com\/paginas\/vestibular-online\/?utm_source=blog&#038;utm_medium=footer&#038;utm_campaign=menu\" target=\"_blank\" rel=\"noopener\">Anhanguera<\/a>.<\/p>\n<p><iframe width=\"560\" height=\"315\" src=\"https:\/\/www.youtube.com\/embed\/83KFQF8ZSJY\" title=\"YouTube video player\" frameborder=\"0\" allow=\"accelerometer; autoplay; clipboard-write; encrypted-media; gyroscope; picture-in-picture; web-share\" referrerpolicy=\"strict-origin-when-cross-origin\" allowfullscreen><\/iframe><\/p>\n","protected":false},"excerpt":{"rendered":"<p>Se voc\u00ea est\u00e1 em busca de uma nova oportunidade de trabalho, entender como funciona uma entrevista coletiva pode ser a chave para se destacar entre os concorrentes. Neste artigo, vou compartilhar dicas valiosas para voc\u00ea se sair bem nesse tipo de avalia\u00e7\u00e3o e conquistar a t\u00e3o sonhada vaga. Pontos principais do artigo: Entrevista coletiva: Um [&hellip;]<\/p>\n","protected":false},"author":20,"featured_media":145407,"comment_status":"open","ping_status":"","sticky":false,"template":"","format":"standard","meta":{"footnotes":""},"categories":[6,35497],"tags":[],"class_list":["post-145408","post","type-post","status-publish","format-standard","has-post-thumbnail","category-carreira-de-arquitetura","category-estudante"],"_wp_attached_file":null,"_wp_attachment_metadata":null,"_wp_attachment_context":null,"_wp_attachment_is_custom_header":null,"geo_longitude":null,"geo_public":null,"geo_latitude":null,"_publicize_done_external":null,"_wpas_done_3897181":null,"publicize_twitter_user":null,"_wpas_done_3897175":null,"_wpas_skip_3897181":null,"_wpas_skip_3897175":null,"_wpas_skip_3924723":null,"_wpas_mess":null,"_wpas_done_3924723":null,"wps_subtitle":"","_links":{"self":[{"href":"https:\/\/www.aarquiteta.com.br\/blog\/wp-json\/wp\/v2\/posts\/145408","targetHints":{"allow":["GET"]}}],"collection":[{"href":"https:\/\/www.aarquiteta.com.br\/blog\/wp-json\/wp\/v2\/posts"}],"about":[{"href":"https:\/\/www.aarquiteta.com.br\/blog\/wp-json\/wp\/v2\/types\/post"}],"author":[{"embeddable":true,"href":"https:\/\/www.aarquiteta.com.br\/blog\/wp-json\/wp\/v2\/users\/20"}],"replies":[{"embeddable":true,"href":"https:\/\/www.aarquiteta.com.br\/blog\/wp-json\/wp\/v2\/comments?post=145408"}],"version-history":[{"count":0,"href":"https:\/\/www.aarquiteta.com.br\/blog\/wp-json\/wp\/v2\/posts\/145408\/revisions"}],"wp:featuredmedia":[{"embeddable":true,"href":"https:\/\/www.aarquiteta.com.br\/blog\/wp-json\/wp\/v2\/media\/145407"}],"wp:attachment":[{"href":"https:\/\/www.aarquiteta.com.br\/blog\/wp-json\/wp\/v2\/media?parent=145408"}],"wp:term":[{"taxonomy":"category","embeddable":true,"href":"https:\/\/www.aarquiteta.com.br\/blog\/wp-json\/wp\/v2\/categories?post=145408"},{"taxonomy":"post_tag","embeddable":true,"href":"https:\/\/www.aarquiteta.com.br\/blog\/wp-json\/wp\/v2\/tags?post=145408"}],"curies":[{"name":"wp","href":"https:\/\/api.w.org\/{rel}","templated":true}]}}