{"id":145401,"date":"2025-02-26T09:46:45","date_gmt":"2025-02-26T12:46:45","guid":{"rendered":"https:\/\/www.aarquiteta.com.br\/blog\/conheca-as-cores-que-combinam-com-preto-na-decoracao\/"},"modified":"2025-02-26T09:46:45","modified_gmt":"2025-02-26T12:46:45","slug":"conheca-as-cores-que-combinam-com-preto-na-decoracao","status":"publish","type":"post","link":"https:\/\/www.aarquiteta.com.br\/blog\/conheca-as-cores-que-combinam-com-preto-na-decoracao\/","title":{"rendered":"Cores que combinam com preto na decora\u00e7\u00e3o"},"content":{"rendered":"<p><body><\/p>\n<p>O preto \u00e9 uma cor vers\u00e1til e sofisticada na decora\u00e7\u00e3o. Neste artigo, eu apresento as melhores combina\u00e7\u00f5es de cores com o preto, mostrando como podemos criar ambientes \u00fanicos e cheios de estilo, desde o cl\u00e1ssico preto e branco at\u00e9 combina\u00e7\u00f5es ousadas que d\u00e3o vida aos espa\u00e7os.<\/p>\n<h2>Introdu\u00e7\u00e3o<\/h2>\n<p>Se voc\u00ea me perguntar, <b>as cores t\u00eam um impacto profundo em qualquer ambiente<\/b>. Elas n\u00e3o apenas definem a est\u00e9tica, mas tamb\u00e9m influenciam a sensa\u00e7\u00e3o e a atmosfera como um todo. O preto, essa cor poderosa, tem se tornado cada vez mais popular nas casas modernas. Aqui, vou mostrar as melhores maneiras de combinar o preto com outras cores, garantindo um ambiente que reflete verdadeiramente seu estilo pessoal.<\/p>\n<h2>A tend\u00eancia do uso do preto na decora\u00e7\u00e3o<\/h2>\n<h3>Reinven\u00e7\u00e3o da cor preta<\/h3>\n<figure style=\"width: 1024px\" class=\"wp-caption aligncenter\"><img decoding=\"async\" src=\"https:\/\/www.aarquiteta.com.br\/blog\/wp-content\/uploads\/2025\/02\/conheca-as-cores-que-combinam-com-preto-na-decoracao01.jpg\" alt=\"Cores que combinam com preto na decora\u00e7\u00e3o\" width=\"1024\" height=\"1024\" title=\"\"><figcaption class=\"wp-caption-text\">Cores que combinam com preto na decora\u00e7\u00e3o<\/figcaption><\/figure>\n<p>Antes, muita gente evitava a cor preta por acreditarem que ela tornava os espa\u00e7os pesados. <b>Mas tudo mudou!<\/b> Hoje, com a ousadia no design, o preto \u00e9 usado de forma criativa e inovadora. Ele n\u00e3o est\u00e1 mais restrito a detalhes; <b>pode ser a base de uma decora\u00e7\u00e3o maravilhosa<\/b>, como nas paredes ou em m\u00f3veis. E isso traz in\u00fameros benef\u00edcios, como eleg\u00e2ncia e estilo.<\/p>\n<h2>Cores que combinam com preto<\/h2>\n<h3>1. Preto e Branco<\/h3>\n<figure style=\"width: 1024px\" class=\"wp-caption aligncenter\"><img decoding=\"async\" src=\"https:\/\/blog.arquitetodebolso.com.br\/wp-content\/uploads\/2024\/01\/Conheca-as-cores-que-combinam-com-preto-na-decoracao-6-1.jpg.webp\" alt=\"Descri\u00e7\u00e3o da imagem: Preto com cores dourado na decora\u00e7\u00e3o. Foto: Reprodu\u00e7\u00e3o delightfull.eu\" title=\"\"><figcaption class=\"wp-caption-text\">Descri\u00e7\u00e3o da imagem: Preto com cores dourado na decora\u00e7\u00e3o. Foto: Reprodu\u00e7\u00e3o delightfull.eu<\/figcaption><\/figure>\n<p>Ah, a cl\u00e1ssica combina\u00e7\u00e3o de preto e branco! Um verdadeiro <b>casamento perfeito<\/b>. Ela traz um visual clean e equilibrado, ideal para quem busca um toque de sofistica\u00e7\u00e3o. <b>Se voc\u00ea quer algo mais interessante,<\/b> adicione tons neutros como cinza ou bege para dar uma aconchegada ainda maior.<\/p>\n<h3>2. Preto e Tons Amadeirados<\/h3>\n<figure style=\"width: 1024px\" class=\"wp-caption aligncenter\"><img decoding=\"async\" src=\"https:\/\/blog.arquitetodebolso.com.br\/wp-content\/uploads\/2024\/01\/Conheca-as-cores-que-combinam-com-preto-na-decoracao-2.jpg.webp\" alt=\"Descri\u00e7\u00e3o da imagem: Cores que combinam com preto na decora\u00e7\u00e3o. Foto: Reprodu\u00e7\u00e3o hunker.com\" title=\"\"><figcaption class=\"wp-caption-text\">Descri\u00e7\u00e3o da imagem: Cores que combinam com preto na decora\u00e7\u00e3o. Foto: Reprodu\u00e7\u00e3o hunker.com<\/figcaption><\/figure>\n<p>Quem diria que a combina\u00e7\u00e3o de preto com madeiras ficaria t\u00e3o linda? <b>O calor da madeira<\/b> junto ao preto cria um efeito elegante e acolhedor, perfeito para a cozinha ou entradas. Voc\u00ea pode ainda inserir detalhes coloridos, como lumin\u00e1rias vibrantes, para adicionar um toque divertido.<\/p>\n<h3>3. Preto e Rosa<\/h3>\n<figure style=\"width: 1024px\" class=\"wp-caption aligncenter\"><img decoding=\"async\" src=\"https:\/\/www.aarquiteta.com.br\/blog\/wp-content\/uploads\/2025\/02\/conheca-as-cores-que-combinam-com-preto-na-decoracao02.jpg\" alt=\"Cores que combinam com preto na decora\u00e7\u00e3o\" width=\"1024\" height=\"1024\" title=\"\"><figcaption class=\"wp-caption-text\">Cores que combinam com preto na decora\u00e7\u00e3o<\/figcaption><\/figure>\n<p>O preto e rosa \u00e9 uma combina\u00e7\u00e3o que traz leveza e delicadeza. Essa parceria \u00e9 super indicada para ambientes mais \u00edntimos, como quartos e closets. <b>Se voc\u00ea busca modernidade,<\/b> experimente um rosa mais vibrante, como um pink, para criar um contraste jovial e ousado.<\/p>\n<h3>4. Preto e Dourado<\/h3>\n<figure style=\"width: 1024px\" class=\"wp-caption aligncenter\"><img decoding=\"async\" src=\"https:\/\/blog.arquitetodebolso.com.br\/wp-content\/uploads\/2024\/01\/Conheca-as-cores-que-combinam-com-preto-na-decoracao-3.jpg.webp\" alt=\"Descri\u00e7\u00e3o da imagem: Preto com branco na decora\u00e7\u00e3o. Foto: Reprodu\u00e7\u00e3o acraftedpassion.com\" title=\"\"><figcaption class=\"wp-caption-text\">Descri\u00e7\u00e3o da imagem: Preto com branco na decora\u00e7\u00e3o. Foto: Reprodu\u00e7\u00e3o acraftedpassion.com<\/figcaption><\/figure>\n<p>Voc\u00ea n\u00e3o pode errar ao combinar preto e dourado. Essa <b>jun\u00e7\u00e3o luxuosa<\/b> adiciona um toque de glamour, seja em pap\u00e9is de parede ou detalhes decorativos. \u00c9 essencial encontrar o equil\u00edbrio e n\u00e3o exagerar no dourado, para n\u00e3o sobrecarregar o espa\u00e7o.<\/p>\n<h3>5. Preto e Turquesa<\/h3>\n<figure style=\"width: 1024px\" class=\"wp-caption aligncenter\"><img decoding=\"async\" src=\"https:\/\/www.aarquiteta.com.br\/blog\/wp-content\/uploads\/2025\/02\/conheca-as-cores-que-combinam-com-preto-na-decoracao03.jpg\" alt=\"Cores que combinam com preto na decora\u00e7\u00e3o\" width=\"1024\" height=\"1024\" title=\"\"><figcaption class=\"wp-caption-text\">Cores que combinam com preto na decora\u00e7\u00e3o<\/figcaption><\/figure>\n<p>O turquesa \u00e9 uma cor refrescante que, quando combinada com preto, resulta em um ambiente vibrante e alegre. <b>Ideal para salas ou quartos,<\/b> o turquesa ilumina o espa\u00e7o e traz uma sensa\u00e7\u00e3o de tranquilidade. Experimente m\u00f3veis turquesa com estruturas pretas e veja a magia acontecer.<\/p>\n<h3>6. Preto e Amarelo<\/h3>\n<figure style=\"width: 1024px\" class=\"wp-caption aligncenter\"><img decoding=\"async\" src=\"https:\/\/blog.arquitetodebolso.com.br\/wp-content\/uploads\/2024\/01\/Conheca-as-cores-que-combinam-com-preto-na-decoracao-4.jpg.webp\" alt=\"Descri\u00e7\u00e3o da imagem: Preto com tons amadeirados na decora\u00e7\u00e3o. Foto: Reprodu\u00e7\u00e3o fashiioncarpet.com\" title=\"\"><figcaption class=\"wp-caption-text\">Descri\u00e7\u00e3o da imagem: Preto com tons amadeirados na decora\u00e7\u00e3o. Foto: Reprodu\u00e7\u00e3o fashiioncarpet.com<\/figcaption><\/figure>\n<p>Agora, se voc\u00ea \u00e9 ousado, vai adorar a combina\u00e7\u00e3o do preto com amarelo. Essa dupla cria um <b>visual impactante e contempor\u00e2neo<\/b>, perfeito para quem quer chamar aten\u00e7\u00e3o. Ambientes que misturam essas cores podem ficar t\u00e3o vibrantes quanto um raio de sol em um dia nublado.<\/p>\n<h2>A import\u00e2ncia da ilumina\u00e7\u00e3o no uso do preto<\/h2>\n<p>N\u00e3o podemos esquecer que a <b>ilumina\u00e7\u00e3o \u00e9 chave<\/b> quando falamos de preto. Um espa\u00e7o iluminado adequadamente real\u00e7a a beleza do preto, tornando-o ainda mais envolvente. Usar luzes brancas e quentes pode fazer toda a diferen\u00e7a em como o preto se apresenta no ambiente.<\/p>\n<h2>Conclus\u00e3o<\/h2>\n<p>Usar o preto na decora\u00e7\u00e3o \u00e9 mais do que uma escolha; \u00e9 uma verdadeira afirma\u00e7\u00e3o de estilo e <b>sofistica\u00e7\u00e3o<\/b>. Ao combin\u00e1-lo com cores que harmonizam, como as que discutimos, voc\u00ea pode transformar seus ambientes e deix\u00e1-los \u00fanicos. **Siga essas dicas e veja como a cor preta pode ser a estrela do seu lar**!<\/p>\n<p><\/body><br \/>\n<figure style=\"width: 1024px\" class=\"wp-caption aligncenter\"><img decoding=\"async\" src=\"https:\/\/www.aarquiteta.com.br\/blog\/wp-content\/uploads\/2025\/02\/conheca-as-cores-que-combinam-com-preto-na-decoracao4.jpg\" alt=\"Cores que combinam com preto na decora\u00e7\u00e3o\" width=\"1024\" height=\"1024\" title=\"\"><figcaption class=\"wp-caption-text\">Cores que combinam com preto na decora\u00e7\u00e3o<\/figcaption><\/figure>\n<figure style=\"width: 1024px\" class=\"wp-caption aligncenter\"><img decoding=\"async\" src=\"https:\/\/blog.arquitetodebolso.com.br\/wp-content\/uploads\/2024\/01\/Conheca-as-cores-que-combinam-com-preto-na-decoracao-5.jpg.webp\" alt=\"Descri\u00e7\u00e3o da imagem: Preto com cor de rosa na decora\u00e7\u00e3o. Foto: Reprodu\u00e7\u00e3o etsy.com\" title=\"\"><figcaption class=\"wp-caption-text\">Descri\u00e7\u00e3o da imagem: Preto com cor de rosa na decora\u00e7\u00e3o. Foto: Reprodu\u00e7\u00e3o etsy.com<\/figcaption><\/figure>\n<p><iframe title=\"YouTube video player\" src=\"https:\/\/www.youtube.com\/embed\/FW1K-I1HqOE\" width=\"560\" height=\"315\" frameborder=\"0\" allowfullscreen=\"allowfullscreen\"><\/iframe><\/p>\n<figure style=\"width: 1024px\" class=\"wp-caption aligncenter\"><img decoding=\"async\" src=\"https:\/\/blog.arquitetodebolso.com.br\/wp-content\/uploads\/2024\/01\/Conheca-as-cores-que-combinam-com-preto-na-decoracao-7-1.jpg.webp\" alt=\"Descri\u00e7\u00e3o da imagem: Preto com turquesa na decora\u00e7\u00e3o. Foto: Reprodu\u00e7\u00e3o casavogue.globo.com\" title=\"\"><figcaption class=\"wp-caption-text\">Descri\u00e7\u00e3o da imagem: Preto com turquesa na decora\u00e7\u00e3o. Foto: Reprodu\u00e7\u00e3o casavogue.globo.com<\/figcaption><\/figure>\n","protected":false},"excerpt":{"rendered":"<p>Descubra combina\u00e7\u00f5es de cores com preto na decora\u00e7\u00e3o e transforme seus ambientes com estilo e sofistica\u00e7\u00e3o!<\/p>\n","protected":false},"author":102,"featured_media":145400,"comment_status":"open","ping_status":"","sticky":false,"template":"","format":"standard","meta":{"footnotes":""},"categories":[1507,6,249],"tags":[],"class_list":["post-145401","post","type-post","status-publish","format-standard","has-post-thumbnail","category-arquitetura","category-carreira-de-arquitetura","category-engenharia-e-construcao-civil"],"_wp_attached_file":null,"_wp_attachment_metadata":null,"_wp_attachment_context":null,"_wp_attachment_is_custom_header":null,"geo_longitude":null,"geo_public":null,"geo_latitude":null,"_publicize_done_external":null,"_wpas_done_3897181":null,"publicize_twitter_user":null,"_wpas_done_3897175":null,"_wpas_skip_3897181":null,"_wpas_skip_3897175":null,"_wpas_skip_3924723":null,"_wpas_mess":null,"_wpas_done_3924723":null,"wps_subtitle":"","_links":{"self":[{"href":"https:\/\/www.aarquiteta.com.br\/blog\/wp-json\/wp\/v2\/posts\/145401","targetHints":{"allow":["GET"]}}],"collection":[{"href":"https:\/\/www.aarquiteta.com.br\/blog\/wp-json\/wp\/v2\/posts"}],"about":[{"href":"https:\/\/www.aarquiteta.com.br\/blog\/wp-json\/wp\/v2\/types\/post"}],"author":[{"embeddable":true,"href":"https:\/\/www.aarquiteta.com.br\/blog\/wp-json\/wp\/v2\/users\/102"}],"replies":[{"embeddable":true,"href":"https:\/\/www.aarquiteta.com.br\/blog\/wp-json\/wp\/v2\/comments?post=145401"}],"version-history":[{"count":0,"href":"https:\/\/www.aarquiteta.com.br\/blog\/wp-json\/wp\/v2\/posts\/145401\/revisions"}],"wp:featuredmedia":[{"embeddable":true,"href":"https:\/\/www.aarquiteta.com.br\/blog\/wp-json\/wp\/v2\/media\/145400"}],"wp:attachment":[{"href":"https:\/\/www.aarquiteta.com.br\/blog\/wp-json\/wp\/v2\/media?parent=145401"}],"wp:term":[{"taxonomy":"category","embeddable":true,"href":"https:\/\/www.aarquiteta.com.br\/blog\/wp-json\/wp\/v2\/categories?post=145401"},{"taxonomy":"post_tag","embeddable":true,"href":"https:\/\/www.aarquiteta.com.br\/blog\/wp-json\/wp\/v2\/tags?post=145401"}],"curies":[{"name":"wp","href":"https:\/\/api.w.org\/{rel}","templated":true}]}}