{"id":145379,"date":"2025-02-26T08:30:51","date_gmt":"2025-02-26T11:30:51","guid":{"rendered":"https:\/\/www.aarquiteta.com.br\/blog\/ideias-fachadas-casas-brasileiras\/"},"modified":"2025-02-26T08:35:16","modified_gmt":"2025-02-26T11:35:16","slug":"ideias-fachadas-casas-brasileiras","status":"publish","type":"post","link":"https:\/\/www.aarquiteta.com.br\/blog\/ideias-fachadas-casas-brasileiras\/","title":{"rendered":"Ideias de Fachadas de Casas Brasileiras modernas"},"content":{"rendered":"<p>&nbsp;<\/p><p>Voc\u00ea j\u00e1 percebeu como a <b>fachada<\/b> de uma casa pode transformar completamente sua apar\u00eancia? Pois \u00e9! Seja um design minimalista ou uma pegada r\u00fastica com um toque contempor\u00e2neo, a fachada \u00e9 o cart\u00e3o de visitas da sua resid\u00eancia. Hoje, vou te mostrar ideias incr\u00edveis para valorizar sua casa com estilo e autenticidade!<\/p><h3>O equil\u00edbrio entre modernidade e tradi\u00e7\u00e3o<\/h3><figure style=\"width: 1024px\" class=\"wp-caption aligncenter\"><img decoding=\"async\" src=\"https:\/\/www.aarquiteta.com.br\/blog\/wp-content\/uploads\/2025\/02\/ideias-fachadas-casas-brasileiras04.jpg\" alt=\"Ideias de Fachadas de Casas Brasileiras modernas \" width=\"1024\" height=\"1024\" title=\"\"><figcaption class=\"wp-caption-text\">Ideias de Fachadas de <a href=\"https:\/\/www.aarquiteta.com.br\/blog\/?s=CASAS\">Casas<\/a> Brasileiras modernas<\/figcaption><\/figure><p>No Brasil, temos uma rica diversidade arquitet\u00f4nica, e isso se reflete diretamente nas fachadas. Muitas pessoas querem algo <b>moderno<\/b>, mas temem perder o charme das influ\u00eancias coloniais ou r\u00fasticas.<\/p><p>A boa not\u00edcia \u00e9 que d\u00e1 pra misturar os estilos de forma harm\u00f4nica! Quer um exemplo? Uma casa com linhas retas e vidro pode ganhar um toque acolhedor com <a href=\"https:\/\/www.aarquiteta.com.br\/blog\/?s=MADEIRA\">madeira<\/a> ripada na entrada.<\/p><p>Fachadas que combinam elementos naturais com materiais industriais s\u00e3o super atuais e t\u00eam um visual sofisticado sem perder a <b>identidade<\/b> brasileira.<\/p><h3>Materiais que fazem toda a diferen\u00e7a<\/h3><figure id=\"attachment_141021\" aria-describedby=\"caption-attachment-141021\" style=\"width: 694px\" class=\"wp-caption alignnone\"><img decoding=\"async\" class=\"wp-image-141021 size-full\" title=\"Ideias de Fachadas de Casas Brasileiras modernas\" src=\"https:\/\/www.aarquiteta.com.br\/blog\/wp-content\/uploads\/2025\/01\/fachadas-de-sobrados-3.jpg.webp\" alt=\"Ideias de Fachadas de Casas Brasileiras modernas\" width=\"694\" height=\"1000\" \/><figcaption id=\"caption-attachment-141021\" class=\"wp-caption-text\">Ideias de Fachadas de Casas Brasileiras modernas<\/figcaption><\/figure><p>Uma escolha certeira de materiais pode elevar sua fachada de comum para espetacular. O concreto aparente d\u00e1 um ar moderno e urbano, enquanto a madeira transmite aconchego e autenticidade.<\/p><p>J\u00e1 pensou em incluir pedras naturais? Elas s\u00e3o charmosas e resistentes ao tempo. E para um toque extra de sofistica\u00e7\u00e3o, <b>pain\u00e9is met\u00e1licos<\/b> podem criar um efeito visual incr\u00edvel, principalmente quando combinados com <a href=\"https:\/\/www.aarquiteta.com.br\/blog\/?s=ILUMINA%C3%87%C3%83O\">ilumina\u00e7\u00e3o<\/a> indireta!<\/p><p>Ah, e n\u00e3o podemos esquecer do vidro! Fachadas envidra\u00e7adas n\u00e3o s\u00f3 modernizam, mas tamb\u00e9m fazem a casa parecer mais ampla e conectada com o exterior.<\/p><h3>Ilumina\u00e7\u00e3o: destaque sua fachada \u00e0 noite<\/h3><figure style=\"width: 1024px\" class=\"wp-caption aligncenter\"><img decoding=\"async\" src=\"https:\/\/www.aarquiteta.com.br\/blog\/wp-content\/uploads\/2025\/02\/ideias-fachadas-casas-brasileiras02.jpg\" alt=\"Ideias de Fachadas de Casas Brasileiras modernas \" width=\"1024\" height=\"1024\" title=\"\"><figcaption class=\"wp-caption-text\">Ideias de Fachadas de Casas Brasileiras modernas<\/figcaption><\/figure><p>Quem disse que a fachada s\u00f3 precisa brilhar de dia? A ilumina\u00e7\u00e3o certa pode transformar completamente a sua entrada e criar uma atmosfera incr\u00edvel \u00e0 noite.<\/p><p>Fitas de LED embutidas em detalhes arquitet\u00f4nicos s\u00e3o uma op\u00e7\u00e3o moderna e disfar\u00e7ada. J\u00e1 para um efeito mais teatral, a ilumina\u00e7\u00e3o de <b><a href=\"https:\/\/www.aarquiteta.com.br\/blog\/?s=PISO\">piso<\/a><\/b> pode criar um jogo de sombras incr\u00edvel.<\/p><p>Quer evidenciar um jardim vertical ou uma <a href=\"https:\/\/www.aarquiteta.com.br\/blog\/?s=PAREDE\">parede<\/a> texturizada? Aposte em spots direcionais! Dessa forma, sua fachada fica elegante e imponente mesmo no escuro.<\/p><h3>Portas imponentes: o grande destaque<\/h3><figure style=\"width: 1024px\" class=\"wp-caption aligncenter\"><img decoding=\"async\" src=\"https:\/\/www.aarquiteta.com.br\/blog\/wp-content\/uploads\/2025\/02\/ideias-fachadas-casas-brasileiras01.jpg\" alt=\"Ideias de Fachadas de Casas Brasileiras modernas \" width=\"1024\" height=\"1024\" title=\"\"><figcaption class=\"wp-caption-text\">Ideias de Fachadas de Casas Brasileiras modernas<\/figcaption><\/figure><p>Quem nunca passou por uma casa e ficou admirado com aquela porta gigante de madeira ou de ferro todo trabalhado? As portas podem ser o grande destaque da fachada e fazer toda a diferen\u00e7a no visual.<\/p><p>Quer uma pegada moderna? <b>Portas pivotantes<\/b> s\u00e3o um charme \u00e0 parte. Para um ar mais r\u00fastico, modelos em madeira maci\u00e7a com puxadores robustos s\u00e3o imbat\u00edveis.<\/p><p>A dica \u00e9 escolher um modelo que converse com o restante dos elementos da fachada e valorize o projeto como um todo!<\/p><figure id=\"attachment_140409\" aria-describedby=\"caption-attachment-140409\" style=\"width: 1024px\" class=\"wp-caption alignnone\"><img decoding=\"async\" class=\"size-full wp-image-140409\" src=\"https:\/\/www.aarquiteta.com.br\/blog\/wp-content\/uploads\/2025\/01\/visagismo-arquitetura-03.webp\" alt=\"Como Modernizar Fachadas com Visagismo Arquitet\u00f4nico: Guia Completo e Pr\u00e1tico\" width=\"1024\" height=\"1024\" title=\"\"><figcaption id=\"caption-attachment-140409\" class=\"wp-caption-text\">Como Modernizar Fachadas com Visagismo Arquitet\u00f4nico: Guia Completo e Pr\u00e1tico<\/figcaption><\/figure><h3>Conclus\u00e3o<\/h3><p>Viu s\u00f3 como mudar sua fachada pode ser mais simples do que parece? Com escolhas certeiras de <b>materiais<\/b>, ilumina\u00e7\u00e3o e um toque aut\u00eantico, sua casa pode se transformar em um verdadeiro espet\u00e1culo!<\/p><p>Gostou das ideias? Qual estilo de fachada mais combina com a sua casa? Me conta nos coment\u00e1rios, vou adorar saber!<\/p><p>&nbsp;<\/p><h3>Assista agora a minha recomenda\u00e7\u00e3o de video abaixo sobre o tema que estamos tratando neste artigo:<\/h3><div class=\"youtube-embed\" data-video_id=\"vIo-UQwcBjo\"><iframe title=\"As cores fortes nessa fachada chamaram muito aten\u00e7\u00e3o!Gostaria de fazer um modelo assim pra vc?\" width=\"696\" height=\"392\" src=\"https:\/\/www.youtube.com\/embed\/vIo-UQwcBjo?feature=oembed&#038;enablejsapi=1\" frameborder=\"0\" allow=\"accelerometer; autoplay; clipboard-write; encrypted-media; gyroscope; picture-in-picture; web-share\" referrerpolicy=\"strict-origin-when-cross-origin\" allowfullscreen><\/iframe><\/div>","protected":false},"excerpt":{"rendered":"<p> Explore diversas inspira\u00e7\u00f5es de fachadas de casas brasileiras, desde o estilo colonial at\u00e9 o contempor\u00e2neo, e descubra como valorizar a arquitetura nacional em seu projeto residencial.<\/p>\n","protected":false},"author":102,"featured_media":145376,"comment_status":"open","ping_status":"closed","sticky":false,"template":"","format":"standard","meta":{"footnotes":""},"categories":[1484,971,18792,18794],"tags":[],"class_list":["post-145379","post","type-post","status-publish","format-standard","has-post-thumbnail","category-decoracao","category-design-de-interiores","category-decoracao-de-apartamento","category-projetos-de-decoracao-de-casas"],"_wp_attached_file":null,"_wp_attachment_metadata":null,"_wp_attachment_context":null,"_wp_attachment_is_custom_header":null,"geo_longitude":null,"geo_public":null,"geo_latitude":null,"_publicize_done_external":null,"_wpas_done_3897181":null,"publicize_twitter_user":null,"_wpas_done_3897175":null,"_wpas_skip_3897181":null,"_wpas_skip_3897175":null,"_wpas_skip_3924723":null,"_wpas_mess":null,"_wpas_done_3924723":null,"wps_subtitle":"","_links":{"self":[{"href":"https:\/\/www.aarquiteta.com.br\/blog\/wp-json\/wp\/v2\/posts\/145379","targetHints":{"allow":["GET"]}}],"collection":[{"href":"https:\/\/www.aarquiteta.com.br\/blog\/wp-json\/wp\/v2\/posts"}],"about":[{"href":"https:\/\/www.aarquiteta.com.br\/blog\/wp-json\/wp\/v2\/types\/post"}],"author":[{"embeddable":true,"href":"https:\/\/www.aarquiteta.com.br\/blog\/wp-json\/wp\/v2\/users\/102"}],"replies":[{"embeddable":true,"href":"https:\/\/www.aarquiteta.com.br\/blog\/wp-json\/wp\/v2\/comments?post=145379"}],"version-history":[{"count":0,"href":"https:\/\/www.aarquiteta.com.br\/blog\/wp-json\/wp\/v2\/posts\/145379\/revisions"}],"wp:featuredmedia":[{"embeddable":true,"href":"https:\/\/www.aarquiteta.com.br\/blog\/wp-json\/wp\/v2\/media\/145376"}],"wp:attachment":[{"href":"https:\/\/www.aarquiteta.com.br\/blog\/wp-json\/wp\/v2\/media?parent=145379"}],"wp:term":[{"taxonomy":"category","embeddable":true,"href":"https:\/\/www.aarquiteta.com.br\/blog\/wp-json\/wp\/v2\/categories?post=145379"},{"taxonomy":"post_tag","embeddable":true,"href":"https:\/\/www.aarquiteta.com.br\/blog\/wp-json\/wp\/v2\/tags?post=145379"}],"curies":[{"name":"wp","href":"https:\/\/api.w.org\/{rel}","templated":true}]}}