{"id":145343,"date":"2025-02-25T19:29:18","date_gmt":"2025-02-25T22:29:18","guid":{"rendered":"https:\/\/www.aarquiteta.com.br\/blog\/parede-colorida-2\/"},"modified":"2025-02-25T19:29:18","modified_gmt":"2025-02-25T22:29:18","slug":"parede-colorida-2","status":"publish","type":"post","link":"https:\/\/www.aarquiteta.com.br\/blog\/parede-colorida-2\/","title":{"rendered":"Descubra como paredes coloridas podem revolucionar o ambiente da sua casa!"},"content":{"rendered":"<p><b>Transformar o ambiente da sua casa pode ser mais simples do que voc\u00ea imagina!<\/b> Com algumas paredes coloridas, voc\u00ea d\u00e1 um toque especial, trazendo vida e energia para cada espa\u00e7o. Vamos explorar como essa mudan\u00e7a pode revolucionar seu lar!<\/p>\n<h3>Introdu\u00e7\u00e3o<\/h3>\n<figure style=\"width: 1024px\" class=\"wp-caption aligncenter\"><img decoding=\"async\" src=\"https:\/\/www.aarquiteta.com.br\/blog\/wp-content\/uploads\/2025\/02\/parede-colorida-3-730x913.jpg\" alt=\"Foto de parede colorida 3\" title=\"\"><figcaption class=\"wp-caption-text\">Foto de parede colorida 3<\/figcaption><\/figure>\n<p>A decora\u00e7\u00e3o pode ser um desafio, n\u00e3o \u00e9 mesmo? Um detalhe, como uma parede colorida, pode fazer toda a diferen\u00e7a, seja na sala, no quarto ou at\u00e9 no banheiro. Aqui, vou te mostrar o poder das cores e como us\u00e1-las para transformar seu espa\u00e7o. Ficou curioso? Ent\u00e3o, vamos nessa!<\/p>\n<h3>1. Paredes Coloridas: Alegria em Cada Canto<\/h3>\n<figure style=\"width: 1024px\" class=\"wp-caption aligncenter\"><img decoding=\"async\" src=\"https:\/\/www.aarquiteta.com.br\/blog\/wp-content\/uploads\/2025\/02\/parede-colorida01.jpg\" alt=\"Transforme sua casa com paredes coloridas\" width=\"1024\" height=\"1024\" title=\"\"><figcaption class=\"wp-caption-text\">Transforme sua casa com paredes coloridas<\/figcaption><\/figure>\n<p>Voc\u00ea j\u00e1 percebeu que cores vivas trazem <b>alegria<\/b> para os ambientes? Ao mudar uma parede com um tom vibrante, meu espa\u00e7o ganhou uma energia totalmente nova! Aquelas tardes de t\u00e9dio em casa foram substitu\u00eddas por uma vibra\u00e7\u00e3o contagiante. E o melhor: foi uma mudan\u00e7a simples, que qualquer um pode fazer!<\/p>\n<p>Se voc\u00ea tem, por exemplo, uma sala mais neutra, que tal adicionar um azul royal ou um amarelo ensolarado? Logo a sensa\u00e7\u00e3o de espa\u00e7o \u00e9 outra! As cores t\u00eam o poder de <b>transcender<\/b> o visual e impactar nosso humor e bem-estar.<\/p>\n<h3>2. As Combina\u00e7\u00f5es de Cores que Funcionam<\/h3>\n<figure style=\"width: 1024px\" class=\"wp-caption aligncenter\"><img decoding=\"async\" src=\"https:\/\/www.aarquiteta.com.br\/blog\/wp-content\/uploads\/2025\/02\/parede-colorida-0.jpg\" alt=\"50 ideias de parede colorida para transformar o espa\u00e7o com alegria\" title=\"\"><figcaption class=\"wp-caption-text\">50 ideias de parede colorida para transformar o espa\u00e7o com alegria<\/figcaption><\/figure>\n<p>Combinar cores pode parecer uma tarefa complicada, mas n\u00e3o precisa ser! Comece com duas ou tr\u00eas cores que voc\u00ea ama. Por exemplo, <b>verde \u00e1gua<\/b> e <b>laranja<\/b> sempre fazem um casal feliz e harmonioso. Quando decidi usar essas combina\u00e7\u00f5es na minha cozinha, parecia que o ambiente tinha ganho uma nova vida! N\u00e3o se esque\u00e7a de testar: aplique amostras e veja quais cores ressoam mais com seu estilo.<\/p>\n<p>Experimente tamb\u00e9m <b>texturas<\/b>! Uma parede lisinha em um tom vibrante atrai olhares, mas uma parede com textura pode dar um charme ainda maior. A criatividade \u00e9 o limite!<\/p>\n<h3>3. Paredes que Conectam Ambientes<\/h3>\n<figure style=\"width: 1024px\" class=\"wp-caption aligncenter\"><img decoding=\"async\" src=\"https:\/\/www.aarquiteta.com.br\/blog\/wp-content\/uploads\/2025\/02\/parede-colorida02.jpg\" alt=\"Transforme sua casa com paredes coloridas\" width=\"1024\" height=\"1024\" title=\"\"><figcaption class=\"wp-caption-text\">Transforme sua casa com paredes coloridas<\/figcaption><\/figure>\n<p>Muitas vezes, a gente pensa em pintar apenas uma parede, mas sabia que integrar diferentes espa\u00e7os pode ser uma op\u00e7\u00e3o incr\u00edvel? Como? Use a mesma cor para conectar ambientes. Por exemplo, se voc\u00ea tem uma sala de estar e de jantar, um tom cont\u00ednuo pode criar uma <b>harmonia visual<\/b> impressionante.<\/p>\n<p>Eu fiz isso na minha casa e a sensa\u00e7\u00e3o foi de expans\u00e3o! O c\u00f4modo pareceu mais amplo e convidativo. Se voc\u00ea estiver receoso de errar, comece com tonos mais claros, que s\u00e3o <b>f\u00e1ceis de combinar<\/b> com qualquer item decorativo.<\/p>\n<h3>4. M\u00e3o na Massa: Como Fazer Voc\u00ea Mesmo<\/h3>\n<figure style=\"width: 1024px\" class=\"wp-caption aligncenter\"><img decoding=\"async\" src=\"https:\/\/www.aarquiteta.com.br\/blog\/wp-content\/uploads\/2025\/02\/parede-rosa-14-286x160.jpg\" alt=\"Foto de parede rosa 14\" title=\"\"><figcaption class=\"wp-caption-text\">Foto de parede rosa 14<\/figcaption><\/figure>\n<p>Se voc\u00ea quer uma DIY super simples, a hora \u00e9 agora! Para dar vida \u00e0s suas paredes, voc\u00ea s\u00f3 vai precisar de <b>tinta<\/b>, <b>fita adesiva<\/b> e um pouco de coragem! Separe as cores, delimite o que vai pintar e coloque a m\u00e3o na massa. Voc\u00ea ver\u00e1 que ter uma parede colorida n\u00e3o \u00e9 s\u00f3 uma ideia; \u00e9 uma <b>realidade<\/b> ao seu alcance!<\/p>\n<p>Eu ainda levo em conta detalhes como quadros, prateleiras e ilumina\u00e7\u00e3o que complementam a decora\u00e7\u00e3o. Olha, n\u00e3o d\u00e1 pra negar que \u00e9 terap\u00eautico ver a transforma\u00e7\u00e3o acontecendo aos poucos. Uma dica \u00e9 incluir uma <b>luz indireta<\/b> que realce a cor e traga um clima mais aconchegante!<\/p>\n<h3>Considera\u00e7\u00f5es Finais<\/h3>\n<figure style=\"width: 1024px\" class=\"wp-caption aligncenter\"><img decoding=\"async\" src=\"https:\/\/www.aarquiteta.com.br\/blog\/wp-content\/uploads\/2025\/02\/parede-colorida03.jpg\" alt=\"Transforme sua casa com paredes coloridas\" width=\"1024\" height=\"1024\" title=\"\"><figcaption class=\"wp-caption-text\">Transforme sua casa com paredes coloridas<\/figcaption><\/figure>\n<p>Uma parede colorida pode ser a mudan\u00e7a que voc\u00ea precisava para revitalizar sua casa. O segredo \u00e9 escolher as cores e as combina\u00e7\u00f5es que mais falam com voc\u00ea. Agora que voc\u00ea j\u00e1 sabe como isso \u00e9 poss\u00edvel, <b>que tal come\u00e7ar?<\/b> N\u00e3o tenha medo de ousar. Afinal, sua casa reflete quem voc\u00ea \u00e9. Deixe sua imagina\u00e7\u00e3o fluir!<\/p>\n<h3>Perguntas Frequentes (FAQ)<\/h3>\n<figure style=\"width: 1024px\" class=\"wp-caption aligncenter\"><img decoding=\"async\" src=\"https:\/\/www.aarquiteta.com.br\/blog\/wp-content\/uploads\/2025\/02\/stencil-para-parede-1-1-286x160.jpg\" alt=\"Foto de stencil para parede 1\" title=\"\"><figcaption class=\"wp-caption-text\">Foto de stencil para parede 1<\/figcaption><\/figure>\n<ul>\n<li><b>Qual a melhor cor para ambientes pequenos?<\/b> Opte por tons claros que ampliam visualmente o espa\u00e7o.<\/li>\n<li><b>Como combinar diferentes cores?<\/b> Escolha duas ou tr\u00eas cores que se complementem e experimente amostras antes de decidir.<\/li>\n<li><b>Posso pintar apenas uma parede?<\/b> Sim! Uma \u00fanica parede pode fazer uma grande diferen\u00e7a na decora\u00e7\u00e3o.<\/li>\n<li><b>Preciso de ajuda profissional para pintar?<\/b> N\u00e3o! Com um pouco de pesquisa e paci\u00eancia, voc\u00ea pode fazer isso sozinho.<\/li>\n<\/ul>\n<p>Se ficou alguma d\u00favida ou voc\u00ea quer compartilhar sua experi\u00eancia, <b>deixe um coment\u00e1rio abaixo<\/b>! Estou aqui para ajudar!<\/p>\n<figure style=\"width: 1024px\" class=\"wp-caption aligncenter\"><img decoding=\"async\" src=\"https:\/\/www.aarquiteta.com.br\/blog\/wp-content\/uploads\/2025\/02\/parede-colorida4.jpg\" alt=\"Transforme sua casa com paredes coloridas\" width=\"1024\" height=\"1024\" title=\"\"><figcaption class=\"wp-caption-text\">Transforme sua casa com paredes coloridas<\/figcaption><\/figure>\n<figure style=\"width: 1024px\" class=\"wp-caption aligncenter\"><img decoding=\"async\" src=\"https:\/\/www.aarquiteta.com.br\/blog\/wp-content\/uploads\/2025\/02\/parede-colorida-1-730x912.jpg\" alt=\"Foto de parede colorida 1\" title=\"\"><figcaption class=\"wp-caption-text\">Foto de parede colorida 1<\/figcaption><\/figure>\n<h3>Para se aprofundar mais sobre o tema, veja a minha recomenda\u00e7\u00e3o sobre o tema deste artigo no v\u00eddeo a seguir abaixo:<\/h3>\n<p><iframe title=\"YouTube video player\" src=\"https:\/\/www.youtube.com\/embed\/eAXv9veWSq4\" width=\"560\" height=\"315\" frameborder=\"0\" allowfullscreen=\"allowfullscreen\"><\/iframe><\/p>\n<figure style=\"width: 1024px\" class=\"wp-caption aligncenter\"><img decoding=\"async\" src=\"https:\/\/www.aarquiteta.com.br\/blog\/wp-content\/uploads\/2025\/02\/parede-colorida-2-730x913.jpg\" alt=\"Foto de parede colorida 2\" title=\"\"><figcaption class=\"wp-caption-text\">Foto de parede colorida 2<\/figcaption><\/figure>\n","protected":false},"excerpt":{"rendered":"<p>Descubra 50 ideias criativas de paredes coloridas para alegrar e decorar seu ambiente de forma simples.<\/p>\n","protected":false},"author":102,"featured_media":145336,"comment_status":"open","ping_status":"","sticky":false,"template":"","format":"standard","meta":{"footnotes":""},"categories":[1484],"tags":[],"class_list":["post-145343","post","type-post","status-publish","format-standard","has-post-thumbnail","category-decoracao"],"_wp_attached_file":null,"_wp_attachment_metadata":null,"_wp_attachment_context":null,"_wp_attachment_is_custom_header":null,"geo_longitude":null,"geo_public":null,"geo_latitude":null,"_publicize_done_external":null,"_wpas_done_3897181":null,"publicize_twitter_user":null,"_wpas_done_3897175":null,"_wpas_skip_3897181":null,"_wpas_skip_3897175":null,"_wpas_skip_3924723":null,"_wpas_mess":null,"_wpas_done_3924723":null,"wps_subtitle":"","_links":{"self":[{"href":"https:\/\/www.aarquiteta.com.br\/blog\/wp-json\/wp\/v2\/posts\/145343","targetHints":{"allow":["GET"]}}],"collection":[{"href":"https:\/\/www.aarquiteta.com.br\/blog\/wp-json\/wp\/v2\/posts"}],"about":[{"href":"https:\/\/www.aarquiteta.com.br\/blog\/wp-json\/wp\/v2\/types\/post"}],"author":[{"embeddable":true,"href":"https:\/\/www.aarquiteta.com.br\/blog\/wp-json\/wp\/v2\/users\/102"}],"replies":[{"embeddable":true,"href":"https:\/\/www.aarquiteta.com.br\/blog\/wp-json\/wp\/v2\/comments?post=145343"}],"version-history":[{"count":0,"href":"https:\/\/www.aarquiteta.com.br\/blog\/wp-json\/wp\/v2\/posts\/145343\/revisions"}],"wp:featuredmedia":[{"embeddable":true,"href":"https:\/\/www.aarquiteta.com.br\/blog\/wp-json\/wp\/v2\/media\/145336"}],"wp:attachment":[{"href":"https:\/\/www.aarquiteta.com.br\/blog\/wp-json\/wp\/v2\/media?parent=145343"}],"wp:term":[{"taxonomy":"category","embeddable":true,"href":"https:\/\/www.aarquiteta.com.br\/blog\/wp-json\/wp\/v2\/categories?post=145343"},{"taxonomy":"post_tag","embeddable":true,"href":"https:\/\/www.aarquiteta.com.br\/blog\/wp-json\/wp\/v2\/tags?post=145343"}],"curies":[{"name":"wp","href":"https:\/\/api.w.org\/{rel}","templated":true}]}}