{"id":145277,"date":"2025-02-25T10:24:59","date_gmt":"2025-02-25T13:24:59","guid":{"rendered":"https:\/\/www.aarquiteta.com.br\/blog\/portobello-shop\/"},"modified":"2025-02-25T10:24:59","modified_gmt":"2025-02-25T13:24:59","slug":"portobello-shop","status":"publish","type":"post","link":"https:\/\/www.aarquiteta.com.br\/blog\/portobello-shop\/","title":{"rendered":"Transforme seu Espa\u00e7o: Segredos da Arquitetura e Design que Voc\u00ea Precisa Conhecer!"},"content":{"rendered":"<p>Voc\u00ea j\u00e1 parou pra pensar como um projeto de arquitetura pode refletir quem somos? Neste artigo, vamos explorar as <b>tend\u00eancias<\/b> e inova\u00e7\u00f5es que est\u00e3o moldando o futuro da arquitetura e do design, principalmente em ambientes como cozinhas e banheiros!<\/p>\n<h3>O Futuro da Arquitetura e Design<\/h3>\n<figure style=\"width: 1024px\" class=\"wp-caption aligncenter\"><img decoding=\"async\" src=\"https:\/\/www.aarquiteta.com.br\/blog\/wp-content\/uploads\/2025\/02\/portobello-shop-01.jpg\" alt=\"Explorando Mudan\u00e7as em Projetos de Arquitetura e Design\" width=\"1024\" height=\"1024\" title=\"\"><figcaption class=\"wp-caption-text\">Explorando Mudan\u00e7as em Projetos de Arquitetura e Design<\/figcaption><\/figure>\n<p>Hoje, a <b>arquitetura<\/b> e o design est\u00e3o passando por uma verdadeira revolu\u00e7\u00e3o. As novas tecnologias e a crescente busca por sustentabilidade impactam cada linha, cada espa\u00e7o projetado. V\u00e1rios profissionais do setor est\u00e3o explorando novas formas de trabalhar, que v\u00e3o muito al\u00e9m do que conhecemos. Voc\u00ea sabia que a bioconstru\u00e7\u00e3o est\u00e1 ganhando for\u00e7a? O uso de materiais naturais e t\u00e9cnicas que respeitam a natureza t\u00eam chamado a aten\u00e7\u00e3o n\u00e3o s\u00f3 de arquitetos, mas de clientes que buscam um estilo de vida mais consciente!<\/p>\n<h3>Tend\u00eancias em Cozinhas Modernas<\/h3>\n<img decoding=\"async\" src=\"\" alt=\"\" title=\"\">\n<p>Quem n\u00e3o ama uma cozinha bonita e funcional? <b>Cozinhas modernas<\/b> est\u00e3o se transformando em verdadeiros n\u00facleos de conviv\u00eancia. Com cores vibrantes e materiais inovadores, como o m\u00e1rmore resinificado e superf\u00edcies com tecnologia antimicrobiana, cozinhar virou algo n\u00e3o s\u00f3 pr\u00e1tico, mas tamb\u00e9m uma verdadeira experi\u00eancia est\u00e9tica!<\/p>\n<p>Se voc\u00ea ainda n\u00e3o considerou incluir uma ilha central na sua cozinha, t\u00e1 na hora de pensar nisso! Esses espa\u00e7os multifuncionais s\u00e3o ideais para reunir a fam\u00edlia e amigos. Ali\u00e1s, a nova moda de cozinhar enquanto papeamos n\u00e3o \u00e9 s\u00f3 charme, mas \u00e9 tamb\u00e9m extremamente pr\u00e1tico!<\/p>\n<h3>Banheiros que S\u00e3o True Espa\u00e7os de Relaxamento<\/h3>\n<img decoding=\"async\" src=\"\" alt=\"\" title=\"\">\n<p>Quando falamos de <b>banheiros<\/b>, a tend\u00eancia \u00e9 que se tornem verdadeiros santu\u00e1rios pessoais. A ideia \u00e9 criar espa\u00e7os aconchegantes e relaxantes, onde a pessoa possa recarregar energia. O uso de <b>revestimentos<\/b> como azulejos 3D, e a incorpora\u00e7\u00e3o de elementos naturais, como plantas, s\u00e3o apostas certeiras!<\/p>\n<p>Por que n\u00e3o investir em uma banheira de imers\u00e3o? Ela pode ser o detalhe que transforma seu banheiro em um spa particular. Imagine-se relaxando ali ap\u00f3s um dia corrido&#8230; del\u00edcia, n\u00e9?<\/p>\n<h3>Revestimentos que Falam por Si<\/h3>\n<figure style=\"width: 1024px\" class=\"wp-caption aligncenter\"><img decoding=\"async\" src=\"https:\/\/www.aarquiteta.com.br\/blog\/wp-content\/uploads\/2025\/02\/portobello-shop-02.jpg\" alt=\"Explorando Mudan\u00e7as em Projetos de Arquitetura e Design\" width=\"1024\" height=\"1024\" title=\"\"><figcaption class=\"wp-caption-text\">Explorando Mudan\u00e7as em Projetos de Arquitetura e Design<\/figcaption><\/figure>\n<p>Os <b>revestimentos<\/b> seguem sendo o &#8220;toque de mestre&#8221; na decora\u00e7\u00e3o. Cada vez mais, vemos op\u00e7\u00f5es que v\u00e3o al\u00e9m do cl\u00e1ssico. Que tal reviver a nostalgia com azulejos vintage ou ousar com paredes texturizadas? Eles t\u00eam o poder de contar hist\u00f3rias e personalizar o seu espa\u00e7o de forma \u00fanica!<\/p>\n<p>Al\u00e9m disso, revestimentos sustent\u00e1veis est\u00e3o em alta! Voc\u00ea sabia que cerca de 40% da produ\u00e7\u00e3o de res\u00edduos urbanos no mundo \u00e9 gerada pela constru\u00e7\u00e3o civil? Usar materiais reciclados ou de baixo impacto ambiental \u00e9 uma bela forma de contribuir com o planeta.<\/p>\n<h3>Uma Nova Era na Decora\u00e7\u00e3o de Ambientes<\/h3>\n<img decoding=\"async\" src=\"\" alt=\"\" title=\"\">\n<p>N\u00e3o d\u00e1 pra falar de mudan\u00e7a sem mencionar a <b>tecnologia<\/b>. A automa\u00e7\u00e3o residencial trouxe o conceito de \u201ccasa inteligente\u201d para o nosso cotidiano. Luzes controladas pelo celular, sistemas de som integrados, e eletrodom\u00e9sticos que falam entre si mudam completamente a nossa forma de viver! Tudo isso conecta ainda mais nosso lar com nosso estilo de vida contempor\u00e2neo e din\u00e2mico.<\/p>\n<p>Ent\u00e3o, independente da sua escolha &#8211; seja pela praticidade, sustentabilidade ou est\u00e9tica &#8211; lembre-se sempre: sua casa \u00e9 o reflexo de quem voc\u00ea \u00e9. N\u00e3o tenha medo de ousar no seu projeto!<\/p>\n<h3>Perguntas Frequentes<\/h3>\n<figure style=\"width: 1024px\" class=\"wp-caption aligncenter\"><img decoding=\"async\" src=\"https:\/\/www.aarquiteta.com.br\/blog\/wp-content\/uploads\/2025\/02\/portobello-shop-03.jpg\" alt=\"Explorando Mudan\u00e7as em Projetos de Arquitetura e Design\" width=\"1024\" height=\"1024\" title=\"\"><figcaption class=\"wp-caption-text\">Explorando Mudan\u00e7as em Projetos de Arquitetura e Design<\/figcaption><\/figure>\n<ul>\n<li><b>Qual revestimento \u00e9 mais indicado para cozinhas?<\/b> Alguns dos mais populares incluem cer\u00e2mica e porcelanato, por suas facilidades de limpeza.<\/li>\n<li><b>Como posso melhorar a ilumina\u00e7\u00e3o da minha cozinha?<\/b> Invista em lumin\u00e1rias de LED e em pontos estrat\u00e9gicos para destacar elementos da decora\u00e7\u00e3o!<\/li>\n<li><b>Banheiro pequeno, como resolver?<\/b> Aposte em cores claras e espelhos! Eles ampliam visualmente o espa\u00e7o e garantem uma sensa\u00e7\u00e3o de leveza.<\/li>\n<\/ul>\n<p>E a\u00ed, ficou alguma d\u00favida ou voc\u00ea quer saber mais sobre tend\u00eancias espec\u00edficas? Deixe seu coment\u00e1rio abaixo que vou adorar responder e ajudar voc\u00ea a transformar o seu espa\u00e7o!<\/p>\n<img decoding=\"async\" src=\"\" alt=\"\" title=\"\">\n<figure style=\"width: 1024px\" class=\"wp-caption aligncenter\"><img decoding=\"async\" src=\"https:\/\/www.aarquiteta.com.br\/blog\/wp-content\/uploads\/2025\/02\/portobello-shop-4.jpg\" alt=\"Explorando Mudan\u00e7as em Projetos de Arquitetura e Design\" width=\"1024\" height=\"1024\" title=\"\"><figcaption class=\"wp-caption-text\">Explorando Mudan\u00e7as em Projetos de Arquitetura e Design<\/figcaption><\/figure>\n<img decoding=\"async\" src=\"\" alt=\"\" title=\"\">\n<h3>Para se aprofundar mais sobre o tema, veja a minha recomenda\u00e7\u00e3o sobre o tema deste artigo no v\u00eddeo a seguir abaixo:<\/h3>\n<p><iframe title=\"YouTube video player\" src=\"https:\/\/www.youtube.com\/embed\/Kj10arvMm3w\" width=\"560\" height=\"315\" frameborder=\"0\" allowfullscreen=\"allowfullscreen\"><\/iframe><\/p>\n<img decoding=\"async\" src=\"\" alt=\"\" title=\"\">\n","protected":false},"excerpt":{"rendered":"<p>Descubra tend\u00eancias e inova\u00e7\u00f5es em arquitetura, design e revestimentos, com foco nas novas possibilidades para cozinhas, banheiros e mais.<\/p>\n","protected":false},"author":102,"featured_media":145276,"comment_status":"open","ping_status":"","sticky":false,"template":"","format":"standard","meta":{"footnotes":""},"categories":[35375,971,19206],"tags":[],"class_list":["post-145277","post","type-post","status-publish","format-standard","has-post-thumbnail","category-acabamentos","category-design-de-interiores","category-revestimentos"],"_wp_attached_file":null,"_wp_attachment_metadata":null,"_wp_attachment_context":null,"_wp_attachment_is_custom_header":null,"geo_longitude":null,"geo_public":null,"geo_latitude":null,"_publicize_done_external":null,"_wpas_done_3897181":null,"publicize_twitter_user":null,"_wpas_done_3897175":null,"_wpas_skip_3897181":null,"_wpas_skip_3897175":null,"_wpas_skip_3924723":null,"_wpas_mess":null,"_wpas_done_3924723":null,"wps_subtitle":"","_links":{"self":[{"href":"https:\/\/www.aarquiteta.com.br\/blog\/wp-json\/wp\/v2\/posts\/145277","targetHints":{"allow":["GET"]}}],"collection":[{"href":"https:\/\/www.aarquiteta.com.br\/blog\/wp-json\/wp\/v2\/posts"}],"about":[{"href":"https:\/\/www.aarquiteta.com.br\/blog\/wp-json\/wp\/v2\/types\/post"}],"author":[{"embeddable":true,"href":"https:\/\/www.aarquiteta.com.br\/blog\/wp-json\/wp\/v2\/users\/102"}],"replies":[{"embeddable":true,"href":"https:\/\/www.aarquiteta.com.br\/blog\/wp-json\/wp\/v2\/comments?post=145277"}],"version-history":[{"count":0,"href":"https:\/\/www.aarquiteta.com.br\/blog\/wp-json\/wp\/v2\/posts\/145277\/revisions"}],"wp:featuredmedia":[{"embeddable":true,"href":"https:\/\/www.aarquiteta.com.br\/blog\/wp-json\/wp\/v2\/media\/145276"}],"wp:attachment":[{"href":"https:\/\/www.aarquiteta.com.br\/blog\/wp-json\/wp\/v2\/media?parent=145277"}],"wp:term":[{"taxonomy":"category","embeddable":true,"href":"https:\/\/www.aarquiteta.com.br\/blog\/wp-json\/wp\/v2\/categories?post=145277"},{"taxonomy":"post_tag","embeddable":true,"href":"https:\/\/www.aarquiteta.com.br\/blog\/wp-json\/wp\/v2\/tags?post=145277"}],"curies":[{"name":"wp","href":"https:\/\/api.w.org\/{rel}","templated":true}]}}