{"id":145265,"date":"2025-02-25T06:33:24","date_gmt":"2025-02-25T09:33:24","guid":{"rendered":"https:\/\/www.aarquiteta.com.br\/blog\/como-plantar-bananeira\/"},"modified":"2025-02-25T06:33:24","modified_gmt":"2025-02-25T09:33:24","slug":"como-plantar-bananeira","status":"publish","type":"post","link":"https:\/\/www.aarquiteta.com.br\/blog\/como-plantar-bananeira\/","title":{"rendered":"Aprenda a plantar bananeira de forma simples e eficaz em casa"},"content":{"rendered":"<p>Se planta\u00e7\u00e3o de banana \u00e9 o seu sonho, voc\u00ea t\u00e1 no lugar certo! Aqui, vou te ensinar como fazer isso de forma <b>simples e eficaz<\/b>! Vamos descobrir juntos como plantar bananeira no ch\u00e3o e em vasos, aproveitando todos os saborosos benef\u00edcios dessa fruta tropical. \ud83d\ude0b<\/p>\n<h3>Introdu\u00e7\u00e3o<\/h3>\n<figure style=\"width: 1024px\" class=\"wp-caption aligncenter\"><img decoding=\"async\" src=\"https:\/\/www.aarquiteta.com.br\/blog\/wp-content\/uploads\/2025\/02\/como-plantar-bananeira04.jpg\" alt=\"Aprenda a plantar bananeira de forma simples e eficaz em casa\" width=\"1024\" height=\"1024\" title=\"\"><figcaption class=\"wp-caption-text\">Aprenda a plantar bananeira de forma simples e eficaz em casa<\/figcaption><\/figure>\n<p>Voc\u00ea j\u00e1 se imaginou colhendo suas pr\u00f3prias bananas fresquinhas em casa? Al\u00e9m de trazer um toque tropical ao seu espa\u00e7o, cultivar bananeira \u00e9 uma experi\u00eancia gratificante e divertida! Neste guia, vou compartilhar todos os passos para voc\u00ea fazer sua planta\u00e7\u00e3o, seja no ch\u00e3o ou em vasos. \ud83c\udf3f<\/p>\n<h3>Materiais Necess\u00e1rios para o Plantio<\/h3>\n<figure style=\"width: 1024px\" class=\"wp-caption aligncenter\"><img decoding=\"async\" src=\"https:\/\/www.aarquiteta.com.br\/blog\/wp-content\/uploads\/2025\/02\/como-plantar-bananeira03.jpg\" alt=\"Aprenda a plantar bananeira de forma simples e eficaz em casa\" width=\"1024\" height=\"1024\" title=\"\"><figcaption class=\"wp-caption-text\">Aprenda a plantar bananeira de forma simples e eficaz em casa<\/figcaption><\/figure>\n<p>Antes de mais nada, precisamos dos materiais adequados. N\u00e3o se esque\u00e7a de ter \u00e0 m\u00e3o:<\/p>\n<ul>\n<li><b>Muda de bananeira<\/b>; <\/li>\n<li>Ferramentas de corte e p\u00e1; <\/li>\n<li><b>Adubos<\/b> (esterco de galinha, NPK 4-14-8, calc\u00e1rio); <\/li>\n<li><b>\u00c1gua sanit\u00e1ria<\/b> para desinfetar a muda.<\/li>\n<\/ul>\n<h3>Preparando o Solo e a Muda<\/h3>\n<figure style=\"width: 1024px\" class=\"wp-caption aligncenter\"><img decoding=\"async\" src=\"https:\/\/www.aarquiteta.com.br\/blog\/wp-content\/uploads\/2025\/02\/como-plantar-bananeira02.jpg\" alt=\"Aprenda a plantar bananeira de forma simples e eficaz em casa\" width=\"1024\" height=\"1024\" title=\"\"><figcaption class=\"wp-caption-text\">Aprenda a plantar bananeira de forma simples e eficaz em casa<\/figcaption><\/figure>\n<p>Escolha uma muda saud\u00e1vel, com o <b>chifr\u00e3o<\/b> crescendo ao lado da planta-m\u00e3e. Agora, vamos retirar a muda, tomando cuidado para n\u00e3o machucar a planta-m\u00e3e. Limpe bem o rizoma e fa\u00e7a a desinfec\u00e7\u00e3o mergulhando-o em \u00e1gua sanit\u00e1ria por <b>6 horas<\/b>.<\/p>\n<p>Depois, \u00e9 a hora de cavar um buraco. Aprofunde at\u00e9 40 cm para criar um ber\u00e7o de plantio. Lembre-se de separar a terra nutritiva da terra inferior &#8211; essa pequena t\u00e9cnica garante que sua bananeira tenha uma base s\u00f3lida.<\/p>\n<h3>Hora do Plantio!<\/h3>\n<figure style=\"width: 1024px\" class=\"wp-caption aligncenter\"><img decoding=\"async\" src=\"https:\/\/www.aarquiteta.com.br\/blog\/wp-content\/uploads\/2025\/02\/como-plantar-bananeira01.jpg\" alt=\"Aprenda a plantar bananeira de forma simples e eficaz em casa\" width=\"1024\" height=\"1024\" title=\"\"><figcaption class=\"wp-caption-text\">Aprenda a plantar bananeira de forma simples e eficaz em casa<\/figcaption><\/figure>\n<p>Coloque a camada superior de terra no fundo do ber\u00e7o e depois, com todo o amor e carinho, plante a muda no centro. Agora, aproveite para regar a plantinha, criando uma bacia ao redor para acumular \u00e1gua. Essa bananinha precisa de <b>umidade<\/b> para ficar saud\u00e1vel!<\/p>\n<h3>Cuidando da Bananeira<\/h3>\n<p>A paci\u00eancia \u00e9 a m\u00e3e da sabedoria! Em at\u00e9 um ano, voc\u00ea pode colher suas primeiras bananas. Enquanto isso, n\u00e3o esque\u00e7a da aduba\u00e7\u00e3o. O esterco de galinha \u00e9 um \u00f3timo amigo da bananeira e, com isso, voc\u00ea vai ter frutos deliciosos. Acompanhe o crescimento e mantenha a cobra viva!<\/p>\n<h3>Plantando Bananeira em Vasos<\/h3>\n<h3>Assista agora a minha recomenda\u00e7\u00e3o de video abaixo sobre o tema que estamos tratando neste artigo: <\/h3>\n<p><div class=\"youtube-embed\" data-video_id=\"LG6cJIlrO08\"><iframe title=\"Plantando Bananeira\" width=\"696\" height=\"392\" src=\"https:\/\/www.youtube.com\/embed\/LG6cJIlrO08?feature=oembed&#038;enablejsapi=1\" frameborder=\"0\" allow=\"accelerometer; autoplay; clipboard-write; encrypted-media; gyroscope; picture-in-picture; web-share\" referrerpolicy=\"strict-origin-when-cross-origin\" allowfullscreen><\/iframe><\/div>\n<\/p>\n<p>Sabia que d\u00e1 para cultivar bananeiras em vasos? Essa \u00e9 uma \u00f3tima alternativa, especialmente para quem tem pouco espa\u00e7o! Primeiro, escolha um vaso grande e, com delicadeza, plante a muda no centro. A regra aqui \u00e9 a mesma: mantenha o solo \u00famido, mas nada de exageros, viu?<\/p>\n<p>Voc\u00ea tamb\u00e9m pode podar a bananeira de vez em quando. Uma poda na metade estimula novo crescimento. E n\u00e3o se esque\u00e7a de deixar pelo menos tr\u00eas brotos no vaso: a m\u00e3e, a filha e a neta! Depois da frutifica\u00e7\u00e3o da m\u00e3e, corte-a e deixe as \u201cfilhas\u201d continuarem a festa. \ud83c\udf89<\/p>\n<h3>Perguntas Frequentes<\/h3>\n<h4>Qual a melhor \u00e9poca para plantar bananeira?<\/h4>\n<p>O <b>ver\u00e3o<\/b> \u00e9 perfeito, especialmente quando as chuvas come\u00e7am!<\/p>\n<h4>Qual o melhor adubo?<\/h4>\n<p>O esterco de galinha \u00e9 o campe\u00e3o, mas o NPK tamb\u00e9m \u00e9 uma op\u00e7\u00e3o eficaz.<\/p>\n<h4>Quantas vezes uma bananeira d\u00e1 fruto?<\/h4>\n<p>Uma cada vez! Depois, ser\u00e1 preciso contar com as novas brota\u00e7\u00f5es que surgem ao seu redor.<\/p>\n<p>Se voc\u00ea tem mais d\u00favidas ou experi\u00eancias para compartilhar, n\u00e3o hesite em deixar um coment\u00e1rio! Estou aqui para ajudar. Vamos juntos cultivar essa divers\u00e3o doce e tropical! \ud83c\udf1f<\/p>\n","protected":false},"excerpt":{"rendered":"<p>Descubra tudo sobre como plantar bananeira. Dicas e cuidados essenciais para o cultivo e manuten\u00e7\u00e3o.<\/p>\n","protected":false},"author":102,"featured_media":145262,"comment_status":"open","ping_status":"","sticky":false,"template":"","format":"standard","meta":{"footnotes":""},"categories":[9612,18792,18794],"tags":[],"class_list":["post-145265","post","type-post","status-publish","format-standard","has-post-thumbnail","category-jardinagem","category-decoracao-de-apartamento","category-projetos-de-decoracao-de-casas"],"_wp_attached_file":null,"_wp_attachment_metadata":null,"_wp_attachment_context":null,"_wp_attachment_is_custom_header":null,"geo_longitude":null,"geo_public":null,"geo_latitude":null,"_publicize_done_external":null,"_wpas_done_3897181":null,"publicize_twitter_user":null,"_wpas_done_3897175":null,"_wpas_skip_3897181":null,"_wpas_skip_3897175":null,"_wpas_skip_3924723":null,"_wpas_mess":null,"_wpas_done_3924723":null,"wps_subtitle":"","_links":{"self":[{"href":"https:\/\/www.aarquiteta.com.br\/blog\/wp-json\/wp\/v2\/posts\/145265","targetHints":{"allow":["GET"]}}],"collection":[{"href":"https:\/\/www.aarquiteta.com.br\/blog\/wp-json\/wp\/v2\/posts"}],"about":[{"href":"https:\/\/www.aarquiteta.com.br\/blog\/wp-json\/wp\/v2\/types\/post"}],"author":[{"embeddable":true,"href":"https:\/\/www.aarquiteta.com.br\/blog\/wp-json\/wp\/v2\/users\/102"}],"replies":[{"embeddable":true,"href":"https:\/\/www.aarquiteta.com.br\/blog\/wp-json\/wp\/v2\/comments?post=145265"}],"version-history":[{"count":0,"href":"https:\/\/www.aarquiteta.com.br\/blog\/wp-json\/wp\/v2\/posts\/145265\/revisions"}],"wp:featuredmedia":[{"embeddable":true,"href":"https:\/\/www.aarquiteta.com.br\/blog\/wp-json\/wp\/v2\/media\/145262"}],"wp:attachment":[{"href":"https:\/\/www.aarquiteta.com.br\/blog\/wp-json\/wp\/v2\/media?parent=145265"}],"wp:term":[{"taxonomy":"category","embeddable":true,"href":"https:\/\/www.aarquiteta.com.br\/blog\/wp-json\/wp\/v2\/categories?post=145265"},{"taxonomy":"post_tag","embeddable":true,"href":"https:\/\/www.aarquiteta.com.br\/blog\/wp-json\/wp\/v2\/tags?post=145265"}],"curies":[{"name":"wp","href":"https:\/\/api.w.org\/{rel}","templated":true}]}}