{"id":145254,"date":"2025-02-24T19:20:17","date_gmt":"2025-02-24T22:20:17","guid":{"rendered":"https:\/\/www.aarquiteta.com.br\/blog\/parede-de-vidro\/"},"modified":"2025-02-24T19:20:17","modified_gmt":"2025-02-24T22:20:17","slug":"parede-de-vidro","status":"publish","type":"post","link":"https:\/\/www.aarquiteta.com.br\/blog\/parede-de-vidro\/","title":{"rendered":"PAREDE DE VIDRO DEIXA A ARQUITETURA MODERNA E COM VISUAL DE TIRAR O F\u00d4LEGO"},"content":{"rendered":"<p>Voc\u00ea j\u00e1 imaginou como uma <b>parede de vidro<\/b> pode transformar a arquitetura da sua casa, trazendo luminosidade e eleg\u00e2ncia? Se sim, vamos explorar juntos esse conceito que deixou a decora\u00e7\u00e3o moderna ainda mais deslumbrante!<\/p>\n<h3>Introdu\u00e7\u00e3o<\/h3>\n<figure style=\"width: 1024px\" class=\"wp-caption aligncenter\"><img decoding=\"async\" src=\"https:\/\/www.aarquiteta.com.br\/blog\/wp-content\/uploads\/2025\/02\/parede-de-vidro01.jpg\" alt=\"PAREDE DE VIDRO DEIXA A ARQUITETURA MODERNA E COM VISUAL DE TIRAR O F\u00d4LEGO\" width=\"1024\" height=\"1024\" title=\"\"><figcaption class=\"wp-caption-text\">PAREDE DE VIDRO DEIXA A ARQUITETURA MODERNA E COM VISUAL DE TIRAR O F\u00d4LEGO<\/figcaption><\/figure>\n<p>As <b>paredes de vidro<\/b> est\u00e3o ganhando cada vez mais espa\u00e7o na arquitetura contempor\u00e2nea. Elas oferecem n\u00e3o s\u00f3 <b>amplitude<\/b>, mas tamb\u00e9m uma <b>integra\u00e7\u00e3o perfeita<\/b> entre o interior e o exterior, criando fus\u00f5es incr\u00edveis de luz natural e visual aberto. E, claro, quem n\u00e3o gostaria de ter uma casa onde a paisagem externa se torna parte da decora\u00e7\u00e3o interna?<\/p>\n<h3>Os Benef\u00edcios das Paredes de Vidro<\/h3>\n<figure style=\"width: 1024px\" class=\"wp-caption aligncenter\"><img decoding=\"async\" src=\"https:\/\/www.aarquiteta.com.br\/blog\/wp-content\/uploads\/2025\/02\/parede-de-vidro-5-730x801.jpg\" alt=\"Foto de parede de vidro 5 - 7\" title=\"\"><figcaption class=\"wp-caption-text\">Foto de parede de vidro 5 &#8211; 7<\/figcaption><\/figure>\n<p>Primeiro, vamos falar sobre luminosidade. Uma <b>parede de vidro<\/b> permite que a luz natural invada o ambiente, tornando tudo <b>mais leve e arejado<\/b>. Pode apostar: com muito mais brilho, a sua casa vai parecer um verdadeiro <b>ref\u00fagio<\/b>.<\/p>\n<p>Al\u00e9m disso, ao optar por esse material, voc\u00ea tamb\u00e9m pode expandir a <b>sensa\u00e7\u00e3o de espa\u00e7o<\/b> em ambientes pequenos. \u00c9 como abrir uma janela para o mundo, sem medo de perder a privacidade, que tal? Com cortinas ou persianas, d\u00e1 pra ter o melhor dos dois mundos!<\/p>\n<h3>Privacidade Sem Limita\u00e7\u00f5es<\/h3>\n<figure style=\"width: 1024px\" class=\"wp-caption aligncenter\"><img decoding=\"async\" src=\"https:\/\/www.aarquiteta.com.br\/blog\/wp-content\/uploads\/2025\/02\/parede-de-vidro-1.jpg\" alt=\"Foto: Reprodu\u00e7\u00e3o \/REINACH MENDON\u00c7A\" title=\"\"><figcaption class=\"wp-caption-text\">Foto: Reprodu\u00e7\u00e3o \/REINACH MENDON\u00c7A<\/figcaption><\/figure>\n<p>Um dos grandes medos nas casas modernas \u00e9 a <b>privacidade<\/b>. Mas aqui vai uma dica valiosa: v\u00e1rias solu\u00e7\u00f5es permitem que voc\u00ea mantenha sua casa iluminada sem abrir m\u00e3o do conforto. J\u00e1 pensou em usar vidros <b>semi-transl\u00facidos<\/b>? Al\u00e9m de resultar em um visual incr\u00edvel, eles garantem que a vizinhan\u00e7a n\u00e3o veja seu &#8220;caos cotidiano&#8221; enquanto voc\u00ea est\u00e1 por ali.<\/p>\n<p>Se voc\u00ea t\u00e1 preocupado com seguran\u00e7a, tem op\u00e7\u00f5es de <b>vidros temperados<\/b> que s\u00e3o super resistentes e seguros. Assim, \u00e9 como ter o melhor escudo da cidade, mas sem perder a beleza do seu espa\u00e7o.<\/p>\n<h3>Estilos e Estruturas<\/h3>\n<figure style=\"width: 1024px\" class=\"wp-caption aligncenter\"><img decoding=\"async\" src=\"https:\/\/www.aarquiteta.com.br\/blog\/wp-content\/uploads\/2025\/02\/parede-de-vidro02.jpg\" alt=\"PAREDE DE VIDRO DEIXA A ARQUITETURA MODERNA E COM VISUAL DE TIRAR O F\u00d4LEGO\" width=\"1024\" height=\"1024\" title=\"\"><figcaption class=\"wp-caption-text\">PAREDE DE VIDRO DEIXA A ARQUITETURA MODERNA E COM VISUAL DE TIRAR O F\u00d4LEGO<\/figcaption><\/figure>\n<p>A escolha da estrutura tamb\u00e9m \u00e9 crucial! Usar perfis de metalon pode dar um toque <b>moderno<\/b> e robusto, enquanto suportes invis\u00edveis podem fazer parecer que suas paredes est\u00e3o <b>flutuando<\/b> no ar. \u00c9 pura magia arquitet\u00f4nica!<\/p>\n<p>Imagine uma sala onde voc\u00ea pode ver todo o jardim enquanto se aconchega no sof\u00e1. Essa sensa\u00e7\u00e3o de <b>conex\u00e3o com a natureza<\/b> \u00e9 algo que s\u00f3 uma parede de vidro pode proporcionar. \u00c9 como estar dentro de um quadro vivo!<\/p>\n<h3>Manuten\u00e7\u00e3o Pr\u00e1tica<\/h3>\n<figure style=\"width: 1024px\" class=\"wp-caption aligncenter\"><img decoding=\"async\" src=\"https:\/\/www.aarquiteta.com.br\/blog\/wp-content\/uploads\/2025\/02\/parede-de-vidro-2-730x827.jpg\" alt=\"Foto de parede de vidro 2 - 1\" title=\"\"><figcaption class=\"wp-caption-text\">Foto de parede de vidro 2 &#8211; 1<\/figcaption><\/figure>\n<p>Claro que vamos falar de limpeza! Manter as janelas de vidro impec\u00e1veis n\u00e3o precisa ser um desafio. Utilizar produtos espec\u00edficos e t\u00e9cnicas simples \u00e9 o caminho. Afinal, quem quer ver marcas ou manchas em um lugar que deve brilhar?<\/p>\n<p>Uma parede de vidro n\u00e3o s\u00f3 destaca a beleza da sua casa, como tamb\u00e9m exige um cuidado simples. E o melhor: os materiais autolimpantes est\u00e3o a\u00ed para facilitar nossas vidas, transformando a limpeza em um passeio no parque. Menos trabalho, mais encanto!<\/p>\n<h3>FAQ &#8211; Perguntas Frequentemente Feitas<\/h3>\n<figure style=\"width: 1024px\" class=\"wp-caption aligncenter\"><img decoding=\"async\" src=\"https:\/\/www.aarquiteta.com.br\/blog\/wp-content\/uploads\/2025\/02\/parede-de-vidro03.jpg\" alt=\"PAREDE DE VIDRO DEIXA A ARQUITETURA MODERNA E COM VISUAL DE TIRAR O F\u00d4LEGO\" width=\"1024\" height=\"1024\" title=\"\"><figcaption class=\"wp-caption-text\">PAREDE DE VIDRO DEIXA A ARQUITETURA MODERNA E COM VISUAL DE TIRAR O F\u00d4LEGO<\/figcaption><\/figure>\n<ul>\n<li><b>Posso usar paredes de vidro em qualquer c\u00f4modo?<\/b> \u2013 Sim! Eles podem ser usados em banheiros, salas de estar, ou at\u00e9 mesmo como divis\u00f3rias.<\/li>\n<li><b>As paredes de vidro ficam quentes no ver\u00e3o?<\/b> \u2013 N\u00e3o se preocupe! H\u00e1 vidros com tratamento especial que ajudam a controlar a temperatura.<\/li>\n<li><b>Como consigo privacidade?<\/b> \u2013 Voc\u00ea pode investir em cortinas, persianas ou at\u00e9 vidros semi-transl\u00facidos.<\/li>\n<li><b>S\u00e3o seguras?<\/b> \u2013 Com certeza! Existem op\u00e7\u00f5es de vidros temperados que garantem seguran\u00e7a e resist\u00eancia.<\/li>\n<\/ul>\n<h3>Resumo<\/h3>\n<figure style=\"width: 1024px\" class=\"wp-caption aligncenter\"><img decoding=\"async\" src=\"https:\/\/www.aarquiteta.com.br\/blog\/wp-content\/uploads\/2025\/02\/parede-de-vidro-3-730x707.jpg\" alt=\"Foto de parede de vidro 3 - 5\" title=\"\"><figcaption class=\"wp-caption-text\">Foto de parede de vidro 3 &#8211; 5<\/figcaption><\/figure>\n<p>Escolher uma <b>parede de vidro<\/b> \u00e9 uma decis\u00e3o que pode abrir um novo mundo de possibilidades para a sua casa. Elas n\u00e3o apenas oferecem luminosidade, mas tamb\u00e9m integram espa\u00e7o e natureza de uma maneira que poucos materiais conseguem. O que mais podemos querer?<\/p>\n<p>Agora, \u00e9 hora de dar o pr\u00f3ximo passo: que tal come\u00e7ar a planejar sua <b>transforma\u00e7\u00e3o?<\/b><\/p>\n<figure style=\"width: 1024px\" class=\"wp-caption aligncenter\"><img decoding=\"async\" src=\"https:\/\/www.aarquiteta.com.br\/blog\/wp-content\/uploads\/2025\/02\/parede-de-vidro4.jpg\" alt=\"PAREDE DE VIDRO DEIXA A ARQUITETURA MODERNA E COM VISUAL DE TIRAR O F\u00d4LEGO\" width=\"1024\" height=\"1024\" title=\"\"><figcaption class=\"wp-caption-text\">PAREDE DE VIDRO DEIXA A ARQUITETURA MODERNA E COM VISUAL DE TIRAR O F\u00d4LEGO<\/figcaption><\/figure>\n<figure style=\"width: 1024px\" class=\"wp-caption aligncenter\"><img decoding=\"async\" src=\"https:\/\/www.aarquiteta.com.br\/blog\/wp-content\/uploads\/2025\/02\/parede-de-vidro-4-730x758.jpg\" alt=\"Foto de parede de vidro 4 - 6\" title=\"\"><figcaption class=\"wp-caption-text\">Foto de parede de vidro 4 &#8211; 6<\/figcaption><\/figure>\n<p><iframe title=\"YouTube video player\" src=\"https:\/\/www.youtube.com\/embed\/yXT5iGkYdFc\" width=\"560\" height=\"315\" frameborder=\"0\" allowfullscreen=\"allowfullscreen\"><\/iframe><\/p>\n<figure style=\"width: 1024px\" class=\"wp-caption aligncenter\"><img decoding=\"async\" src=\"https:\/\/www.aarquiteta.com.br\/blog\/wp-content\/uploads\/2025\/02\/parede-de-vidro-6-730x496.jpg\" alt=\"Foto de parede de vidro 6 - 8\" title=\"\"><figcaption class=\"wp-caption-text\">Foto de parede de vidro 6 &#8211; 8<\/figcaption><\/figure>\n","protected":false},"excerpt":{"rendered":"<p>Descubra como as paredes de vidro podem transformar a arquitetura da sua casa, proporcionando luminosidade, leveza e eleg\u00e2ncia.<\/p>\n","protected":false},"author":102,"featured_media":145247,"comment_status":"open","ping_status":"","sticky":false,"template":"","format":"standard","meta":{"footnotes":""},"categories":[1507,249],"tags":[],"class_list":["post-145254","post","type-post","status-publish","format-standard","has-post-thumbnail","category-arquitetura","category-engenharia-e-construcao-civil"],"_wp_attached_file":null,"_wp_attachment_metadata":null,"_wp_attachment_context":null,"_wp_attachment_is_custom_header":null,"geo_longitude":null,"geo_public":null,"geo_latitude":null,"_publicize_done_external":null,"_wpas_done_3897181":null,"publicize_twitter_user":null,"_wpas_done_3897175":null,"_wpas_skip_3897181":null,"_wpas_skip_3897175":null,"_wpas_skip_3924723":null,"_wpas_mess":null,"_wpas_done_3924723":null,"wps_subtitle":"","_links":{"self":[{"href":"https:\/\/www.aarquiteta.com.br\/blog\/wp-json\/wp\/v2\/posts\/145254","targetHints":{"allow":["GET"]}}],"collection":[{"href":"https:\/\/www.aarquiteta.com.br\/blog\/wp-json\/wp\/v2\/posts"}],"about":[{"href":"https:\/\/www.aarquiteta.com.br\/blog\/wp-json\/wp\/v2\/types\/post"}],"author":[{"embeddable":true,"href":"https:\/\/www.aarquiteta.com.br\/blog\/wp-json\/wp\/v2\/users\/102"}],"replies":[{"embeddable":true,"href":"https:\/\/www.aarquiteta.com.br\/blog\/wp-json\/wp\/v2\/comments?post=145254"}],"version-history":[{"count":0,"href":"https:\/\/www.aarquiteta.com.br\/blog\/wp-json\/wp\/v2\/posts\/145254\/revisions"}],"wp:featuredmedia":[{"embeddable":true,"href":"https:\/\/www.aarquiteta.com.br\/blog\/wp-json\/wp\/v2\/media\/145247"}],"wp:attachment":[{"href":"https:\/\/www.aarquiteta.com.br\/blog\/wp-json\/wp\/v2\/media?parent=145254"}],"wp:term":[{"taxonomy":"category","embeddable":true,"href":"https:\/\/www.aarquiteta.com.br\/blog\/wp-json\/wp\/v2\/categories?post=145254"},{"taxonomy":"post_tag","embeddable":true,"href":"https:\/\/www.aarquiteta.com.br\/blog\/wp-json\/wp\/v2\/tags?post=145254"}],"curies":[{"name":"wp","href":"https:\/\/api.w.org\/{rel}","templated":true}]}}