{"id":145243,"date":"2025-02-24T17:51:00","date_gmt":"2025-02-24T20:51:00","guid":{"rendered":"https:\/\/www.aarquiteta.com.br\/blog\/como-fazer-cabeceira-de-cama\/"},"modified":"2025-02-24T17:51:00","modified_gmt":"2025-02-24T20:51:00","slug":"como-fazer-cabeceira-de-cama","status":"publish","type":"post","link":"https:\/\/www.aarquiteta.com.br\/blog\/como-fazer-cabeceira-de-cama\/","title":{"rendered":"Transforme Seu Quarto: Descubra Como Criar uma Cabeceira de Cama Incr\u00edvel!"},"content":{"rendered":"<p>Transforme seu quarto com uma cabeceira incr\u00edvel! Neste artigo, vou te mostrar como criar uma cabeceira que vai dar um up na sua decora\u00e7\u00e3o, deixando seu espa\u00e7o mais aconchegante e estiloso. Vamos explorar op\u00e7\u00f5es simples e criativas que v\u00e3o fazer voc\u00ea se apaixonar pelo seu cantinho!<\/p>\n<h3>Introdu\u00e7\u00e3o<\/h3>\n<figure style=\"width: 1024px\" class=\"wp-caption aligncenter\"><img decoding=\"async\" src=\"https:\/\/tuacasa.uol.com.br\/wp-content\/uploads\/2021\/05\/como-fazer-cabeceira-de-cama-1-730X913.JPG\" alt=\"A cabeceira \u00e9 um item \u00fatil e que embeleza o quarto.\" title=\"\"><figcaption class=\"wp-caption-text\">A cabeceira \u00e9 um item \u00fatil e que embeleza o quarto.<\/figcaption><\/figure>\n<p>Sabe aquele toque especial que faz toda a diferen\u00e7a na decora\u00e7\u00e3o do quarto? Pois \u00e9, <b>a cabeceira de cama<\/b> \u00e9 um desses detalhes que podem transformar completamente o ambiente. Al\u00e9m de ser pr\u00e1tica, ela traz conforto e estilo. Mas, como criar uma cabeceira que se destaque? Neste artigo, vou compartilhar algumas ideias e tutoriais para voc\u00ea fazer a sua pr\u00f3pria cabeceira e deixar o seu quarto de cara nova!<\/p>\n<h3>Vamos falar sobre as diferentes op\u00e7\u00f5es de cabeceiras!<\/h3>\n<figure style=\"width: 1024px\" class=\"wp-caption aligncenter\"><img decoding=\"async\" src=\"https:\/\/www.aarquiteta.com.br\/blog\/wp-content\/uploads\/2025\/02\/como-fazer-cabeceira-de-cama01.jpg\" alt=\"Como Fazer Cabeceira de Cama: Tutoriais e Inspira\u00e7\u00f5es\" width=\"1024\" height=\"1024\" title=\"\"><figcaption class=\"wp-caption-text\">Como Fazer Cabeceira de Cama: Tutoriais e Inspira\u00e7\u00f5es<\/figcaption><\/figure>\n<p>Primeiramente, precisamos entender que <b>cabeceiras podem ser criadas com materiais variados<\/b>, tudo depende da sua criatividade e do que voc\u00ea tem em casa. Aqui v\u00e3o algumas ideias que j\u00e1 testei e garanto que funcionam:<\/p>\n<ul>\n<li><b>Cabeceira estofada<\/b>: Uma op\u00e7\u00e3o super elegante e confort\u00e1vel. \u00c9 s\u00f3 usar um tecido bonito, espuma e um pouco de paci\u00eancia!<\/li>\n<li><b>Cabeceira de madeira<\/b>: Reaproveitar t\u00e1buas de madeira \u00e9 uma ideia sustent\u00e1vel e que deixa o ambiente r\u00fastico e charmoso.<\/li>\n<li><b>Cabeceira de isopor<\/b>: Isso mesmo! Com isopor e cola, voc\u00ea consegue fazer algo leve e f\u00e1cil de personalizar.<\/li>\n<\/ul>\n<h3>Materiais que voc\u00ea pode usar<\/h3>\n<figure style=\"width: 1024px\" class=\"wp-caption aligncenter\"><img decoding=\"async\" src=\"https:\/\/www.aarquiteta.com.br\/blog\/wp-content\/uploads\/2025\/02\/como-fazer-cabeceira-de-cama-1.png\" alt=\"Saiba como fazer cabeceira de cama e inspire-se com modelos incr\u00edveis.\" title=\"\"><figcaption class=\"wp-caption-text\">Saiba como fazer cabeceira de cama e inspire-se com modelos incr\u00edveis.<\/figcaption><\/figure>\n<p>Agora, vamos \u00e0 parte divertida! <b>Selecione os materiais que voc\u00ea j\u00e1 tem em casa<\/b>, mas n\u00e3o se esque\u00e7a de conferir o que falta para a sua cabeceira perfeita:<\/p>\n<ol>\n<li>Tecido da sua escolha (linho, algod\u00e3o, ou at\u00e9 mesmo uma manta velha que voc\u00ea n\u00e3o usa mais).<\/li>\n<li>Espuma ou mantas acr\u00edlicas para dar aquele conforto que amamos.<\/li>\n<li>Madeira, isopor ou canos de PVC, dependendo do estilo que voc\u00ea quer criar.<\/li>\n<li>Fita adesiva dupla face ou cola para ajudar na montagem.<\/li>\n<\/ol>\n<p>Com as <b>ideias certas e um pouco de m\u00e3o na massa<\/b>, voc\u00ea pode criar uma cabeceira incr\u00edvel em poucos passos!<\/p>\n<h3>Inspire-se e coloque a m\u00e3o na massa!<\/h3>\n<figure style=\"width: 1024px\" class=\"wp-caption aligncenter\"><img decoding=\"async\" src=\"https:\/\/www.aarquiteta.com.br\/blog\/wp-content\/uploads\/2025\/02\/como-fazer-cabeceira-de-cama02.jpg\" alt=\"Como Fazer Cabeceira de Cama: Tutoriais e Inspira\u00e7\u00f5es\" width=\"1024\" height=\"1024\" title=\"\"><figcaption class=\"wp-caption-text\">Como Fazer Cabeceira de Cama: Tutoriais e Inspira\u00e7\u00f5es<\/figcaption><\/figure>\n<p>Agora \u00e9 hora de soltar a criatividade! Que tal dar uma olhadinha no Pinterest ou em revistas de decora\u00e7\u00e3o? <b>Procurar por inspira\u00e7\u00f5es<\/b> vai te ajudar. Voc\u00ea pode misturar estilos ou criar algo totalmente \u00fanico. E lembre-se, o importante \u00e9 fazer com carinho! Cada cabeceira representa um pedacinho do seu estilo e do que voc\u00ea valoriza na decora\u00e7\u00e3o.<\/p>\n<h3>Perguntas Frequentes<\/h3>\n<figure style=\"width: 1024px\" class=\"wp-caption aligncenter\"><img decoding=\"async\" src=\"https:\/\/www.aarquiteta.com.br\/blog\/wp-content\/uploads\/2025\/02\/cabeceira-de-ferro-00-286x160.jpg\" alt=\"50 ideias que v\u00e3o te fazer desejar uma cabeceira de ferro.\" title=\"\"><figcaption class=\"wp-caption-text\">50 ideias que v\u00e3o te fazer desejar uma cabeceira de ferro.<\/figcaption><\/figure>\n<p><b>1. Posso fazer uma cabeceira em pouco tempo?<\/b> Sim, com um pouco de planejamento, voc\u00ea consegue fazer uma cabeceira linda em menos de 10 minutos!<\/p>\n<p><b>2. Que tipo de material \u00e9 mais dur\u00e1vel?<\/b> A madeira \u00e9 uma op\u00e7\u00e3o excelente, mas cabeceiras estofadas tamb\u00e9m duram muito bem se bem cuidadas.<\/p>\n<p><b>3. Posso personalizar a cabeceira?<\/b> Com certeza! Use cores, estampas, e formatos que representem seu estilo!<\/p>\n<p>Agora que voc\u00ea j\u00e1 conhece algumas ideias e dicas, que tal come\u00e7ar a transforma\u00e7\u00e3o do seu quarto? <b>Com criatividade e amor, voc\u00ea vai fazer algo incr\u00edvel!<\/b> E n\u00e3o esque\u00e7a, deixe um coment\u00e1rio abaixo com suas d\u00favidas ou at\u00e9 mesmo as fotos do seu projeto pronto. Estou aqui para ajudar voc\u00ea nessa jornada de decora\u00e7\u00e3o!<\/p>\n<figure style=\"width: 1024px\" class=\"wp-caption aligncenter\"><img decoding=\"async\" src=\"https:\/\/www.aarquiteta.com.br\/blog\/wp-content\/uploads\/2025\/02\/como-fazer-cabeceira-de-cama03.jpg\" alt=\"Como Fazer Cabeceira de Cama: Tutoriais e Inspira\u00e7\u00f5es\" width=\"1024\" height=\"1024\" title=\"\"><figcaption class=\"wp-caption-text\">Como Fazer Cabeceira de Cama: Tutoriais e Inspira\u00e7\u00f5es<\/figcaption><\/figure>\n<figure style=\"width: 1024px\" class=\"wp-caption aligncenter\"><img decoding=\"async\" src=\"https:\/\/www.aarquiteta.com.br\/blog\/wp-content\/uploads\/2025\/02\/prateleira-de-madeira-para-quarto-00-286x160.jpg\" alt=\"70 fotos e ideias para fazer uma prateleira de madeira para o quarto.\" title=\"\"><figcaption class=\"wp-caption-text\">70 fotos e ideias para fazer uma prateleira de madeira para o quarto.<\/figcaption><\/figure>\n<figure style=\"width: 1024px\" class=\"wp-caption aligncenter\"><img decoding=\"async\" src=\"https:\/\/www.aarquiteta.com.br\/blog\/wp-content\/uploads\/2025\/02\/como-fazer-cabeceira-de-cama4.jpg\" alt=\"Como Fazer Cabeceira de Cama: Tutoriais e Inspira\u00e7\u00f5es\" width=\"1024\" height=\"1024\" title=\"\"><figcaption class=\"wp-caption-text\">Como Fazer Cabeceira de Cama: Tutoriais e Inspira\u00e7\u00f5es<\/figcaption><\/figure>\n<figure style=\"width: 1024px\" class=\"wp-caption aligncenter\"><img decoding=\"async\" src=\"https:\/\/www.aarquiteta.com.br\/blog\/wp-content\/uploads\/2025\/02\/arandela-para-quarto-286x160.jpg\" alt=\"40 ideias de arandela para quarto que v\u00e3o iluminar seu dormit\u00f3rio.\" title=\"\"><figcaption class=\"wp-caption-text\">40 ideias de arandela para quarto que v\u00e3o iluminar seu dormit\u00f3rio.<\/figcaption><\/figure>\n<h3>Para se aprofundar mais sobre o tema, veja a minha recomenda\u00e7\u00e3o sobre o tema deste artigo no v\u00eddeo a seguir abaixo:<\/h3>\n<p><iframe title=\"YouTube video player\" src=\"https:\/\/www.youtube.com\/embed\/eqhQ0d2YjCQ\" width=\"560\" height=\"315\" frameborder=\"0\" allowfullscreen=\"allowfullscreen\"><\/iframe><\/p>\n<figure style=\"width: 1024px\" class=\"wp-caption aligncenter\"><img decoding=\"async\" src=\"https:\/\/www.youtube.com\/watch?v=VcIgSjC76iE\" alt=\"A cabeceira quadriculada \u00e9 elegante e traz mais din\u00e2mica para a decora\u00e7\u00e3o do quarto.\" title=\"\"><figcaption class=\"wp-caption-text\">A cabeceira quadriculada \u00e9 elegante e traz mais din\u00e2mica para a decora\u00e7\u00e3o do quarto.<\/figcaption><\/figure>\n","protected":false},"excerpt":{"rendered":"<p>Aprenda a fazer cabeceira de cama com tutoriais pr\u00e1ticos e inspire-se em modelos incr\u00edveis para a decora\u00e7\u00e3o do seu quarto.<\/p>\n","protected":false},"author":102,"featured_media":145238,"comment_status":"open","ping_status":"","sticky":false,"template":"","format":"standard","meta":{"footnotes":""},"categories":[1484],"tags":[],"class_list":["post-145243","post","type-post","status-publish","format-standard","has-post-thumbnail","category-decoracao"],"_wp_attached_file":null,"_wp_attachment_metadata":null,"_wp_attachment_context":null,"_wp_attachment_is_custom_header":null,"geo_longitude":null,"geo_public":null,"geo_latitude":null,"_publicize_done_external":null,"_wpas_done_3897181":null,"publicize_twitter_user":null,"_wpas_done_3897175":null,"_wpas_skip_3897181":null,"_wpas_skip_3897175":null,"_wpas_skip_3924723":null,"_wpas_mess":null,"_wpas_done_3924723":null,"wps_subtitle":"","_links":{"self":[{"href":"https:\/\/www.aarquiteta.com.br\/blog\/wp-json\/wp\/v2\/posts\/145243","targetHints":{"allow":["GET"]}}],"collection":[{"href":"https:\/\/www.aarquiteta.com.br\/blog\/wp-json\/wp\/v2\/posts"}],"about":[{"href":"https:\/\/www.aarquiteta.com.br\/blog\/wp-json\/wp\/v2\/types\/post"}],"author":[{"embeddable":true,"href":"https:\/\/www.aarquiteta.com.br\/blog\/wp-json\/wp\/v2\/users\/102"}],"replies":[{"embeddable":true,"href":"https:\/\/www.aarquiteta.com.br\/blog\/wp-json\/wp\/v2\/comments?post=145243"}],"version-history":[{"count":0,"href":"https:\/\/www.aarquiteta.com.br\/blog\/wp-json\/wp\/v2\/posts\/145243\/revisions"}],"wp:featuredmedia":[{"embeddable":true,"href":"https:\/\/www.aarquiteta.com.br\/blog\/wp-json\/wp\/v2\/media\/145238"}],"wp:attachment":[{"href":"https:\/\/www.aarquiteta.com.br\/blog\/wp-json\/wp\/v2\/media?parent=145243"}],"wp:term":[{"taxonomy":"category","embeddable":true,"href":"https:\/\/www.aarquiteta.com.br\/blog\/wp-json\/wp\/v2\/categories?post=145243"},{"taxonomy":"post_tag","embeddable":true,"href":"https:\/\/www.aarquiteta.com.br\/blog\/wp-json\/wp\/v2\/tags?post=145243"}],"curies":[{"name":"wp","href":"https:\/\/api.w.org\/{rel}","templated":true}]}}