{"id":145167,"date":"2025-02-24T11:41:23","date_gmt":"2025-02-24T14:41:23","guid":{"rendered":"https:\/\/www.aarquiteta.com.br\/blog\/vicios-de-linguagem\/"},"modified":"2025-02-24T11:41:23","modified_gmt":"2025-02-24T14:41:23","slug":"vicios-de-linguagem","status":"publish","type":"post","link":"https:\/\/www.aarquiteta.com.br\/blog\/vicios-de-linguagem\/","title":{"rendered":"Descubra os principais v\u00edcios de linguagem e como evit\u00e1-los."},"content":{"rendered":"<p>Os v\u00edcios de linguagem s\u00e3o armadilhas que podem comprometer a clareza e a efic\u00e1cia da comunica\u00e7\u00e3o, especialmente no ambiente profissional. Neste artigo, vamos explorar o que s\u00e3o esses v\u00edcios, como eles afetam a imagem profissional e, mais importante, como evit\u00e1-los para se comunicar de forma mais eficaz.<\/p>\n<h2>O que s\u00e3o v\u00edcios de linguagem?<\/h2>\n<p>Os v\u00edcios de linguagem s\u00e3o erros que cometemos ao falar ou escrever, muitas vezes sem perceber. Eles se tornam t\u00e3o comuns que, em vez de enriquecer nossa comunica\u00e7\u00e3o, acabam empobrecendo-a. Imagine que voc\u00ea est\u00e1 em uma conversa e, de repente, percebe que a outra pessoa n\u00e3o entendeu nada do que voc\u00ea disse. Isso pode acontecer por conta de um v\u00edcio de linguagem. Esses erros n\u00e3o s\u00e3o t\u00e3o evidentes quanto uma falta de concord\u00e2ncia ou um erro de ortografia, mas podem ser igualmente prejudiciais.<\/p>\n<h3>Barbarismos: palavras que n\u00e3o existem<\/h3>\n<p>Os barbarismos s\u00e3o palavras que, embora n\u00e3o estejam corretas, acabam se tornando comuns no nosso vocabul\u00e1rio. Por exemplo, voc\u00ea j\u00e1 ouviu algu\u00e9m dizer &#8220;conversar com a pessoa&#8221; em vez de &#8220;conversar com a pessoa&#8221;? Isso acontece porque a grafia se assemelha a termos reais, mas n\u00e3o s\u00e3o aceitos na l\u00edngua culta. \u00c9 como se estiv\u00e9ssemos tentando fazer uma receita e, em vez de usar os ingredientes certos, opt\u00e1ssemos por substitui\u00e7\u00f5es que n\u00e3o fazem sentido. O resultado? Um prato que n\u00e3o agrada ao paladar.<\/p>\n<h3>Solecismos: erros de sintaxe<\/h3>\n<figure style=\"width: 1024px\" class=\"wp-caption aligncenter\"><img decoding=\"async\" src=\"https:\/\/www.aarquiteta.com.br\/blog\/wp-content\/uploads\/2025\/02\/original-ae2abb25f344c2290da56ed3e61ddcfa.jpg\" alt=\"Descubra os principais v\u00edcios de linguagem e como evit\u00e1-los.\" width=\"1024\" height=\"1024\" title=\"\"><figcaption class=\"wp-caption-text\">Fonte: <a href=\"https:\/\/blog.anhanguera.com\/vicios-de-linguagem\/\" target=\"_blank\" rel=\"noopener\">Blog anhanguera<\/a><\/figcaption><\/figure>\n<p>Os solecismos s\u00e3o erros que ocorrem na estrutura da frase. Eles podem ser de concord\u00e2ncia, reg\u00eancia ou coloca\u00e7\u00e3o. Por exemplo, dizer &#8220;Haviam muitas pessoas na festa&#8221; \u00e9 um erro, pois o verbo &#8220;haver&#8221; deve ser usado no singular. \u00c9 como se voc\u00ea estivesse tentando montar um quebra-cabe\u00e7a, mas algumas pe\u00e7as n\u00e3o se encaixam. O resultado \u00e9 uma imagem confusa e dif\u00edcil de entender.<\/p>\n<h3>Ambiguidade: quando uma frase pode ter mais de um sentido<\/h3>\n<p>A ambiguidade \u00e9 um v\u00edcio que pode causar confus\u00e3o. Imagine que voc\u00ea diz: &#8220;Eu vi o homem com o telesc\u00f3pio.&#8221; Quem estava com o telesc\u00f3pio? Voc\u00ea ou o homem? Essa falta de clareza pode levar a mal-entendidos, especialmente em um ambiente profissional onde a precis\u00e3o \u00e9 fundamental. \u00c9 como se voc\u00ea estivesse tentando passar uma mensagem em uma garrafa, mas a mensagem se perde no caminho.<\/p>\n<h3>Obscuridade: falta de clareza no texto<\/h3>\n<p>A obscuridade ocorre quando uma frase \u00e9 t\u00e3o complexa que o leitor n\u00e3o consegue entender o que est\u00e1 sendo dito. Frases longas e cheias de termos complicados podem deixar o leitor perdido. Por exemplo, &#8220;Durante a corrida, o piloto arrojado desviou de acidentes como um rato foge de um gato&#8221; \u00e9 uma frase que pode confundir. \u00c9 como se voc\u00ea estivesse tentando ler um mapa sem saber onde est\u00e1. A clareza \u00e9 essencial para que a comunica\u00e7\u00e3o flua.<\/p>\n<h3>Pleonasmo: repeti\u00e7\u00e3o desnecess\u00e1ria<\/h3>\n<p>O pleonasmo \u00e9 o uso de palavras que repetem a mesma ideia. Embora n\u00e3o seja um erro gramatical, o uso excessivo pode tornar o texto cansativo. Por exemplo, &#8220;subir para cima&#8221; \u00e9 um pleonasmo. \u00c9 como se voc\u00ea estivesse tentando enfeitar um presente, mas acabasse colocando papel de presente demais, tornando-o confuso. A simplicidade \u00e9 a chave para uma comunica\u00e7\u00e3o eficaz.<\/p>\n<h3>Gerundismo: o uso excessivo do ger\u00fandio<\/h3>\n<p><iframe width=\"560\" height=\"315\" src=\"https:\/\/www.youtube.com\/embed\/c9T4tTH4Ano\" title=\"YouTube video player\" frameborder=\"0\" allow=\"accelerometer; autoplay; clipboard-write; encrypted-media; gyroscope; picture-in-picture; web-share\" referrerpolicy=\"strict-origin-when-cross-origin\" allowfullscreen><\/iframe><\/p>\n<p>O gerundismo \u00e9 um v\u00edcio comum no ambiente de trabalho. Usar o ger\u00fandio de forma excessiva pode deixar a comunica\u00e7\u00e3o vaga e imprecisa. Por exemplo, &#8220;Estou fazendo a apresenta\u00e7\u00e3o&#8221; poderia ser mais direto se diss\u00e9ssemos &#8220;Estou apresentando&#8221;. \u00c9 como se voc\u00ea estivesse tentando correr uma maratona, mas, em vez de ir direto ao ponto, ficasse dando voltas desnecess\u00e1rias. A clareza \u00e9 sempre prefer\u00edvel.<\/p>\n<h2>Como evitar v\u00edcios de linguagem e se comunicar melhor?<\/h2>\n<p>Evitar v\u00edcios de linguagem \u00e9 uma quest\u00e3o de pr\u00e1tica e aten\u00e7\u00e3o. A leitura \u00e9 uma das melhores maneiras de aprimorar a comunica\u00e7\u00e3o. Ao ler bons livros, jornais e revistas, voc\u00ea se familiariza com a linguagem correta e aprende a evitar erros. Al\u00e9m disso, estudar as regras da l\u00edngua portuguesa e ouvir comunicadores qualificados em programas de TV ou podcasts pode ajudar a moldar sua forma de se expressar.<\/p>\n<p>Outra dica valiosa \u00e9 praticar a escrita. Quanto mais voc\u00ea escreve, mais consciente se torna dos v\u00edcios que pode estar cometendo. \u00c9 como aprender a tocar um instrumento: a pr\u00e1tica leva \u00e0 perfei\u00e7\u00e3o. E, claro, n\u00e3o se esque\u00e7a de revisar seus textos. \u00c0s vezes, um olhar fresco pode identificar erros que passaram despercebidos.<\/p>\n<h2>Conclus\u00e3o<\/h2>\n<p>Os v\u00edcios de linguagem podem ser trai\u00e7oeiros, mas com aten\u00e7\u00e3o e pr\u00e1tica, \u00e9 poss\u00edvel evit\u00e1-los e melhorar a comunica\u00e7\u00e3o. Lembre-se de que a clareza \u00e9 fundamental, especialmente no ambiente profissional. Ao se expressar de forma clara e precisa, voc\u00ea n\u00e3o apenas melhora sua imagem, mas tamb\u00e9m facilita a compreens\u00e3o e o di\u00e1logo. Para mais dicas sobre como se destacar em processos seletivos e melhorar sua comunica\u00e7\u00e3o, acesse o conte\u00fado em <a href=\"https:\/\/blog.anhanguera.com\/processo-seletivo\/\" target=\"_blank\" rel=\"noopener\">https:\/\/blog.anhanguera.com\/processo-seletivo\/<\/a>.<\/p>\n<p>Com essas dicas em mente, voc\u00ea estar\u00e1 mais preparado para se comunicar de forma eficaz e evitar os v\u00edcios de linguagem que podem prejudicar sua imagem profissional. Boa sorte!<\/p>\n","protected":false},"excerpt":{"rendered":"<p>Os v\u00edcios de linguagem s\u00e3o armadilhas que podem comprometer a clareza e a efic\u00e1cia da comunica\u00e7\u00e3o, especialmente no ambiente profissional. Neste artigo, vamos explorar o que s\u00e3o esses v\u00edcios, como eles afetam a imagem profissional e, mais importante, como evit\u00e1-los para se comunicar de forma mais eficaz. O que s\u00e3o v\u00edcios de linguagem? Os v\u00edcios [&hellip;]<\/p>\n","protected":false},"author":20,"featured_media":145166,"comment_status":"open","ping_status":"","sticky":false,"template":"","format":"standard","meta":{"footnotes":""},"categories":[6,35497],"tags":[],"class_list":["post-145167","post","type-post","status-publish","format-standard","has-post-thumbnail","category-carreira-de-arquitetura","category-estudante"],"_wp_attached_file":null,"_wp_attachment_metadata":null,"_wp_attachment_context":null,"_wp_attachment_is_custom_header":null,"geo_longitude":null,"geo_public":null,"geo_latitude":null,"_publicize_done_external":null,"_wpas_done_3897181":null,"publicize_twitter_user":null,"_wpas_done_3897175":null,"_wpas_skip_3897181":null,"_wpas_skip_3897175":null,"_wpas_skip_3924723":null,"_wpas_mess":null,"_wpas_done_3924723":null,"wps_subtitle":"","_links":{"self":[{"href":"https:\/\/www.aarquiteta.com.br\/blog\/wp-json\/wp\/v2\/posts\/145167","targetHints":{"allow":["GET"]}}],"collection":[{"href":"https:\/\/www.aarquiteta.com.br\/blog\/wp-json\/wp\/v2\/posts"}],"about":[{"href":"https:\/\/www.aarquiteta.com.br\/blog\/wp-json\/wp\/v2\/types\/post"}],"author":[{"embeddable":true,"href":"https:\/\/www.aarquiteta.com.br\/blog\/wp-json\/wp\/v2\/users\/20"}],"replies":[{"embeddable":true,"href":"https:\/\/www.aarquiteta.com.br\/blog\/wp-json\/wp\/v2\/comments?post=145167"}],"version-history":[{"count":0,"href":"https:\/\/www.aarquiteta.com.br\/blog\/wp-json\/wp\/v2\/posts\/145167\/revisions"}],"wp:featuredmedia":[{"embeddable":true,"href":"https:\/\/www.aarquiteta.com.br\/blog\/wp-json\/wp\/v2\/media\/145166"}],"wp:attachment":[{"href":"https:\/\/www.aarquiteta.com.br\/blog\/wp-json\/wp\/v2\/media?parent=145167"}],"wp:term":[{"taxonomy":"category","embeddable":true,"href":"https:\/\/www.aarquiteta.com.br\/blog\/wp-json\/wp\/v2\/categories?post=145167"},{"taxonomy":"post_tag","embeddable":true,"href":"https:\/\/www.aarquiteta.com.br\/blog\/wp-json\/wp\/v2\/tags?post=145167"}],"curies":[{"name":"wp","href":"https:\/\/api.w.org\/{rel}","templated":true}]}}