{"id":145129,"date":"2025-02-23T12:35:03","date_gmt":"2025-02-23T15:35:03","guid":{"rendered":"https:\/\/www.aarquiteta.com.br\/blog\/como-atualizar-seus-espacos-paletas-cores-escuras\/"},"modified":"2025-02-23T12:35:03","modified_gmt":"2025-02-23T15:35:03","slug":"como-atualizar-seus-espacos-paletas-cores-escuras","status":"publish","type":"post","link":"https:\/\/www.aarquiteta.com.br\/blog\/como-atualizar-seus-espacos-paletas-cores-escuras\/","title":{"rendered":"Como Atualizar Seus Espa\u00e7os com Paletas de Cores Mais Escuras"},"content":{"rendered":"<p><b>Transformar espa\u00e7os com paletas de cores mais escuras<\/b> \u00e9 uma maneira incr\u00edvel de deixar sua decora\u00e7\u00e3o elegante e acolhedora. Neste artigo, vamos conversar sobre como escolher esses tons, mantendo a luminosidade e o equil\u00edbrio. Ficou curioso? Ent\u00e3o, venha comigo!<\/p>\n<h3>Introdu\u00e7\u00e3o ao Mundo das Cores Escuras<\/h3>\n<figure style=\"width: 1024px\" class=\"wp-caption aligncenter\"><img decoding=\"async\" src=\"https:\/\/www.aarquiteta.com.br\/blog\/wp-content\/uploads\/2025\/02\/como-atualizar-seus-espacos-paletas-cores-escuras04.jpg\" alt=\"Como Atualizar Seus Espa\u00e7os com Paletas de Cores Mais Escuras\" width=\"1024\" height=\"1024\" title=\"\"><figcaption class=\"wp-caption-text\">Como Atualizar Seus Espa\u00e7os com Paletas de Cores Mais Escuras<\/figcaption><\/figure>\n<p>Voc\u00ea j\u00e1 percebeu como um simples detalhe pode <b>transformar completamente<\/b> a decora\u00e7\u00e3o da sua sala? Muita gente tem medo de usar cores escuras, pensando que podem deixar o ambiente sombrio ou apertado. Mas, calma! Hoje, vou te mostrar como aproveitar esses tons para criar um espa\u00e7o acolhedor e cheio de estilo!<\/p>\n<p>As paletas de cores mais escuras, quando bem aplicadas, podem <b>trazer sofistica\u00e7\u00e3o<\/b> e profundidade aos ambientes. Neste artigo, falaremos sobre a combina\u00e7\u00e3o dessas cores com a <b>ilumina\u00e7\u00e3o<\/b> certa, a escolha de m\u00f3veis e algumas dicas pr\u00e1ticas para um resultado incr\u00edvel.<\/p>\n<h3>Escolha as Cores Certas<\/h3>\n<figure style=\"width: 1024px\" class=\"wp-caption aligncenter\"><img decoding=\"async\" src=\"https:\/\/www.aarquiteta.com.br\/blog\/wp-content\/uploads\/2025\/02\/como-atualizar-seus-espacos-paletas-cores-escuras03.jpg\" alt=\"Como Atualizar Seus Espa\u00e7os com Paletas de Cores Mais Escuras\" width=\"1024\" height=\"1024\" title=\"\"><figcaption class=\"wp-caption-text\">Como Atualizar Seus Espa\u00e7os com Paletas de Cores Mais Escuras<\/figcaption><\/figure>\n<p>Quando o assunto \u00e9 decora\u00e7\u00e3o, a paleta de cores \u00e9 um verdadeiro jogo. Que tal come\u00e7ar com <b>tons como o azul marinho<\/b> ou o verde musgo? Essas cores podem criar um ambiente relaxante e elegante. Mas n\u00e3o esque\u00e7a: a escolha das cores deve se adequar ao seu estilo e ao que voc\u00ea quer transmitir!<\/p>\n<p>Por exemplo, se voc\u00ea sonha com um cantinho <b>moderno<\/b>, que tal misturar um tom escuro com elementos met\u00e1licos? Isso vai dar um ar bem atual ao seu espa\u00e7o.<\/p>\n<p>Mas, aten\u00e7\u00e3o! Usar uma paleta escura em um ambiente pequeno pode ser um desafio. **Para contornar isso**, balanceie com m\u00f3veis e acess\u00f3rios mais claros, criando um sofisticado efeito de contraste.<\/p>\n<h3>Ilumina\u00e7\u00e3o Estrat\u00e9gica \u00e9 Fundamental<\/h3>\n<figure style=\"width: 1024px\" class=\"wp-caption aligncenter\"><img decoding=\"async\" src=\"https:\/\/www.aarquiteta.com.br\/blog\/wp-content\/uploads\/2025\/02\/como-atualizar-seus-espacos-paletas-cores-escuras02.jpg\" alt=\"Como Atualizar Seus Espa\u00e7os com Paletas de Cores Mais Escuras\" width=\"1024\" height=\"1024\" title=\"\"><figcaption class=\"wp-caption-text\">Como Atualizar Seus Espa\u00e7os com Paletas de Cores Mais Escuras<\/figcaption><\/figure>\n<p>A ilumina\u00e7\u00e3o \u00e9 o melhor amigo das cores escuras. Se voc\u00ea j\u00e1 ficou em um espa\u00e7o mal iluminado e sentiu que se afundava em um buraco negro, sabe do que estou falando! O ideal \u00e9 usar <b>lumin\u00e1rias<\/b> que distribuem bem a luz, favorecendo a sensa\u00e7\u00e3o de amplitude e bem-estar.<\/p>\n<p>Uma dica esperta \u00e9 apostar em spots ou l\u00e2mpadas direcionais. Elas podem ajudar a iluminar detalhes espec\u00edficos, criando <b>jogos de luz e sombra<\/b> que dar\u00e3o vida ao ambiente. Olha que lindo!<\/p>\n<p>Outra op\u00e7\u00e3o s\u00e3o os espelhos: posicione-os estrategicamente para refletir a luz natural e ampliar a sensa\u00e7\u00e3o de espa\u00e7o. Assim, voc\u00ea transforma um ambiente de gal\u00e1xia escura em um verdadeiro cosmos!<\/p>\n<h3>Disposi\u00e7\u00e3o dos M\u00f3veis e Acess\u00f3rios<\/h3>\n<figure style=\"width: 1024px\" class=\"wp-caption aligncenter\"><img decoding=\"async\" src=\"https:\/\/www.aarquiteta.com.br\/blog\/wp-content\/uploads\/2025\/02\/como-atualizar-seus-espacos-paletas-cores-escuras01.jpg\" alt=\"Como Atualizar Seus Espa\u00e7os com Paletas de Cores Mais Escuras\" width=\"1024\" height=\"1024\" title=\"\"><figcaption class=\"wp-caption-text\">Como Atualizar Seus Espa\u00e7os com Paletas de Cores Mais Escuras<\/figcaption><\/figure>\n<p>A disposi\u00e7\u00e3o dos m\u00f3veis \u00e9 como a orquestra em uma sinfonia: se algo sair do lugar, tudo pode virar um verdadeiro caos! Quando se trata de paletas escuras, menos \u00e9 mais. <b>Evite sobrecarregar<\/b> o espa\u00e7o com m\u00f3veis excessivos.<\/p>\n<p>Uma boa ideia \u00e9 escolher <b>m\u00f3veis multifuncionais<\/b>, que ajudam a organizar e, ao mesmo tempo, adicionam estilo. Um sof\u00e1 escuro e uma mesa de centro clara podem fazer um par perfeito, trazendo harmonia ao ambiente.<\/p>\n<p>E, claro, n\u00e3o subestime o poder dos detalhes! Almofadas, quadros e objetos decorativos em tons mais claros podem trazer um toque de frescor e equilibrar a paleta escura.<\/p>\n<h3>Conclus\u00e3o: Resumo e Dicas Finais<\/h3>\n<p>Resumindo, usar paletas de cores mais escuras pode ser uma escolha <b>brilhante<\/b> para qualquer espa\u00e7o. As dicas que discutimos incluem:<\/p>\n<ul>\n<li>Escolher as cores certas, como azul marinho e verde musgo;<\/li>\n<li>Utilizar ilumina\u00e7\u00e3o estrat\u00e9gica para manter a luminosidade;<\/li>\n<li>Dispor os m\u00f3veis de maneira inteligente e equilibrada;<\/li>\n<li>Brincar com detalhes em tons mais claros.<\/li>\n<\/ul>\n<p>Agora que voc\u00ea j\u00e1 sabe como atualizar seu espa\u00e7o com paletas mais escuras, espero que se sinta <b>inspirado<\/b> a mergulhar nessa tend\u00eancia de decora\u00e7\u00e3o! Se ficou alguma d\u00favida ou se tem algo a acrescentar, deixa seu coment\u00e1rio aqui embaixo que eu vou adorar conversar sobre isso!<\/p>\n<h3>Assista agora a minha recomenda\u00e7\u00e3o de video abaixo sobre o tema que estamos tratando neste artigo: <\/h3>\n<p><div class=\"youtube-embed\" data-video_id=\"tF-N6BIPUt0\"><iframe title=\"COMO MUDAR A PALETA DE CORES DO CELULAR\" width=\"696\" height=\"392\" src=\"https:\/\/www.youtube.com\/embed\/tF-N6BIPUt0?feature=oembed&#038;enablejsapi=1\" frameborder=\"0\" allow=\"accelerometer; autoplay; clipboard-write; encrypted-media; gyroscope; picture-in-picture; web-share\" referrerpolicy=\"strict-origin-when-cross-origin\" allowfullscreen><\/iframe><\/div><\/p>\n","protected":false},"excerpt":{"rendered":"<p>Veja como utilizar tons escuros na decora\u00e7\u00e3o para criar ambientes elegantes e acolhedores, sem perder a luminosidade e o equil\u00edbrio.<\/p>\n","protected":false},"author":102,"featured_media":145126,"comment_status":"open","ping_status":"","sticky":false,"template":"","format":"standard","meta":{"footnotes":""},"categories":[1484,971,18792,18794],"tags":[],"class_list":["post-145129","post","type-post","status-publish","format-standard","has-post-thumbnail","category-decoracao","category-design-de-interiores","category-decoracao-de-apartamento","category-projetos-de-decoracao-de-casas"],"_wp_attached_file":null,"_wp_attachment_metadata":null,"_wp_attachment_context":null,"_wp_attachment_is_custom_header":null,"geo_longitude":null,"geo_public":null,"geo_latitude":null,"_publicize_done_external":null,"_wpas_done_3897181":null,"publicize_twitter_user":null,"_wpas_done_3897175":null,"_wpas_skip_3897181":null,"_wpas_skip_3897175":null,"_wpas_skip_3924723":null,"_wpas_mess":null,"_wpas_done_3924723":null,"wps_subtitle":"","_links":{"self":[{"href":"https:\/\/www.aarquiteta.com.br\/blog\/wp-json\/wp\/v2\/posts\/145129","targetHints":{"allow":["GET"]}}],"collection":[{"href":"https:\/\/www.aarquiteta.com.br\/blog\/wp-json\/wp\/v2\/posts"}],"about":[{"href":"https:\/\/www.aarquiteta.com.br\/blog\/wp-json\/wp\/v2\/types\/post"}],"author":[{"embeddable":true,"href":"https:\/\/www.aarquiteta.com.br\/blog\/wp-json\/wp\/v2\/users\/102"}],"replies":[{"embeddable":true,"href":"https:\/\/www.aarquiteta.com.br\/blog\/wp-json\/wp\/v2\/comments?post=145129"}],"version-history":[{"count":0,"href":"https:\/\/www.aarquiteta.com.br\/blog\/wp-json\/wp\/v2\/posts\/145129\/revisions"}],"wp:featuredmedia":[{"embeddable":true,"href":"https:\/\/www.aarquiteta.com.br\/blog\/wp-json\/wp\/v2\/media\/145126"}],"wp:attachment":[{"href":"https:\/\/www.aarquiteta.com.br\/blog\/wp-json\/wp\/v2\/media?parent=145129"}],"wp:term":[{"taxonomy":"category","embeddable":true,"href":"https:\/\/www.aarquiteta.com.br\/blog\/wp-json\/wp\/v2\/categories?post=145129"},{"taxonomy":"post_tag","embeddable":true,"href":"https:\/\/www.aarquiteta.com.br\/blog\/wp-json\/wp\/v2\/tags?post=145129"}],"curies":[{"name":"wp","href":"https:\/\/api.w.org\/{rel}","templated":true}]}}