{"id":145123,"date":"2025-02-23T12:24:07","date_gmt":"2025-02-23T15:24:07","guid":{"rendered":"https:\/\/www.aarquiteta.com.br\/blog\/como-adotar-estilo-cluttercore-lar-personalidade\/"},"modified":"2025-02-23T12:24:07","modified_gmt":"2025-02-23T15:24:07","slug":"como-adotar-estilo-cluttercore-lar-personalidade","status":"publish","type":"post","link":"https:\/\/www.aarquiteta.com.br\/blog\/como-adotar-estilo-cluttercore-lar-personalidade\/","title":{"rendered":"Como Adotar o Estilo Cluttercore para um Lar Cheio de Personalidade"},"content":{"rendered":"<p>Voc\u00ea j\u00e1 se perguntou como transformar o seu lar em um espa\u00e7o que reflete <b>sua verdadeira ess\u00eancia<\/b>? O estilo Cluttercore pode ser a resposta perfeita! Neste artigo, vou compartilhar dicas de como adotar essa tend\u00eancia maximalista de forma organizada e cheia de personalidade. Vamos l\u00e1?<\/p>\n<h3>O que \u00e9 o Cluttercore?<\/h3>\n<figure style=\"width: 1024px\" class=\"wp-caption aligncenter\"><img decoding=\"async\" src=\"https:\/\/www.aarquiteta.com.br\/blog\/wp-content\/uploads\/2025\/02\/como-adotar-estilo-cluttercore-lar-personalidade04.jpg\" alt=\"Como Adotar o Estilo Cluttercore para um Lar Cheio de Personalidade\" width=\"1024\" height=\"1024\" title=\"\"><figcaption class=\"wp-caption-text\">Como Adotar o Estilo Cluttercore para um Lar Cheio de Personalidade<\/figcaption><\/figure>\n<p>Antes de tudo, \u00e9 importante entender que o <b>Cluttercore \u00e9 mais do que apenas bagun\u00e7a<\/b>. Essa abordagem busca abra\u00e7ar a individualidade, fazendo com que sua casa conte uma hist\u00f3ria \u00fanica. Ao contr\u00e1rio do minimalismo, que prega a simplicidade, o Cluttercore se destaca pela presen\u00e7a de itens e objetos que refletem sua personalidade, experi\u00eancias e lembran\u00e7as. \u00c9 a mistura de cores, formas e texturas que traz vida a cada canto.<\/p>\n<p>Imagine s\u00f3: cada trinket, cada fotografia e cada pe\u00e7a de arte tem seu pr\u00f3prio significado. Eles se conectam, criando um mosaico visual que \u00e9 t\u00e3o original quanto voc\u00ea. N\u00e3o \u00e9 \u00e0 toa que muitas pessoas t\u00eam apaixonado por esse estilo, que faz parecer que a casa tem sua pr\u00f3pria alma!<\/p>\n<h3>Como Come\u00e7ar a Montar seu Espa\u00e7o?<\/h3>\n<figure style=\"width: 1024px\" class=\"wp-caption aligncenter\"><img decoding=\"async\" src=\"https:\/\/www.aarquiteta.com.br\/blog\/wp-content\/uploads\/2025\/02\/como-adotar-estilo-cluttercore-lar-personalidade03.jpg\" alt=\"Como Adotar o Estilo Cluttercore para um Lar Cheio de Personalidade\" width=\"1024\" height=\"1024\" title=\"\"><figcaption class=\"wp-caption-text\">Como Adotar o Estilo Cluttercore para um Lar Cheio de Personalidade<\/figcaption><\/figure>\n<p>Se a ideia de bagun\u00e7a organizada te agrada, ent\u00e3o \u00e9 hora de soltar a criatividade! <b>Primeiro, escolha um espa\u00e7o<\/b> onde voc\u00ea acredita que pode dar vida a esse estilo. Pode ser a sala de estar, o quarto ou at\u00e9 mesmo uma prateleira espec\u00edfica. O importante \u00e9 ter um espa\u00e7o para come\u00e7ar.<\/p>\n<p>Uma dica infal\u00edvel \u00e9 utilizar <b>objetos de diferentes alturas e tamanhos<\/b>. Isso cria um visual din\u00e2mico e interessante. Voc\u00ea pode usar estantes e prateleiras para expor seus objetos favoritos, mas lembre-se: quanto mais variado, melhor! E, claro, junte tudo que tem valor emocional para voc\u00ea.<\/p>\n<h3>Dicas de Organiza\u00e7\u00e3o no Estilo Cluttercore<\/h3>\n<figure style=\"width: 1024px\" class=\"wp-caption aligncenter\"><img decoding=\"async\" src=\"https:\/\/www.aarquiteta.com.br\/blog\/wp-content\/uploads\/2025\/02\/como-adotar-estilo-cluttercore-lar-personalidade02.jpg\" alt=\"Como Adotar o Estilo Cluttercore para um Lar Cheio de Personalidade\" width=\"1024\" height=\"1024\" title=\"\"><figcaption class=\"wp-caption-text\">Como Adotar o Estilo Cluttercore para um Lar Cheio de Personalidade<\/figcaption><\/figure>\n<p>Calma l\u00e1! &#8220;Configurar tudo para parecer uma bagun\u00e7a organizada&#8221; n\u00e3o \u00e9 sin\u00f4nimo de <b>desordem pura e simples<\/b>. H\u00e1 algumas estrat\u00e9gias que ajudam a manter um certo equil\u00edbrio. Por exemplo, agrupe itens semelhantes, como livros, velas ou quadros, em categorias. Isso d\u00e1 uma sensa\u00e7\u00e3o de coes\u00e3o, mesmo em meio ao caos visual!<\/p>\n<p>Al\u00e9m disso, utilize <b>cestos e caixas decorativas<\/b> para esconder pequenos objetos. Isso ajuda a manter o espa\u00e7o visualmente atraente e evita que a bagun\u00e7a fique fora de controle. No fundo, o Cluttercore \u00e9 sobre encontrar um jeito pessoal de mostrar o que voc\u00ea ama!<\/p>\n<h3>Escolha de Cores e Texturas<\/h3>\n<figure style=\"width: 1024px\" class=\"wp-caption aligncenter\"><img decoding=\"async\" src=\"https:\/\/www.aarquiteta.com.br\/blog\/wp-content\/uploads\/2025\/02\/como-adotar-estilo-cluttercore-lar-personalidade01.jpg\" alt=\"Como Adotar o Estilo Cluttercore para um Lar Cheio de Personalidade\" width=\"1024\" height=\"1024\" title=\"\"><figcaption class=\"wp-caption-text\">Como Adotar o Estilo Cluttercore para um Lar Cheio de Personalidade<\/figcaption><\/figure>\n<p>Uma parte fundamental do Cluttercore \u00e9 a escolha das cores. Aqui, <b>as combina\u00e7\u00f5es inusitadas s\u00e3o totalmente bem-vindas!<\/b> Pense em tonos vibrantes e padr\u00f5es que conversam entre si. O seu lar pode ter aquele aspecto vibrante que faz com que qualquer visitante sinta a alegria presente nos objetos.<\/p>\n<p>Voc\u00ea pode misturar estampas e texturas, como uma colcha de retalhos no sof\u00e1, almofadas florais e quadros vintage. Tudo \u00e9 uma grande <b>harmonia dissonante<\/b> que acaba por criar um ambiente caloroso e interessante.<\/p>\n<h3>FAQs sobre Cluttercore<\/h3>\n<ul>\n<li><b>Posso aplicar Cluttercore em ambientes pequenos?<\/b> Sim! O segredo \u00e9 misturar as texturas e cores para dar uma sensa\u00e7\u00e3o de profundidade.<\/li>\n<li><b>\u00c9 necess\u00e1rio ter muitos objetos?<\/b> N\u00e3o, o Cluttercore \u00e9 sobre o que <b>te representa<\/b>. Escolha os itens que t\u00eam um significado para voc\u00ea.<\/li>\n<li><b>Como fa\u00e7o para n\u00e3o exagerar?<\/b> Uma sugest\u00e3o: monte e observe. Sempre que voc\u00ea sentir que algo est\u00e1 fora do lugar, arrume novamente.<\/li>\n<\/ul>\n<p>Ao final, lembre-se: o importante \u00e9 que seu lar tenha a sua cara! O Cluttercore \u00e9 uma forma <b>bel\u00edssima de expressar sua hist\u00f3ria<\/b>, ent\u00e3o n\u00e3o tenha medo de deixar sua marca nessa jornada de decora\u00e7\u00e3o. Se voc\u00ea ficou com alguma d\u00favida ou gostaria de compartilhar suas experi\u00eancias, deixe o seu coment\u00e1rio abaixo!<\/p>\n<h3>Assista agora a minha recomenda\u00e7\u00e3o de video abaixo sobre o tema que estamos tratando neste artigo: <\/h3>\n<p><div class=\"youtube-embed\" data-video_id=\"X2PaXslmyF8\"><iframe title=\"Live your best life okay \ud83d\ude43 #maximalist #cluttercore\" width=\"696\" height=\"392\" src=\"https:\/\/www.youtube.com\/embed\/X2PaXslmyF8?feature=oembed&#038;enablejsapi=1\" frameborder=\"0\" allow=\"accelerometer; autoplay; clipboard-write; encrypted-media; gyroscope; picture-in-picture; web-share\" referrerpolicy=\"strict-origin-when-cross-origin\" allowfullscreen><\/iframe><\/div><\/p>\n","protected":false},"excerpt":{"rendered":"<p>Aprenda a abra\u00e7ar o maximalismo organizado do cluttercore, transformando sua casa em um espa\u00e7o que reflete sua individualidade.<\/p>\n","protected":false},"author":102,"featured_media":145120,"comment_status":"open","ping_status":"","sticky":false,"template":"","format":"standard","meta":{"footnotes":""},"categories":[1484,971,18792,18794],"tags":[],"class_list":["post-145123","post","type-post","status-publish","format-standard","has-post-thumbnail","category-decoracao","category-design-de-interiores","category-decoracao-de-apartamento","category-projetos-de-decoracao-de-casas"],"_wp_attached_file":null,"_wp_attachment_metadata":null,"_wp_attachment_context":null,"_wp_attachment_is_custom_header":null,"geo_longitude":null,"geo_public":null,"geo_latitude":null,"_publicize_done_external":null,"_wpas_done_3897181":null,"publicize_twitter_user":null,"_wpas_done_3897175":null,"_wpas_skip_3897181":null,"_wpas_skip_3897175":null,"_wpas_skip_3924723":null,"_wpas_mess":null,"_wpas_done_3924723":null,"wps_subtitle":"","_links":{"self":[{"href":"https:\/\/www.aarquiteta.com.br\/blog\/wp-json\/wp\/v2\/posts\/145123","targetHints":{"allow":["GET"]}}],"collection":[{"href":"https:\/\/www.aarquiteta.com.br\/blog\/wp-json\/wp\/v2\/posts"}],"about":[{"href":"https:\/\/www.aarquiteta.com.br\/blog\/wp-json\/wp\/v2\/types\/post"}],"author":[{"embeddable":true,"href":"https:\/\/www.aarquiteta.com.br\/blog\/wp-json\/wp\/v2\/users\/102"}],"replies":[{"embeddable":true,"href":"https:\/\/www.aarquiteta.com.br\/blog\/wp-json\/wp\/v2\/comments?post=145123"}],"version-history":[{"count":0,"href":"https:\/\/www.aarquiteta.com.br\/blog\/wp-json\/wp\/v2\/posts\/145123\/revisions"}],"wp:featuredmedia":[{"embeddable":true,"href":"https:\/\/www.aarquiteta.com.br\/blog\/wp-json\/wp\/v2\/media\/145120"}],"wp:attachment":[{"href":"https:\/\/www.aarquiteta.com.br\/blog\/wp-json\/wp\/v2\/media?parent=145123"}],"wp:term":[{"taxonomy":"category","embeddable":true,"href":"https:\/\/www.aarquiteta.com.br\/blog\/wp-json\/wp\/v2\/categories?post=145123"},{"taxonomy":"post_tag","embeddable":true,"href":"https:\/\/www.aarquiteta.com.br\/blog\/wp-json\/wp\/v2\/tags?post=145123"}],"curies":[{"name":"wp","href":"https:\/\/api.w.org\/{rel}","templated":true}]}}