{"id":145107,"date":"2025-02-23T11:40:46","date_gmt":"2025-02-23T14:40:46","guid":{"rendered":"https:\/\/www.aarquiteta.com.br\/blog\/qualidades-de-um-bom-profissional\/"},"modified":"2025-02-23T11:40:46","modified_gmt":"2025-02-23T14:40:46","slug":"qualidades-de-um-bom-profissional","status":"publish","type":"post","link":"https:\/\/www.aarquiteta.com.br\/blog\/qualidades-de-um-bom-profissional\/","title":{"rendered":"Descubra as Qualidades Essenciais de um Bom Profissional."},"content":{"rendered":"<p>Se voc\u00ea est\u00e1 em busca de uma oportunidade no mercado de trabalho, \u00e9 fundamental entender quais qualidades os recrutadores valorizam. Neste artigo, vou compartilhar as principais caracter\u00edsticas que podem fazer a diferen\u00e7a na sua trajet\u00f3ria profissional.<\/p>\n<h2>7 qualidades de um bom profissional que todo recrutador valoriza<\/h2>\n<p>Quando falamos sobre o que faz um profissional se destacar, n\u00e3o podemos deixar de lado as <b>soft skills<\/b>. Essas habilidades interpessoais s\u00e3o t\u00e3o importantes quanto o conhecimento t\u00e9cnico. Vamos explorar as qualidades que podem abrir portas para voc\u00ea no mercado de trabalho.<\/p>\n<h3>1. Boa comunica\u00e7\u00e3o<\/h3>\n<p>Uma <b>comunica\u00e7\u00e3o eficaz<\/b> \u00e9 a chave para o sucesso em qualquer profiss\u00e3o. N\u00e3o basta ser bom no que faz; \u00e9 preciso saber se expressar. Isso envolve n\u00e3o apenas a orat\u00f3ria, mas tamb\u00e9m a escrita e a capacidade de ouvir. Um profissional que se comunica bem consegue transmitir suas ideias de forma clara e objetiva, facilitando a colabora\u00e7\u00e3o e evitando mal-entendidos. Al\u00e9m disso, a linguagem n\u00e3o verbal, como a postura e o olhar, tamb\u00e9m desempenha um papel crucial na comunica\u00e7\u00e3o. Um recrutador atento perceber\u00e1 essas nuances durante a sele\u00e7\u00e3o.<\/p>\n<h3>2. Automotiva\u00e7\u00e3o<\/h3>\n<figure style=\"width: 1024px\" class=\"wp-caption aligncenter\"><img decoding=\"async\" src=\"https:\/\/www.aarquiteta.com.br\/blog\/wp-content\/uploads\/2025\/02\/qualidades-de-uma-pessoa.jpg\" alt=\"Descubra as Qualidades Essenciais de um Bom Profissional.\" width=\"1024\" height=\"1024\" title=\"\"><figcaption class=\"wp-caption-text\">Fonte: <a href=\"https:\/\/blog.anhanguera.com\/qualidades-de-um-bom-profissional\/\" target=\"_blank\" rel=\"noopener\">Blog anhanguera<\/a><\/figcaption><\/figure>\n<p>A <b>automotiva\u00e7\u00e3o<\/b> \u00e9 uma qualidade que diferencia os profissionais que se destacam. Em um ambiente de trabalho din\u00e2mico, \u00e9 comum enfrentar desafios e momentos de des\u00e2nimo. Portanto, ter a capacidade de se motivar internamente \u00e9 essencial. Isso significa estabelecer metas pessoais e buscar constantemente a melhor vers\u00e3o de si mesmo, sem depender de elogios externos. A intelig\u00eancia emocional \u00e9 uma aliada nesse processo, ajudando a manter a disciplina e o foco nas tarefas.<\/p>\n<h3>3. Conhecimento t\u00e9cnico aliado ao te\u00f3rico<\/h3>\n<p>O mercado valoriza profissionais que conseguem <b>alinhar teoria e pr\u00e1tica<\/b>. Ter um diploma \u00e9 importante, mas saber aplicar o que se aprendeu \u00e9 fundamental. Muitos profissionais saem da faculdade com um vasto conhecimento te\u00f3rico, mas sem a habilidade de coloc\u00e1-lo em pr\u00e1tica. Portanto, \u00e9 crucial buscar experi\u00eancias que complementem a forma\u00e7\u00e3o acad\u00eamica, como est\u00e1gios e projetos pr\u00e1ticos. Isso n\u00e3o s\u00f3 enriquece o curr\u00edculo, mas tamb\u00e9m prepara o profissional para os desafios do dia a dia.<\/p>\n<h3>4. Viv\u00eancia pr\u00e1tica no mercado<\/h3>\n<p>Experi\u00eancia \u00e9 um dos fatores mais valorizados pelos recrutadores. No entanto, muitos profissionais se esquecem de que <b>viv\u00eancias pr\u00e1ticas<\/b> podem ser adquiridas de diversas formas, n\u00e3o apenas por meio de empregos formais. Est\u00e1gios, projetos acad\u00eamicos e programas de extens\u00e3o s\u00e3o \u00f3timas oportunidades para ganhar experi\u00eancia e desenvolver habilidades. Essas viv\u00eancias s\u00e3o t\u00e3o relevantes quanto uma carteira assinada e podem ser um diferencial na hora de concorrer a uma vaga.<\/p>\n<h3>5. Saber trabalhar em equipe<\/h3>\n<p>O trabalho em equipe \u00e9 uma realidade em praticamente todas as empresas. Portanto, saber <b>atuar em conjunto<\/b> com outros profissionais \u00e9 uma habilidade indispens\u00e1vel. Isso envolve n\u00e3o apenas a comunica\u00e7\u00e3o, mas tamb\u00e9m a aceita\u00e7\u00e3o da diversidade e a capacidade de lidar com diferentes opini\u00f5es. Um bom profissional \u00e9 aquele que consegue colaborar, respeitar as ideias dos colegas e, ao mesmo tempo, contribuir com suas pr\u00f3prias perspectivas. Essa habilidade \u00e9 especialmente valorizada em ambientes interdisciplinares, onde a colabora\u00e7\u00e3o \u00e9 essencial para o sucesso dos projetos.<\/p>\n<h3>6. Vontade de aprender<\/h3>\n<p><iframe width=\"560\" height=\"315\" src=\"https:\/\/www.youtube.com\/embed\/vfW3mxatkFA\" title=\"YouTube video player\" frameborder=\"0\" allow=\"accelerometer; autoplay; clipboard-write; encrypted-media; gyroscope; picture-in-picture; web-share\" referrerpolicy=\"strict-origin-when-cross-origin\" allowfullscreen><\/iframe><\/p>\n<p>O mercado de trabalho est\u00e1 em constante evolu\u00e7\u00e3o, e a <b>vontade de aprender<\/b> \u00e9 uma qualidade que pode fazer toda a diferen\u00e7a. Os recrutadores buscam candidatos que demonstrem interesse em se desenvolver e se adaptar \u00e0s novas demandas. Ter a mente aberta para adquirir novos conhecimentos e habilidades \u00e9 um sinal de que o profissional est\u00e1 comprometido com seu crescimento. Al\u00e9m disso, essa disposi\u00e7\u00e3o para aprender pode ser mais valiosa do que anos de experi\u00eancia, pois mostra que o candidato est\u00e1 disposto a se adaptar e evoluir.<\/p>\n<h3>7. Proatividade<\/h3>\n<p>Ser <b>proativo<\/b> \u00e9 uma caracter\u00edstica que os recrutadores valorizam imensamente. Um profissional proativo n\u00e3o espera que as tarefas sejam delegadas; ele toma a iniciativa e busca solu\u00e7\u00f5es. Essa atitude demonstra autoconfian\u00e7a e comprometimento com os resultados da equipe. Al\u00e9m disso, a proatividade est\u00e1 ligada \u00e0 capacidade de ter uma vis\u00e3o anal\u00edtica e sist\u00eamica, permitindo que o profissional identifique oportunidades e desafios antes que eles se tornem problemas. Em um mercado competitivo, essa qualidade pode ser o que diferencia um candidato dos demais.<\/p>\n<h2>7 defeitos que precisam ser trabalhados na busca por emprego<\/h2>\n<p>Al\u00e9m das qualidades, \u00e9 importante estar ciente dos <b>defeitos<\/b> que podem prejudicar a imagem profissional. Reconhecer e trabalhar esses pontos \u00e9 fundamental para se destacar em um processo seletivo.<\/p>\n<h3>1. Timidez<\/h3>\n<p>A <b>timidez<\/b> pode ser um obst\u00e1culo significativo em entrevistas e intera\u00e7\u00f5es profissionais. Essa caracter\u00edstica pode dificultar a comunica\u00e7\u00e3o e a troca de ideias, especialmente em grupos maiores. Para superar a timidez, \u00e9 essencial exercitar a autoconfian\u00e7a e buscar oportunidades de se expor, como apresenta\u00e7\u00f5es em grupo ou networking.<\/p>\n<h3>2. Agita\u00e7\u00e3o<\/h3>\n<p>Embora a energia seja positiva, a <b>agita\u00e7\u00e3o<\/b> excessiva pode transmitir falta de foco. \u00c9 importante encontrar um equil\u00edbrio entre a iniciativa e a calma, respeitando o ritmo das intera\u00e7\u00f5es e das tarefas. Um profissional que consegue manter a compostura e organizar suas ideias \u00e9 mais eficaz na comunica\u00e7\u00e3o.<\/p>\n<h3>3. Impaci\u00eancia<\/h3>\n<p>A <b>impaci\u00eancia<\/b> pode levar a decis\u00f5es precipitadas e comprometer a qualidade do trabalho. Em um mundo acelerado, \u00e9 fundamental aprender a respeitar o tempo dos processos e a import\u00e2ncia de cada etapa. A paci\u00eancia \u00e9 uma virtude que pode resultar em decis\u00f5es mais ponderadas e eficazes.<\/p>\n<h3>4. Perfeccionismo<\/h3>\n<p>Embora buscar a excel\u00eancia seja admir\u00e1vel, o <b>perfeccionismo<\/b> pode ser um problema se levar a atrasos e frustra\u00e7\u00f5es. \u00c9 importante encontrar um equil\u00edbrio entre a qualidade do trabalho e a efici\u00eancia. Aprender a dividir tarefas e priorizar prazos \u00e9 essencial para evitar que o perfeccionismo se torne um obst\u00e1culo.<\/p>\n<h3>5. Mem\u00f3ria ruim<\/h3>\n<p>Em um mundo repleto de ferramentas digitais, a <b>mem\u00f3ria ruim<\/b> pode ser um desafio. \u00c9 fundamental desenvolver estrat\u00e9gias para organizar informa\u00e7\u00f5es e prazos, utilizando aplicativos e anota\u00e7\u00f5es. Um profissional que demonstra organiza\u00e7\u00e3o e aten\u00e7\u00e3o aos detalhes \u00e9 mais valorizado pelos recrutadores.<\/p>\n<h3>6. Dificuldade para delegar tarefas<\/h3>\n<p>Um bom l\u00edder deve saber <b>delegar tarefas<\/b> de forma eficaz. A dificuldade em confiar nos outros pode limitar o potencial de uma equipe. Aprender a delegar \u00e9 essencial para o crescimento profissional e para o sucesso de projetos em grupo.<\/p>\n<h3>7. Medo de falar em p\u00fablico<\/h3>\n<p>O <b>medo de falar em p\u00fablico<\/b> pode ser um grande empecilho, especialmente em cargos que exigem apresenta\u00e7\u00f5es e intera\u00e7\u00f5es com grupos. No entanto, essa habilidade pode ser desenvolvida com pr\u00e1tica e treinamento. Participar de cursos de orat\u00f3ria ou grupos de discuss\u00e3o pode ajudar a superar esse medo e aumentar a confian\u00e7a.<\/p>\n<h2>Dicas para explorar suas qualidades e defeitos<\/h2>\n<p>Reconhecer suas <b>qualidades<\/b> e <b>defeitos<\/b> \u00e9 o primeiro passo para o autoconhecimento. Durante as entrevistas, \u00e9 comum que os recrutadores perguntem sobre esses aspectos. Portanto, \u00e9 importante estar preparado para discutir suas habilidades e como voc\u00ea est\u00e1 trabalhando para melhorar seus pontos fracos.<\/p>\n<p>Uma boa estrat\u00e9gia \u00e9 dar exemplos concretos de como voc\u00ea tem lidado com suas dificuldades. Por exemplo, se voc\u00ea tem ansiedade, pode mencionar que pratica medita\u00e7\u00e3o ou t\u00e9cnicas de relaxamento. Isso demonstra que voc\u00ea est\u00e1 ciente de suas limita\u00e7\u00f5es e est\u00e1 tomando medidas para super\u00e1-las.<\/p>\n<p>Al\u00e9m disso, ao falar sobre suas qualidades, evite termos gen\u00e9ricos. Em vez de simplesmente afirmar que \u00e9 flex\u00edvel, explique como voc\u00ea se adapta a novas fun\u00e7\u00f5es ou ambientes. Essa abordagem enriquece suas respostas e ajuda os recrutadores a entender melhor seu perfil.<\/p>\n<p>Por fim, lembre-se de que o aprendizado cont\u00ednuo \u00e9 fundamental. A Anhanguera oferece diversas oportunidades para que os alunos desenvolvam suas habilidades e se preparem para o mercado de trabalho. Para mais informa\u00e7\u00f5es sobre como se destacar, acesse o conte\u00fado dispon\u00edvel em <a href=\"https:\/\/www.anhanguera.com\/diferenciais-anhanguera\/?utm_source=blog&#038;utm_medium=footer&#038;utm_campaign=menu\" target=\"_blank\" rel=\"noopener\">Anhanguera<\/a>.<\/p>\n<p>Identificou quais pontos precisam ser mantidos ou ajustados em seu perfil? Comece essa mudan\u00e7a ainda na faculdade para trilhar sua carreira com mais tranquilidade. Fa\u00e7a agora a sua inscri\u00e7\u00e3o na Anhanguera!<\/p>\n","protected":false},"excerpt":{"rendered":"<p>Se voc\u00ea est\u00e1 em busca de uma oportunidade no mercado de trabalho, \u00e9 fundamental entender quais qualidades os recrutadores valorizam. Neste artigo, vou compartilhar as principais caracter\u00edsticas que podem fazer a diferen\u00e7a na sua trajet\u00f3ria profissional. 7 qualidades de um bom profissional que todo recrutador valoriza Quando falamos sobre o que faz um profissional se [&hellip;]<\/p>\n","protected":false},"author":20,"featured_media":145106,"comment_status":"open","ping_status":"","sticky":false,"template":"","format":"standard","meta":{"footnotes":""},"categories":[6,35497],"tags":[],"class_list":["post-145107","post","type-post","status-publish","format-standard","has-post-thumbnail","category-carreira-de-arquitetura","category-estudante"],"_wp_attached_file":null,"_wp_attachment_metadata":null,"_wp_attachment_context":null,"_wp_attachment_is_custom_header":null,"geo_longitude":null,"geo_public":null,"geo_latitude":null,"_publicize_done_external":null,"_wpas_done_3897181":null,"publicize_twitter_user":null,"_wpas_done_3897175":null,"_wpas_skip_3897181":null,"_wpas_skip_3897175":null,"_wpas_skip_3924723":null,"_wpas_mess":null,"_wpas_done_3924723":null,"wps_subtitle":"","_links":{"self":[{"href":"https:\/\/www.aarquiteta.com.br\/blog\/wp-json\/wp\/v2\/posts\/145107","targetHints":{"allow":["GET"]}}],"collection":[{"href":"https:\/\/www.aarquiteta.com.br\/blog\/wp-json\/wp\/v2\/posts"}],"about":[{"href":"https:\/\/www.aarquiteta.com.br\/blog\/wp-json\/wp\/v2\/types\/post"}],"author":[{"embeddable":true,"href":"https:\/\/www.aarquiteta.com.br\/blog\/wp-json\/wp\/v2\/users\/20"}],"replies":[{"embeddable":true,"href":"https:\/\/www.aarquiteta.com.br\/blog\/wp-json\/wp\/v2\/comments?post=145107"}],"version-history":[{"count":0,"href":"https:\/\/www.aarquiteta.com.br\/blog\/wp-json\/wp\/v2\/posts\/145107\/revisions"}],"wp:featuredmedia":[{"embeddable":true,"href":"https:\/\/www.aarquiteta.com.br\/blog\/wp-json\/wp\/v2\/media\/145106"}],"wp:attachment":[{"href":"https:\/\/www.aarquiteta.com.br\/blog\/wp-json\/wp\/v2\/media?parent=145107"}],"wp:term":[{"taxonomy":"category","embeddable":true,"href":"https:\/\/www.aarquiteta.com.br\/blog\/wp-json\/wp\/v2\/categories?post=145107"},{"taxonomy":"post_tag","embeddable":true,"href":"https:\/\/www.aarquiteta.com.br\/blog\/wp-json\/wp\/v2\/tags?post=145107"}],"curies":[{"name":"wp","href":"https:\/\/api.w.org\/{rel}","templated":true}]}}