{"id":145105,"date":"2025-02-23T09:53:05","date_gmt":"2025-02-23T12:53:05","guid":{"rendered":"https:\/\/www.aarquiteta.com.br\/blog\/automacao-residencial-2\/"},"modified":"2025-02-23T09:53:05","modified_gmt":"2025-02-23T12:53:05","slug":"automacao-residencial-2","status":"publish","type":"post","link":"https:\/\/www.aarquiteta.com.br\/blog\/automacao-residencial-2\/","title":{"rendered":"Automa\u00e7\u00e3o Residencial: Como Transformar sua Casa em um Lar Inteligente"},"content":{"rendered":"<p><body><\/p>\n<p>A automa\u00e7\u00e3o residencial, tamb\u00e9m chamada de dom\u00f3tica, \u00e9 uma verdadeira revolu\u00e7\u00e3o nas casas modernas! Com ela, transformamos lares comuns em \u201ccasas inteligentes\u201d atrav\u00e9s do controle automatizado de sistemas como ilumina\u00e7\u00e3o e seguran\u00e7a, garantindo conveni\u00eancia e efici\u00eancia energ\u00e9tica no dia a dia.<\/p>\n<h2>Automa\u00e7\u00e3o Residencial: O Que \u00c9 e Como Investir?<\/h2>\n<h2>Introdu\u00e7\u00e3o<\/h2>\n<p>Ah, a <b>automa\u00e7\u00e3o residencial<\/b>&#8230; quem nunca sonhou com um lar que se ad\u00e9qua \u00e0s suas necessidades? Pois \u00e9, esse sonho est\u00e1 se tornando realidade! Integrar tecnologia em nossos lares \u00e9 uma tend\u00eancia que n\u00e3o d\u00e1 pra ignorar. E o melhor: voc\u00ea pode dar um passo \u00e0 frente e fazer isso da forma certa, garantindo conforto e seguran\u00e7a.<\/p>\n<h2>O Que \u00e9 Automa\u00e7\u00e3o Residencial?<\/h2>\n<p>Quando falamos de automa\u00e7\u00e3o residencial, estamos nos referindo ao uso inteligente de tecnologia para <b>controlar e gerenciar<\/b> sistemas e dispositivos em uma casa. Sim, \u00e9 como ter um assistente pessoal dispon\u00edvel 24 horas por dia!<\/p>\n<p>Em uma casa automatizada, a luz pode se acender sozinha \u00e0 noite, e o termostato pode ajustar a temperatura conforme o clima. <b>Imagina a praticidade!<\/b> \u00c9 como se a casa tivesse vida pr\u00f3pria, respondendo aos nossos desejos e facilitando nossa rotina.<\/p>\n<h2>Elementos Essenciais em uma Casa Inteligente<\/h2>\n<p>Agora, voc\u00ea deve estar se perguntando: \u201cMas como funciona essa m\u00e1gica?\u201d Uma casa inteligente, na verdade, \u00e9 composta por v\u00e1rios <b>elementos essenciais<\/b>:<\/p>\n<ul>\n<li><b>Ilumina\u00e7\u00e3o Inteligente:<\/b> Luzes que se adaptam \u00e0 sua rotina.<\/li>\n<li><b>Controle de Temperatura:<\/b> Termostatos que ajustam a temperatura de acordo com suas prefer\u00eancias.<\/li>\n<li><b>Sistema de Seguran\u00e7a:<\/b> C\u00e2meras e alarmes que podem ser monitorados remotamente.<\/li>\n<\/ul>\n<p>Esses sistemas, quando integrados, fazem o cotidiano fluir de uma forma muito mais tranquila e segura!<\/p>\n<h2>Quanto Custa a Automa\u00e7\u00e3o Residencial?<\/h2>\n<p>Essa pergunta \u00e9 hit! O <b>custo da automa\u00e7\u00e3o residencial<\/b> pode variar bastante. Dependendo da complexidade dos dispositivos, da marca e da \u00e1rea da casa, o investimento inicial pode &#8220;dar uma mordida no bolso&#8221;. Mas calma, \u00e9 um investimento que vale a pena!<\/p>\n<p>A manuten\u00e7\u00e3o e atualiza\u00e7\u00f5es tamb\u00e9m devem ser consideradas, mas n\u00e3o se esque\u00e7a: a efici\u00eancia energ\u00e9tica pode fazer voc\u00ea economizar na conta de luz. \u00c9 como plantar uma \u00e1rvore frut\u00edfera que vai dar frutos por muito tempo!<\/p>\n<h2>Novidades no Mercado de Automa\u00e7\u00e3o Residencial<\/h2>\n<p>O <b>mercado de automa\u00e7\u00e3o<\/b> est\u00e1 sempre evoluindo! Novidades n\u00e3o faltam, como assist\u00eancia de voz com intelig\u00eancia artificial que agora est\u00e3o mais espertas! Elas podem aprender seus h\u00e1bitos e se adaptar.<\/p>\n<ul>\n<li><b>Fechaduras Inteligentes:<\/b> Seguran\u00e7a biom\u00e9trica com reconhecimento facial.<\/li>\n<li><b>Interruptores por Gestos:<\/b> Controle suas luzes sem tocar nada!<\/li>\n<li><b>Realidade Aumentada:<\/b> O futuro na palma da sua m\u00e3o para visualizar o controle da casa.<\/li>\n<\/ul>\n<p>Essas inova\u00e7\u00f5es s\u00e3o a cereja do bolo! Nada como ter um lar conectado e receptivo \u00e0s nossas necessidades.<\/p>\n<h3>Fechaduras Inteligentes Biom\u00e9tricas<\/h3>\n<figure style=\"width: 1024px\" class=\"wp-caption aligncenter\"><img decoding=\"async\" src=\"https:\/\/www.aarquiteta.com.br\/blog\/wp-content\/uploads\/2025\/02\/automacao-residencial01.jpg\" alt=\"Automa\u00e7\u00e3o Residencial: Como Transformar sua Casa em um Lar Inteligente\" width=\"1024\" height=\"1024\" title=\"\"><figcaption class=\"wp-caption-text\">Automa\u00e7\u00e3o Residencial: Como Transformar sua Casa em um Lar Inteligente<\/figcaption><\/figure>\n<p>Vamos falar das <b>fechaduras inteligentes<\/b>. Imagine chegar em casa e simplesmente olhar para a porta para que ela destranque! Ci\u00eancia? N\u00e3o, apenas tecnologia a seu favor. Com reconhecimento facial e impress\u00e3o digital, essas fechaduras oferecem uma seguran\u00e7a de tirar o chap\u00e9u.<\/p>\n<h2>Como Integrar Automa\u00e7\u00e3o Residencial em Projetos Arquitet\u00f4nicos?<\/h2>\n<p>Agora, se voc\u00ea est\u00e1 na \u00e1rea de arquitetura como eu, saiba que integrar automa\u00e7\u00e3o desde o in\u00edcio do projeto \u00e9 crucial. \u00c9 como montar um quebra-cabe\u00e7a, onde cada pe\u00e7a tem seu lugar certo.<\/p>\n<p>Desde o <b>planejamento<\/b> at\u00e9 a execu\u00e7\u00e3o, \u00e9 essencial considerar a automa\u00e7\u00e3o. Assim, criamos ambientes agrad\u00e1veis e funcionais. E quem n\u00e3o quer um lar que se adapte ao seu estilo de vida, n\u00e3o \u00e9 mesmo?<\/p>\n<h2>Conclus\u00e3o<\/h2>\n<p>Resumindo, a <b>automa\u00e7\u00e3o residencial<\/b> \u00e9 uma solu\u00e7\u00e3o que transforma a forma como vivemos. Com tantas inova\u00e7\u00f5es dispon\u00edveis, investir em tecnologia \u00e9 investir no conforto e seguran\u00e7a da sua fam\u00edlia. Seja prudente, estude suas op\u00e7\u00f5es e leve sua casa a um novo patamar de intelig\u00eancia!<\/p>\n<p><\/body><br \/>\n<img decoding=\"async\" src=\"\" alt=\"\" title=\"\">\n<figure style=\"width: 1024px\" class=\"wp-caption aligncenter\"><img decoding=\"async\" src=\"https:\/\/www.aarquiteta.com.br\/blog\/wp-content\/uploads\/2025\/02\/automacao-residencial-1024x585.webp\" alt=\"Imagem ilustrativa sobre automa\u00e7\u00e3o residencial, mostrando dispositivos e sistemas integrados em uma casa moderna.\" title=\"\"><figcaption class=\"wp-caption-text\">Imagem ilustrativa sobre automa\u00e7\u00e3o residencial, mostrando dispositivos e sistemas integrados em uma casa moderna.<\/figcaption><\/figure>\n<figure style=\"width: 1024px\" class=\"wp-caption aligncenter\"><img decoding=\"async\" src=\"https:\/\/www.aarquiteta.com.br\/blog\/wp-content\/uploads\/2025\/02\/automacao-residencial02.jpg\" alt=\"Automa\u00e7\u00e3o Residencial: Como Transformar sua Casa em um Lar Inteligente\" width=\"1024\" height=\"1024\" title=\"\"><figcaption class=\"wp-caption-text\">Automa\u00e7\u00e3o Residencial: Como Transformar sua Casa em um Lar Inteligente<\/figcaption><\/figure>\n<img decoding=\"async\" src=\"\" alt=\"\" title=\"\">\n<figure style=\"width: 1024px\" class=\"wp-caption aligncenter\"><img decoding=\"async\" src=\"https:\/\/www.aarquiteta.com.br\/blog\/wp-content\/uploads\/2025\/02\/automacao-residencial03.jpg\" alt=\"Automa\u00e7\u00e3o Residencial: Como Transformar sua Casa em um Lar Inteligente\" width=\"1024\" height=\"1024\" title=\"\"><figcaption class=\"wp-caption-text\">Automa\u00e7\u00e3o Residencial: Como Transformar sua Casa em um Lar Inteligente<\/figcaption><\/figure>\n<img decoding=\"async\" src=\"\" alt=\"\" title=\"\">\n<figure style=\"width: 1024px\" class=\"wp-caption aligncenter\"><img decoding=\"async\" src=\"https:\/\/www.aarquiteta.com.br\/blog\/wp-content\/uploads\/2025\/02\/automacao-residencial4.jpg\" alt=\"Automa\u00e7\u00e3o Residencial: Como Transformar sua Casa em um Lar Inteligente\" width=\"1024\" height=\"1024\" title=\"\"><figcaption class=\"wp-caption-text\">Automa\u00e7\u00e3o Residencial: Como Transformar sua Casa em um Lar Inteligente<\/figcaption><\/figure>\n<img decoding=\"async\" src=\"\" alt=\"\" title=\"\">\n<p><iframe title=\"YouTube video player\" src=\"https:\/\/www.youtube.com\/embed\/lI5CfWKr-j4\" width=\"560\" height=\"315\" frameborder=\"0\" allowfullscreen=\"allowfullscreen\"><\/iframe><\/p>\n<img decoding=\"async\" src=\"\" alt=\"\" title=\"\">\n","protected":false},"excerpt":{"rendered":"<p>Descubra o que \u00e9 automa\u00e7\u00e3o residencial, custos, novidades e como integrar tecnologia em projetos arquitet\u00f4nicos.<\/p>\n","protected":false},"author":102,"featured_media":145103,"comment_status":"open","ping_status":"","sticky":false,"template":"","format":"standard","meta":{"footnotes":""},"categories":[1507,6,249],"tags":[],"class_list":["post-145105","post","type-post","status-publish","format-standard","has-post-thumbnail","category-arquitetura","category-carreira-de-arquitetura","category-engenharia-e-construcao-civil"],"_wp_attached_file":null,"_wp_attachment_metadata":null,"_wp_attachment_context":null,"_wp_attachment_is_custom_header":null,"geo_longitude":null,"geo_public":null,"geo_latitude":null,"_publicize_done_external":null,"_wpas_done_3897181":null,"publicize_twitter_user":null,"_wpas_done_3897175":null,"_wpas_skip_3897181":null,"_wpas_skip_3897175":null,"_wpas_skip_3924723":null,"_wpas_mess":null,"_wpas_done_3924723":null,"wps_subtitle":"","_links":{"self":[{"href":"https:\/\/www.aarquiteta.com.br\/blog\/wp-json\/wp\/v2\/posts\/145105","targetHints":{"allow":["GET"]}}],"collection":[{"href":"https:\/\/www.aarquiteta.com.br\/blog\/wp-json\/wp\/v2\/posts"}],"about":[{"href":"https:\/\/www.aarquiteta.com.br\/blog\/wp-json\/wp\/v2\/types\/post"}],"author":[{"embeddable":true,"href":"https:\/\/www.aarquiteta.com.br\/blog\/wp-json\/wp\/v2\/users\/102"}],"replies":[{"embeddable":true,"href":"https:\/\/www.aarquiteta.com.br\/blog\/wp-json\/wp\/v2\/comments?post=145105"}],"version-history":[{"count":0,"href":"https:\/\/www.aarquiteta.com.br\/blog\/wp-json\/wp\/v2\/posts\/145105\/revisions"}],"wp:featuredmedia":[{"embeddable":true,"href":"https:\/\/www.aarquiteta.com.br\/blog\/wp-json\/wp\/v2\/media\/145103"}],"wp:attachment":[{"href":"https:\/\/www.aarquiteta.com.br\/blog\/wp-json\/wp\/v2\/media?parent=145105"}],"wp:term":[{"taxonomy":"category","embeddable":true,"href":"https:\/\/www.aarquiteta.com.br\/blog\/wp-json\/wp\/v2\/categories?post=145105"},{"taxonomy":"post_tag","embeddable":true,"href":"https:\/\/www.aarquiteta.com.br\/blog\/wp-json\/wp\/v2\/tags?post=145105"}],"curies":[{"name":"wp","href":"https:\/\/api.w.org\/{rel}","templated":true}]}}