{"id":145086,"date":"2025-02-22T19:33:27","date_gmt":"2025-02-22T22:33:27","guid":{"rendered":"https:\/\/www.aarquiteta.com.br\/blog\/estante-suspensa\/"},"modified":"2025-02-22T19:33:27","modified_gmt":"2025-02-22T22:33:27","slug":"estante-suspensa","status":"publish","type":"post","link":"https:\/\/www.aarquiteta.com.br\/blog\/estante-suspensa\/","title":{"rendered":"Descubra 30 Modelos de Estante Suspensa que Transformar\u00e3o Seu Espa\u00e7o!"},"content":{"rendered":"<p>Voc\u00ea j\u00e1 pensou como a <b>estante suspensa<\/b> pode transformar seu espa\u00e7o? Al\u00e9m de otimiz\u00e1-lo, ela confere um toque de sofistica\u00e7\u00e3o e modernidade \u00e0 decora\u00e7\u00e3o. Se a ideia de dar uma repaginada no seu ambiente te anima, fique comigo e descubra 30 modelos incr\u00edveis que v\u00e3o deixar seu lugar mais estiloso.<\/p>\n<h3>1. Estante Suspensa: Charme na Sala<\/h3>\n<figure style=\"width: 1024px\" class=\"wp-caption aligncenter\"><img decoding=\"async\" src=\"https:\/\/www.aarquiteta.com.br\/blog\/wp-content\/uploads\/2025\/02\/estante-suspensa-05-730x913.jpg\" alt=\"Em madeira, ela d\u00e1 um toque r\u00fastico para a decora\u00e7\u00e3o.\" title=\"\"><figcaption class=\"wp-caption-text\">Em madeira, ela d\u00e1 um toque r\u00fastico para a decora\u00e7\u00e3o.<\/figcaption><\/figure>\n<p>Quando pensamos em estantes, logo vem \u00e0 mente a sala de estar, n\u00e3o \u00e9 mesmo? A <b>estante suspensa<\/b> \u00e9 a escolha perfeita para dar um charme especial ao seu espa\u00e7o. Imagina aquela parede vazia preenchida com livros e objetos decorativos? Uma verdadeira galeria! Al\u00e9m disso, o efeito visual \u00e9 de deixar qualquer um babando.<\/p>\n<h3>2. Dividindo Ambientes com Estilo<\/h3>\n<figure style=\"width: 1024px\" class=\"wp-caption aligncenter\"><img decoding=\"async\" src=\"https:\/\/www.aarquiteta.com.br\/blog\/wp-content\/uploads\/2025\/02\/estante-suspensa01.jpg\" alt=\"30 Modelos de Estante Suspensa para Otimizar Seu Espa\u00e7o\" width=\"1024\" height=\"1024\" title=\"\"><figcaption class=\"wp-caption-text\">30 Modelos de Estante Suspensa para Otimizar Seu Espa\u00e7o<\/figcaption><\/figure>\n<p>Voc\u00ea j\u00e1 se deparou com um espa\u00e7o que poderia ser mais funcional? A <b>estante suspensa<\/b> tamb\u00e9m serve como divisor de ambientes, sem deixar de ser um elemento decorativo. Que tal dividir sua sala do home office com uma estante linda cheia de plantas? Pronto, o ambiente fica mais leve e organizado!<\/p>\n<h3>3. \u00c1rea Gourmet: Um Toque Especial<\/h3>\n<figure style=\"width: 1024px\" class=\"wp-caption aligncenter\"><img decoding=\"async\" src=\"https:\/\/www.aarquiteta.com.br\/blog\/wp-content\/uploads\/2025\/02\/estante-suspensa-0.jpg\" alt=\"30 modelos de estante suspensa perfeitas para otimizar seu espa\u00e7o.\" title=\"\"><figcaption class=\"wp-caption-text\">30 modelos de estante suspensa perfeitas para otimizar seu espa\u00e7o.<\/figcaption><\/figure>\n<p>Ah, a \u00e1rea gourmet! Quem n\u00e3o ama um espa\u00e7o onde pode receber amigos e fam\u00edlia? Uma <b>estante suspensa<\/b> combina super bem nesse ambiente, proporcionando um local perfeito para armazenar pratos e utens\u00edlios. Al\u00e9m disso, ela pode ser um excelente suporte para bebidas e ingredientes especiais que deixam qualquer encontro ainda mais saboroso.<\/p>\n<h3>4. A Magia da Madeira<\/h3>\n<figure style=\"width: 1024px\" class=\"wp-caption aligncenter\"><img decoding=\"async\" src=\"https:\/\/www.aarquiteta.com.br\/blog\/wp-content\/uploads\/2025\/02\/estante-suspensa02.jpg\" alt=\"30 Modelos de Estante Suspensa para Otimizar Seu Espa\u00e7o\" width=\"1024\" height=\"1024\" title=\"\"><figcaption class=\"wp-caption-text\">30 Modelos de Estante Suspensa para Otimizar Seu Espa\u00e7o<\/figcaption><\/figure>\n<p>Se voc\u00ea \u00e9 f\u00e3 de um toque mais r\u00fastico, modelos de <b>estantes em madeira<\/b> s\u00e3o ideais. Elas trazem uma sensa\u00e7\u00e3o aconchegante e v\u00e3o bem nos mais diversos estilos de decora\u00e7\u00e3o. Imagine uma estante suspensa em madeira clara contrastando com paredes escuras. \u00c9 como um abra\u00e7o quentinho que transforma o ambiente!<\/p>\n<h3>5. Modernidade no Metal<\/h3>\n<figure style=\"width: 1024px\" class=\"wp-caption aligncenter\"><img decoding=\"async\" src=\"https:\/\/www.aarquiteta.com.br\/blog\/wp-content\/uploads\/2025\/02\/estante-suspensa-1-730x913.jpg\" alt=\"A estante suspensa \u00e9 ideal para espa\u00e7os pequenos ou at\u00e9 mesmo para quem busca uma decora\u00e7\u00e3o moderna.\" title=\"\"><figcaption class=\"wp-caption-text\">A estante suspensa \u00e9 ideal para espa\u00e7os pequenos ou at\u00e9 mesmo para quem busca uma decora\u00e7\u00e3o moderna.<\/figcaption><\/figure>\n<p>A for\u00e7a do metal na decora\u00e7\u00e3o \u00e9 ineg\u00e1vel. Uma <b>estante suspensa com detalhes metalizados<\/b> adiciona um ar de modernidade que atrai olhares. Al\u00e9m de ser funcional, esse modelo \u00e9 perfeito para quem busca ousadia e individualidade no lar.<\/p>\n<h3>6. Organizando Plantas em Grande Estilo<\/h3>\n<figure style=\"width: 1024px\" class=\"wp-caption aligncenter\"><img decoding=\"async\" src=\"https:\/\/www.aarquiteta.com.br\/blog\/wp-content\/uploads\/2025\/02\/estante-suspensa03.jpg\" alt=\"30 Modelos de Estante Suspensa para Otimizar Seu Espa\u00e7o\" width=\"1024\" height=\"1024\" title=\"\"><figcaption class=\"wp-caption-text\">30 Modelos de Estante Suspensa para Otimizar Seu Espa\u00e7o<\/figcaption><\/figure>\n<p>Se voc\u00ea \u00e9 como eu e n\u00e3o resiste a uma plantinha em casa, uma <b>estante suspensa<\/b> \u00e9 a solu\u00e7\u00e3o perfeita! Coloque suas plantas favoritas em prateleiras elevadas e deixe o ambiente respirar natureza. Afinal, um pouco de verde nunca \u00e9 demais, right?<\/p>\n<h3>7. Estante para Escrit\u00f3rio: Organiza\u00e7\u00e3o \u00c9 Fundamental<\/h3>\n<figure style=\"width: 1024px\" class=\"wp-caption aligncenter\"><img decoding=\"async\" src=\"https:\/\/www.aarquiteta.com.br\/blog\/wp-content\/uploads\/2025\/02\/estante-suspensa-2-730x913.jpg\" alt=\"A estante suspensa na sala \u00e9 puro charme.\" title=\"\"><figcaption class=\"wp-caption-text\">A estante suspensa na sala \u00e9 puro charme.<\/figcaption><\/figure>\n<p>Estou sempre em busca de um espa\u00e7o de trabalho mais organizado. Uma <b>estante suspensa no escrit\u00f3rio<\/b> ajuda demais, viu? Voc\u00ea pode guardar livros, arquivos e at\u00e9 itens de decora\u00e7\u00e3o, mantendo tudo acess\u00edvel e estiloso. O resultado? Um local que inspira produtividade!<\/p>\n<h3>8. Tecnologia e Praticidade: Estante para TV<\/h3>\n<figure style=\"width: 1024px\" class=\"wp-caption aligncenter\"><img decoding=\"async\" src=\"https:\/\/www.aarquiteta.com.br\/blog\/wp-content\/uploads\/2025\/02\/estante-suspensa4.jpg\" alt=\"30 Modelos de Estante Suspensa para Otimizar Seu Espa\u00e7o\" width=\"1024\" height=\"1024\" title=\"\"><figcaption class=\"wp-caption-text\">30 Modelos de Estante Suspensa para Otimizar Seu Espa\u00e7o<\/figcaption><\/figure>\n<p>Quem j\u00e1 ficou em um espa\u00e7o bagun\u00e7ado por causa de fios e aparelhos eletr\u00f4nicos levante a m\u00e3o! \ud83d\ude4b A <b>estante suspensa para TV<\/b> \u00e9 a parceira ideal para esconder tudo isso, deixando seu ambiente mais clean e com a sensa\u00e7\u00e3o de arrumado. \u00c9 hora de dizer adeus \u00e0 bagun\u00e7a!<\/p>\n<h3>9. Beleza em Versatilidade<\/h3>\n<figure style=\"width: 1024px\" class=\"wp-caption aligncenter\"><img decoding=\"async\" src=\"https:\/\/www.aarquiteta.com.br\/blog\/wp-content\/uploads\/2025\/02\/estante-suspensa-03-730x783.jpg\" alt=\"E \u00e9 uma \u00f3tima pedida para dividir ambientes.\" title=\"\"><figcaption class=\"wp-caption-text\">E \u00e9 uma \u00f3tima pedida para dividir ambientes.<\/figcaption><\/figure>\n<p>Um dos maiores trunfos da <b>estante suspensa<\/b> \u00e9 sua versatilidade. Ela se adapta a qualquer espa\u00e7o, seja no quarto, na sala ou at\u00e9 na cozinha! O importante \u00e9 escolher um modelo que tenha a ver com seu estilo e a sua rotina. Afinal, cada detalhe conta!<\/p>\n<h3>10. Estante Leve: Sem Portas, Melhor Exibi\u00e7\u00e3o<\/h3>\n<h3>Para se aprofundar mais sobre o tema, veja a minha recomenda\u00e7\u00e3o sobre o tema deste artigo no v\u00eddeo a seguir abaixo:<\/h3>\n<p><iframe title=\"YouTube video player\" src=\"https:\/\/www.youtube.com\/embed\/5Hp9zPzqfwQ\" width=\"560\" height=\"315\" frameborder=\"0\" allowfullscreen=\"allowfullscreen\"><\/iframe><\/p>\n<p>J\u00e1 pensou em ter uma <b>estante sem portas<\/b>? Al\u00e9m de dar leveza ao ambiente, ela permite que seus objetos fiquem \u00e0 mostra e se virem protagonistas da decora\u00e7\u00e3o. Mix de cores e texturas s\u00e3o sempre bem-vindos, hein?<\/p>\n<p>Agora que voc\u00ea conheceu algumas op\u00e7\u00f5es de <b>estantes suspensas<\/b>, que tal explorar mais sobre esses modelos e repaginar seu espa\u00e7o? Tenho certeza que voc\u00ea vai se apaixonar por um deles! Se ainda ficou alguma d\u00favida ou se voc\u00ea tem outra ideia bacana, n\u00e3o hesite em deixar seu coment\u00e1rio. Vou adorar responder!<\/p>\n<figure style=\"width: 1024px\" class=\"wp-caption aligncenter\"><img decoding=\"async\" src=\"https:\/\/www.aarquiteta.com.br\/blog\/wp-content\/uploads\/2025\/02\/estante-suspensa-4-730x913.jpg\" alt=\"Ela tamb\u00e9m combina muito bem com a \u00e1rea gourmet.\" title=\"\"><figcaption class=\"wp-caption-text\">Ela tamb\u00e9m combina muito bem com a \u00e1rea gourmet.<\/figcaption><\/figure>\n","protected":false},"excerpt":{"rendered":"<p>Descubra 30 modelos de estante suspensa que otimizam seu espa\u00e7o e tornam sua decora\u00e7\u00e3o ainda mais charmosa e funcional.<\/p>\n","protected":false},"author":102,"featured_media":145079,"comment_status":"open","ping_status":"","sticky":false,"template":"","format":"standard","meta":{"footnotes":""},"categories":[1484],"tags":[],"class_list":["post-145086","post","type-post","status-publish","format-standard","has-post-thumbnail","category-decoracao"],"_wp_attached_file":null,"_wp_attachment_metadata":null,"_wp_attachment_context":null,"_wp_attachment_is_custom_header":null,"geo_longitude":null,"geo_public":null,"geo_latitude":null,"_publicize_done_external":null,"_wpas_done_3897181":null,"publicize_twitter_user":null,"_wpas_done_3897175":null,"_wpas_skip_3897181":null,"_wpas_skip_3897175":null,"_wpas_skip_3924723":null,"_wpas_mess":null,"_wpas_done_3924723":null,"wps_subtitle":"","_links":{"self":[{"href":"https:\/\/www.aarquiteta.com.br\/blog\/wp-json\/wp\/v2\/posts\/145086","targetHints":{"allow":["GET"]}}],"collection":[{"href":"https:\/\/www.aarquiteta.com.br\/blog\/wp-json\/wp\/v2\/posts"}],"about":[{"href":"https:\/\/www.aarquiteta.com.br\/blog\/wp-json\/wp\/v2\/types\/post"}],"author":[{"embeddable":true,"href":"https:\/\/www.aarquiteta.com.br\/blog\/wp-json\/wp\/v2\/users\/102"}],"replies":[{"embeddable":true,"href":"https:\/\/www.aarquiteta.com.br\/blog\/wp-json\/wp\/v2\/comments?post=145086"}],"version-history":[{"count":0,"href":"https:\/\/www.aarquiteta.com.br\/blog\/wp-json\/wp\/v2\/posts\/145086\/revisions"}],"wp:featuredmedia":[{"embeddable":true,"href":"https:\/\/www.aarquiteta.com.br\/blog\/wp-json\/wp\/v2\/media\/145079"}],"wp:attachment":[{"href":"https:\/\/www.aarquiteta.com.br\/blog\/wp-json\/wp\/v2\/media?parent=145086"}],"wp:term":[{"taxonomy":"category","embeddable":true,"href":"https:\/\/www.aarquiteta.com.br\/blog\/wp-json\/wp\/v2\/categories?post=145086"},{"taxonomy":"post_tag","embeddable":true,"href":"https:\/\/www.aarquiteta.com.br\/blog\/wp-json\/wp\/v2\/tags?post=145086"}],"curies":[{"name":"wp","href":"https:\/\/api.w.org\/{rel}","templated":true}]}}