{"id":145029,"date":"2025-02-22T12:08:38","date_gmt":"2025-02-22T15:08:38","guid":{"rendered":"https:\/\/www.aarquiteta.com.br\/blog\/como-emassar-parede\/"},"modified":"2025-02-22T12:08:38","modified_gmt":"2025-02-22T15:08:38","slug":"como-emassar-parede","status":"publish","type":"post","link":"https:\/\/www.aarquiteta.com.br\/blog\/como-emassar-parede\/","title":{"rendered":"Aprenda a emassar paredes de forma simples e eficaz"},"content":{"rendered":"<p><body><\/p>\n<p><b>Emassar paredes<\/b> parece uma tarefa complicada, mas posso te garantir que \u00e9 mais simples do que parece! Neste guia, vou te mostrar o passo a passo para deixar suas paredes lisinhas, prontinhas para receber aquela pintura caprichada.<\/p>\n<h3>Introdu\u00e7\u00e3o<\/h3>\n<figure style=\"width: 1024px\" class=\"wp-caption aligncenter\"><img decoding=\"async\" src=\"https:\/\/www.aarquiteta.com.br\/blog\/wp-content\/uploads\/2025\/02\/como-emassar-parede01.jpg\" alt=\"Aprenda a emassar paredes de forma simples e eficaz\" width=\"1024\" height=\"1024\" title=\"\"><figcaption class=\"wp-caption-text\">Aprenda a emassar paredes de forma simples e eficaz<\/figcaption><\/figure>\n<p>Se voc\u00ea est\u00e1 pensando em reformar sua casa ou apenas fazer aqueles retoques nas paredes, o emassamento \u00e9 uma etapa fundamental. \u00c9 atrav\u00e9s dele que conseguimos cancelar os defeitos, furos e irregularidades, assegurando um acabamento perfeito na pintura. Vamos mergulhar juntos em como emassar essas paredes sem dramas!<\/p>\n<h3>Materiais Necess\u00e1rios<\/h3>\n<figure style=\"width: 1024px\" class=\"wp-caption aligncenter\"><img decoding=\"async\" src=\"https:\/\/www.aarquiteta.com.br\/blog\/wp-content\/uploads\/2025\/02\/como-emassar-parede-11-515x1200.png\" alt=\"Imagem: Tua Casa\" title=\"\"><figcaption class=\"wp-caption-text\">Imagem: Tua Casa<\/figcaption><\/figure>\n<p>Antes de me jogar na obra, \u00e9 essencial <b>ter os materiais certos<\/b> \u00e0 m\u00e3o. Ent\u00e3o, fique ligado!<\/p>\n<ul>\n<li>Massa<\/li>\n<li>Esp\u00e1tula<\/li>\n<li>Desempenadeira de a\u00e7o<\/li>\n<li>Selador para paredes<\/li>\n<li>Lixa 180 ou 200<\/li>\n<li>Rolo de l\u00e3 ou pincel<\/li>\n<li>Prote\u00e7\u00f5es: luvas, \u00f3culos e roupas velhas<\/li>\n<\/ul>\n<h3>Passo 1: Protegendo o Ambiente<\/h3>\n<figure style=\"width: 1024px\" class=\"wp-caption aligncenter\"><img decoding=\"async\" src=\"https:\/\/www.aarquiteta.com.br\/blog\/wp-content\/uploads\/2025\/02\/como-emassar-parede-1.jpg\" alt=\"Foto: iStock\" title=\"\"><figcaption class=\"wp-caption-text\">Foto: iStock<\/figcaption><\/figure>\n<p>Na hora de emassar, quem gosta de surpresa n\u00e3o est\u00e1 na tarefa certa, ent\u00e3o <b>proteja tudo<\/b>! M\u00f3veis, objetos, tudo deve ser retirado ou coberto com papel\u00e3o ou tecido grosso. Confie em mim, a bagun\u00e7a acontece e voc\u00ea n\u00e3o vai querer um m\u00f3vel arranhado como souvenir.<\/p>\n<h3>Passo 2: Preparando o Piso<\/h3>\n<figure style=\"width: 1024px\" class=\"wp-caption aligncenter\"><img decoding=\"async\" src=\"https:\/\/www.aarquiteta.com.br\/blog\/wp-content\/uploads\/2025\/02\/como-emassar-parede02.jpg\" alt=\"Aprenda a emassar paredes de forma simples e eficaz\" width=\"1024\" height=\"1024\" title=\"\"><figcaption class=\"wp-caption-text\">Aprenda a emassar paredes de forma simples e eficaz<\/figcaption><\/figure>\n<p>Depois de se livrar dos m\u00f3veis, \u00e9 hora de dar um carinho no seu piso. <b>Forre com papel\u00e3o ou tecido<\/b> grosso para evitar aquela sujeira de massa que d\u00e1 at\u00e9 pregui\u00e7a de limpar. Vamos facilitar a vida, n\u00e9?<\/p>\n<h3>Passo 3: Preparar a Parede<\/h3>\n<figure style=\"width: 1024px\" class=\"wp-caption aligncenter\"><img decoding=\"async\" src=\"https:\/\/www.aarquiteta.com.br\/blog\/wp-content\/uploads\/2025\/02\/como-evitar-erros-decoracao-286x160.jpg\" alt=\"12 erros de decora\u00e7\u00e3o que tornam os ambientes desagrad\u00e1veis\" title=\"\"><figcaption class=\"wp-caption-text\">12 erros de decora\u00e7\u00e3o que tornam os ambientes desagrad\u00e1veis<\/figcaption><\/figure>\n<p>Agora, com tudo protegido, \u00e9 hora de dar uma aten\u00e7\u00e3o especial \u00e0s paredes. Lixar \u00e9 fundamental! <b>Elimine furos, umidade e mofo<\/b> at\u00e9 ficar tudo liso como a pele de um beb\u00ea. O resultado da pintura depende da prepara\u00e7\u00e3o, ent\u00e3o capriche!<\/p>\n<h3>Passo 4: Aplicando o Selador<\/h3>\n<figure style=\"width: 1024px\" class=\"wp-caption aligncenter\"><img decoding=\"async\" src=\"https:\/\/www.aarquiteta.com.br\/blog\/wp-content\/uploads\/2025\/02\/como-emassar-parede03.jpg\" alt=\"Aprenda a emassar paredes de forma simples e eficaz\" width=\"1024\" height=\"1024\" title=\"\"><figcaption class=\"wp-caption-text\">Aprenda a emassar paredes de forma simples e eficaz<\/figcaption><\/figure>\n<p>Antes de aplicar a massa, vamos selar tudo direitinho. Dilua o <b>selador<\/b> conforme as instru\u00e7\u00f5es do fabricante e aplique com rolo ou pincel. Espere secar, e, enquanto isso, pode fazer uma dancinha porque a parte mais emocionante ainda est\u00e1 por vir!<\/p>\n<h3>Passo 5: Apliando a Primeira Dem\u00e3o<\/h3>\n<figure style=\"width: 1024px\" class=\"wp-caption aligncenter\"><img decoding=\"async\" src=\"https:\/\/www.aarquiteta.com.br\/blog\/wp-content\/uploads\/2025\/02\/como-colocar-papel-de-parede-000-286x160.jpg\" alt=\"Como colocar papel de parede passo a passo\" title=\"\"><figcaption class=\"wp-caption-text\">Como colocar papel de parede passo a passo<\/figcaption><\/figure>\n<p>Chegou a hora de aplicar a massa! Evite mistur\u00e1-la muito para <b>n\u00e3o criar bolhas<\/b>. Com uma esp\u00e1tula, fa\u00e7a movimentos de baixo para cima e v\u00e1 cobrindo as \u00e1reas. N\u00e3o se esque\u00e7a de cobrir 2m x 2m de cada vez e dar aquele tempinho entre pedras e pintas!<\/p>\n<h3>Passo 6: Segunda Dem\u00e3o<\/h3>\n<figure style=\"width: 1024px\" class=\"wp-caption aligncenter\"><img decoding=\"async\" src=\"https:\/\/www.aarquiteta.com.br\/blog\/wp-content\/uploads\/2025\/02\/como-emassar-parede4.jpg\" alt=\"Aprenda a emassar paredes de forma simples e eficaz\" width=\"1024\" height=\"1024\" title=\"\"><figcaption class=\"wp-caption-text\">Aprenda a emassar paredes de forma simples e eficaz<\/figcaption><\/figure>\n<p>Ap\u00f3s a primeira dem\u00e3o secar, aplique a segunda para corrigir os desn\u00edveis. <b>A paci\u00eancia \u00e9 fundamental<\/b>; aguarde 12 a 24 horas para que tudo fique nos conformes. Aqui, cada detalhe conta e a perfei\u00e7\u00e3o \u00e9 nosso lema!<\/p>\n<h3>Passo 7: Finaliza\u00e7\u00e3o<\/h3>\n<figure style=\"width: 1024px\" class=\"wp-caption aligncenter\"><img decoding=\"async\" src=\"https:\/\/www.aarquiteta.com.br\/blog\/wp-content\/uploads\/2025\/02\/como-pintar-a-casa-sozinho-286x160.jpg\" alt=\"Como pintar a casa sozinho: dicas e truques profissionais\" title=\"\"><figcaption class=\"wp-caption-text\">Como pintar a casa sozinho: dicas e truques profissionais<\/figcaption><\/figure>\n<p>Por fim, \u00e9 hora de lixar mais uma vez. Use a lixa 180 ou 200 para garantir <b>uma superf\u00edcie lisinha<\/b>. Ap\u00f3s isso, passe uma vassoura macia e voil\u00e0! Sua parede est\u00e1 pronta para brilhar com aquela pintura que voc\u00ea adora.<\/p>\n<h3>Resumo<\/h3>\n<p><iframe title=\"YouTube video player\" src=\"https:\/\/www.youtube.com\/embed\/TcOtglv_dlo\" width=\"560\" height=\"315\" frameborder=\"0\" allowfullscreen=\"allowfullscreen\"><\/iframe><\/p>\n<p>Emassar paredes \u00e9 uma tarefa que pode parecer complicado no in\u00edcio, mas com o passo a passo que te passei, voc\u00ea poder\u00e1 fazer isso como um verdadeiro expert! Sempre pense em proteger o ambiente, preparar bem as superf\u00edcies e ter paci\u00eancia para aguardar a secagem, que \u00e9 a receita do sucesso.<\/p>\n<h3>Perguntas Frequentes (FAQ)<\/h3>\n<ul>\n<li><b>Qual o tempo ideal de secagem entre as dem\u00e3os?<\/b> Geralmente, aguarde de 12 a 24 horas, mas sempre siga o que est\u00e1 no r\u00f3tulo da massa!<\/li>\n<li><b>Posso usar a massa corrida em \u00e1reas externas?<\/b> N\u00e3o, a massa corrida \u00e9 ideal para \u00e1reas internas. Utilize a acr\u00edlica para o externo!<\/li>\n<li><b>Qual a lixa ideal para o acabamento final?<\/b> A lixa 180 ou 200 \u00e9 perfeita para um acabamento suave e perfeito.<\/li>\n<\/ul>\n<p><\/body><br \/>\n<figure style=\"width: 1024px\" class=\"wp-caption aligncenter\"><img decoding=\"async\" src=\"https:\/\/www.aarquiteta.com.br\/blog\/wp-content\/uploads\/2025\/02\/como-emassar-parede-2.jpg\" alt=\"Foto: iStock\" title=\"\"><figcaption class=\"wp-caption-text\">Foto: iStock<\/figcaption><\/figure>\n","protected":false},"excerpt":{"rendered":"<p>Descubra o passo a passo para emassar paredes e garantir um acabamento perfeito na sua pintura.<\/p>\n","protected":false},"author":102,"featured_media":145021,"comment_status":"open","ping_status":"","sticky":false,"template":"","format":"standard","meta":{"footnotes":""},"categories":[1507,249],"tags":[],"class_list":["post-145029","post","type-post","status-publish","format-standard","has-post-thumbnail","category-arquitetura","category-engenharia-e-construcao-civil"],"_wp_attached_file":null,"_wp_attachment_metadata":null,"_wp_attachment_context":null,"_wp_attachment_is_custom_header":null,"geo_longitude":null,"geo_public":null,"geo_latitude":null,"_publicize_done_external":null,"_wpas_done_3897181":null,"publicize_twitter_user":null,"_wpas_done_3897175":null,"_wpas_skip_3897181":null,"_wpas_skip_3897175":null,"_wpas_skip_3924723":null,"_wpas_mess":null,"_wpas_done_3924723":null,"wps_subtitle":"","_links":{"self":[{"href":"https:\/\/www.aarquiteta.com.br\/blog\/wp-json\/wp\/v2\/posts\/145029","targetHints":{"allow":["GET"]}}],"collection":[{"href":"https:\/\/www.aarquiteta.com.br\/blog\/wp-json\/wp\/v2\/posts"}],"about":[{"href":"https:\/\/www.aarquiteta.com.br\/blog\/wp-json\/wp\/v2\/types\/post"}],"author":[{"embeddable":true,"href":"https:\/\/www.aarquiteta.com.br\/blog\/wp-json\/wp\/v2\/users\/102"}],"replies":[{"embeddable":true,"href":"https:\/\/www.aarquiteta.com.br\/blog\/wp-json\/wp\/v2\/comments?post=145029"}],"version-history":[{"count":0,"href":"https:\/\/www.aarquiteta.com.br\/blog\/wp-json\/wp\/v2\/posts\/145029\/revisions"}],"wp:featuredmedia":[{"embeddable":true,"href":"https:\/\/www.aarquiteta.com.br\/blog\/wp-json\/wp\/v2\/media\/145021"}],"wp:attachment":[{"href":"https:\/\/www.aarquiteta.com.br\/blog\/wp-json\/wp\/v2\/media?parent=145029"}],"wp:term":[{"taxonomy":"category","embeddable":true,"href":"https:\/\/www.aarquiteta.com.br\/blog\/wp-json\/wp\/v2\/categories?post=145029"},{"taxonomy":"post_tag","embeddable":true,"href":"https:\/\/www.aarquiteta.com.br\/blog\/wp-json\/wp\/v2\/tags?post=145029"}],"curies":[{"name":"wp","href":"https:\/\/api.w.org\/{rel}","templated":true}]}}