{"id":145015,"date":"2025-02-22T11:31:09","date_gmt":"2025-02-22T14:31:09","guid":{"rendered":"https:\/\/www.aarquiteta.com.br\/blog\/o-guia-definitivo-para-elaboracao-e-apresentacao-de-orcamentos-em-arquitetura-parte2-proposta-comercial\/"},"modified":"2025-02-22T11:31:09","modified_gmt":"2025-02-22T14:31:09","slug":"o-guia-definitivo-para-elaboracao-e-apresentacao-de-orcamentos-em-arquitetura-parte2-proposta-comercial","status":"publish","type":"post","link":"https:\/\/www.aarquiteta.com.br\/blog\/o-guia-definitivo-para-elaboracao-e-apresentacao-de-orcamentos-em-arquitetura-parte2-proposta-comercial\/","title":{"rendered":"O Guia Definitivo para Apresenta\u00e7\u00e3o de Propostas Comerciais em Arquitetura"},"content":{"rendered":"<p><body><\/p>\n<p>Elaborar uma proposta comercial em arquitetura \u00e9 uma arte. \u00c9 preciso se destacar, comunicar valor e conquistar a confian\u00e7a do cliente com clareza e efici\u00eancia.<\/p>\n<h2>Introdu\u00e7\u00e3o<\/h2>\n<p>Quando falo sobre propostas comerciais, vejo o quanto elas s\u00e3o cruciais para o sucesso de qualquer arquiteto. Nesse artigo, vou compartilhar dicas pr\u00e1ticas sobre como criar propostas que n\u00e3o apenas mostrem o servi\u00e7o, mas que tamb\u00e9m transmitam seu valor, aumentando as chances de fechar contratos.<\/p>\n<h2>O que \u00e9 uma Proposta Comercial?<\/h2>\n<p>Uma proposta comercial \u00e9 um documento que apresenta uma oferta de servi\u00e7os ao cliente. Ela \u00e9 como um cart\u00e3o de visita que destaca o que fa\u00e7o e como posso ajudar. Importante, n\u00e3o \u00e9 meramente um pre\u00e7o; \u00e9 uma forma de vend\u00ea-los \u00e0 ideia do meu trabalho.<\/p>\n<h2>Por que \u00e9 Crucial Apresentar o Valor do Servi\u00e7o?<\/h2>\n<h3>A Diferen\u00e7a entre Pre\u00e7o e Valor<\/h3>\n<figure style=\"width: 1024px\" class=\"wp-caption aligncenter\"><img decoding=\"async\" src=\"https:\/\/www.aarquiteta.com.br\/blog\/wp-content\/uploads\/2025\/02\/o-guia-definitivo-para-elaboracao-e-apresentacao-de-orcamentos-em-arquitetura-parte2-proposta-comercial01.jpg\" alt=\"O Guia Definitivo para Apresenta\u00e7\u00e3o de Propostas Comerciais em Arquitetura\" width=\"1024\" height=\"1024\" title=\"\"><figcaption class=\"wp-caption-text\">O Guia Definitivo para Apresenta\u00e7\u00e3o de Propostas Comerciais em Arquitetura<\/figcaption><\/figure>\n<p>\u00c9 comum ouvir que o pre\u00e7o \u00e9 diferente do valor. O pre\u00e7o \u00e9 o que o cliente paga, enquanto o valor \u00e9 o que ele realmente percebe do servi\u00e7o. Em um mundo onde todos compararem o custo, \u00e9 mais do que necess\u00e1rio evidenciar por que o que fa\u00e7o vale a pena.<\/p>\n<h2>Estrutura Essencial de uma Proposta Comercial<\/h2>\n<h3>Os 10 Itens Obrigat\u00f3rios<\/h3>\n<figure style=\"width: 1024px\" class=\"wp-caption aligncenter\"><img decoding=\"async\" src=\"https:\/\/www.aarquiteta.com.br\/blog\/wp-content\/uploads\/2025\/02\/preco-dos-servicos-de-arquitetura-e-design.jpg\" alt=\"Imagem representativa do pre\u00e7o dos servi\u00e7os de arquitetura e design.\" title=\"\"><figcaption class=\"wp-caption-text\">Imagem representativa do pre\u00e7o dos servi\u00e7os de arquitetura e design.<\/figcaption><\/figure>\n<p>Uma proposta comercial n\u00e3o pode faltar com estes itens:<\/p>\n<ul>\n<li><b>Identifica\u00e7\u00e3o do Cliente:<\/b> Nome e informa\u00e7\u00f5es de contato.<\/li>\n<li><b>Descri\u00e7\u00e3o do Projeto:<\/b> O que ser\u00e1 feito?<\/li>\n<li><b>Escopo do Servi\u00e7o:<\/b> Detalhes do que est\u00e1 inclu\u00eddo.<\/li>\n<li><b>Prazo:<\/b> Quando vou entregar?<\/li>\n<li><b>Valores:<\/b> O que vou cobrar?<\/li>\n<li><b>Condi\u00e7\u00f5es de pagamento:<\/b> Quais op\u00e7\u00f5es est\u00e3o dispon\u00edveis?<\/li>\n<li><b>Diferenciais:<\/b> O que me destaca da concorr\u00eancia?<\/li>\n<li><b>Exemplos de Trabalhos Anteriores:<\/b> Portfolio resumido.<\/li>\n<li><b>Testemunhos de Clientes:<\/b> O que outros acham do meu servi\u00e7o?<\/li>\n<li><b>Contato:<\/b> Como o cliente pode se comunicar comigo?<\/li>\n<\/ul>\n<h2>Erros Comuns a Evitar<\/h2>\n<h3>Os 7 Pecados Capitais em Propostas Comerciais<\/h3>\n<figure style=\"width: 1024px\" class=\"wp-caption aligncenter\"><img decoding=\"async\" src=\"https:\/\/www.aarquiteta.com.br\/blog\/wp-content\/uploads\/2025\/02\/calculadora-orcamento-arquitetura-projeto-1050x959-1024x935.jpg\" alt=\"Uma calculadora para or\u00e7amentos de arquitetura.\" title=\"\"><figcaption class=\"wp-caption-text\">Uma calculadora para or\u00e7amentos de arquitetura.<\/figcaption><\/figure>\n<p>Para ter sucesso, evite:<\/p>\n<ul>\n<li><b>Falta de clareza:<\/b> Sem essa, o cliente n\u00e3o entende nada.<\/li>\n<li><b>Excesso de informa\u00e7\u00f5es:<\/b> O cliente n\u00e3o precisa de um romance, mas de uma hist\u00f3ria clara.<\/li>\n<li><b>Longas palavras:<\/b> Se n\u00e3o t\u00e1 claro, t\u00e1 torto!<\/li>\n<li><b>Sem diferen\u00e7a:<\/b> Voc\u00ea \u00e9 apenas mais um no mercado.<\/li>\n<li><b>Texto n\u00e3o persuasivo:<\/b> O &#8216;n\u00e3o&#8217; voc\u00ea j\u00e1 tem, que tal buscar o &#8216;sim&#8217;?<\/li>\n<li><b>Fora do perfil do cliente:<\/b> Cada cliente \u00e9 \u00fanico, adapte-se.<\/li>\n<li><b>Falta de coer\u00eancia:<\/b> Se n\u00e3o faz sentido, n\u00e3o vai fechar!<\/li>\n<\/ul>\n<h2>O Papel das Emo\u00e7\u00f5es na Tomada de Decis\u00e3o<\/h2>\n<p>O que muitos n\u00e3o percebem \u00e9 que o lado emocional tamb\u00e9m influencia nas vendas. Quando apresentar a proposta, ajude o cliente a visualizar como ficar\u00e1 a obra, o quanto ser\u00e1 incr\u00edvel, fa\u00e7a-o sentir isso ou, no m\u00ednimo, deixar aquele sorriso no rosto!<\/p>\n<h2>Estrat\u00e9gias de Persuas\u00e3o Eficazes<\/h2>\n<p>Algumas t\u00e9cnicas simples por\u00e9m eficientes s\u00e3o:<\/p>\n<ul>\n<li><b>Compromisso e Coer\u00eancia:<\/b> Se o cliente se compromete em algo pequeno, ele tende a seguir firme na decis\u00e3o maior.<\/li>\n<li><b>Aprova\u00e7\u00e3o Social:<\/b> Mostrar que outros confiam e indicam seus servi\u00e7os faz toda a diferen\u00e7a.<\/li>\n<li><b>Autoridade:<\/b> Demonstre sua experi\u00eancia e conhecimento no setor.<\/li>\n<\/ul>\n<h2>Conclus\u00e3o<\/h2>\n<p>Concluindo, uma proposta comercial bem elaborada e estruturada pode transformar a rela\u00e7\u00e3o entre voc\u00ea, o arquiteto, e o cliente. Invista tempo e detalhes para garantir que o valor do seu trabalho esteja claro e que, dessa forma, voc\u00ea conquiste n\u00e3o apenas um contrato, mas a confian\u00e7a de quem busca por qualidade e profissionalismo.<\/p>\n<p><\/body><br \/>\n<figure style=\"width: 1024px\" class=\"wp-caption aligncenter\"><img decoding=\"async\" src=\"https:\/\/www.aarquiteta.com.br\/blog\/wp-content\/uploads\/2025\/02\/o-guia-definitivo-para-elaboracao-e-apresentacao-de-orcamentos-em-arquitetura-parte2-proposta-comercial02.jpg\" alt=\"O Guia Definitivo para Apresenta\u00e7\u00e3o de Propostas Comerciais em Arquitetura\" width=\"1024\" height=\"1024\" title=\"\"><figcaption class=\"wp-caption-text\">O Guia Definitivo para Apresenta\u00e7\u00e3o de Propostas Comerciais em Arquitetura<\/figcaption><\/figure>\n<figure style=\"width: 1024px\" class=\"wp-caption aligncenter\"><img decoding=\"async\" src=\"https:\/\/www.aarquiteta.com.br\/blog\/wp-content\/uploads\/2025\/02\/giphy-2.gif\" alt=\"Uma anima\u00e7\u00e3o em gif relacionado ao tema do artigo.\" title=\"\"><figcaption class=\"wp-caption-text\">Uma anima\u00e7\u00e3o em gif relacionado ao tema do artigo.<\/figcaption><\/figure>\n<figure style=\"width: 1024px\" class=\"wp-caption aligncenter\"><img decoding=\"async\" src=\"https:\/\/www.aarquiteta.com.br\/blog\/wp-content\/uploads\/2025\/02\/o-guia-definitivo-para-elaboracao-e-apresentacao-de-orcamentos-em-arquitetura-parte2-proposta-comercial03.jpg\" alt=\"O Guia Definitivo para Apresenta\u00e7\u00e3o de Propostas Comerciais em Arquitetura\" width=\"1024\" height=\"1024\" title=\"\"><figcaption class=\"wp-caption-text\">O Guia Definitivo para Apresenta\u00e7\u00e3o de Propostas Comerciais em Arquitetura<\/figcaption><\/figure>\n<figure style=\"width: 1024px\" class=\"wp-caption aligncenter\"><img decoding=\"async\" src=\"https:\/\/www.aarquiteta.com.br\/blog\/wp-content\/uploads\/2025\/02\/5b765f77300ba53cc4be2191bd2f07c0.jpg\" alt=\"Cena da famosa obra &#039;O Poderoso Chef\u00e3o&#039; relacionada \u00e0 proposta.\" title=\"\"><figcaption class=\"wp-caption-text\">Cena da famosa obra &#8216;O Poderoso Chef\u00e3o&#8217; relacionada \u00e0 proposta.<\/figcaption><\/figure>\n<figure style=\"width: 1024px\" class=\"wp-caption aligncenter\"><img decoding=\"async\" src=\"https:\/\/www.aarquiteta.com.br\/blog\/wp-content\/uploads\/2025\/02\/o-guia-definitivo-para-elaboracao-e-apresentacao-de-orcamentos-em-arquitetura-parte2-proposta-comercial4.jpg\" alt=\"O Guia Definitivo para Apresenta\u00e7\u00e3o de Propostas Comerciais em Arquitetura\" width=\"1024\" height=\"1024\" title=\"\"><figcaption class=\"wp-caption-text\">O Guia Definitivo para Apresenta\u00e7\u00e3o de Propostas Comerciais em Arquitetura<\/figcaption><\/figure>\n<figure style=\"width: 1024px\" class=\"wp-caption aligncenter\"><img decoding=\"async\" src=\"https:\/\/www.aarquiteta.com.br\/blog\/wp-content\/uploads\/2025\/02\/shopping-1724299_960_720.png\" alt=\"Imagem de um shopping para ilustrar o conceito de valor.\" title=\"\"><figcaption class=\"wp-caption-text\">Imagem de um shopping para ilustrar o conceito de valor.<\/figcaption><\/figure>\n<p><iframe title=\"YouTube video player\" src=\"https:\/\/www.youtube.com\/embed\/Qj51S8JxJCQ\" width=\"560\" height=\"315\" frameborder=\"0\" allowfullscreen=\"allowfullscreen\"><\/iframe><\/p>\n<figure style=\"width: 1024px\" class=\"wp-caption aligncenter\"><img decoding=\"async\" src=\"https:\/\/www.aarquiteta.com.br\/blog\/wp-content\/uploads\/2025\/02\/empresas-de-arquitetura-empacotar-servicos.jpg\" alt=\"Empresas de arquitetura empacotando servi\u00e7os.\" title=\"\"><figcaption class=\"wp-caption-text\">Empresas de arquitetura empacotando servi\u00e7os.<\/figcaption><\/figure>\n","protected":false},"excerpt":{"rendered":"<p>Aprenda a elaborar propostas comerciais eficientes em arquitetura, aumentando suas chances de fechar neg\u00f3cios com clientes.<\/p>\n","protected":false},"author":102,"featured_media":145008,"comment_status":"open","ping_status":"","sticky":false,"template":"","format":"standard","meta":{"footnotes":""},"categories":[1507,6,249],"tags":[],"class_list":["post-145015","post","type-post","status-publish","format-standard","has-post-thumbnail","category-arquitetura","category-carreira-de-arquitetura","category-engenharia-e-construcao-civil"],"_wp_attached_file":null,"_wp_attachment_metadata":null,"_wp_attachment_context":null,"_wp_attachment_is_custom_header":null,"geo_longitude":null,"geo_public":null,"geo_latitude":null,"_publicize_done_external":null,"_wpas_done_3897181":null,"publicize_twitter_user":null,"_wpas_done_3897175":null,"_wpas_skip_3897181":null,"_wpas_skip_3897175":null,"_wpas_skip_3924723":null,"_wpas_mess":null,"_wpas_done_3924723":null,"wps_subtitle":"","_links":{"self":[{"href":"https:\/\/www.aarquiteta.com.br\/blog\/wp-json\/wp\/v2\/posts\/145015","targetHints":{"allow":["GET"]}}],"collection":[{"href":"https:\/\/www.aarquiteta.com.br\/blog\/wp-json\/wp\/v2\/posts"}],"about":[{"href":"https:\/\/www.aarquiteta.com.br\/blog\/wp-json\/wp\/v2\/types\/post"}],"author":[{"embeddable":true,"href":"https:\/\/www.aarquiteta.com.br\/blog\/wp-json\/wp\/v2\/users\/102"}],"replies":[{"embeddable":true,"href":"https:\/\/www.aarquiteta.com.br\/blog\/wp-json\/wp\/v2\/comments?post=145015"}],"version-history":[{"count":0,"href":"https:\/\/www.aarquiteta.com.br\/blog\/wp-json\/wp\/v2\/posts\/145015\/revisions"}],"wp:featuredmedia":[{"embeddable":true,"href":"https:\/\/www.aarquiteta.com.br\/blog\/wp-json\/wp\/v2\/media\/145008"}],"wp:attachment":[{"href":"https:\/\/www.aarquiteta.com.br\/blog\/wp-json\/wp\/v2\/media?parent=145015"}],"wp:term":[{"taxonomy":"category","embeddable":true,"href":"https:\/\/www.aarquiteta.com.br\/blog\/wp-json\/wp\/v2\/categories?post=145015"},{"taxonomy":"post_tag","embeddable":true,"href":"https:\/\/www.aarquiteta.com.br\/blog\/wp-json\/wp\/v2\/tags?post=145015"}],"curies":[{"name":"wp","href":"https:\/\/api.w.org\/{rel}","templated":true}]}}