{"id":144973,"date":"2025-02-21T20:30:36","date_gmt":"2025-02-21T23:30:36","guid":{"rendered":"https:\/\/www.aarquiteta.com.br\/blog\/os-10-itens-que-vao-bombar-na-decoracao\/"},"modified":"2025-02-21T20:30:36","modified_gmt":"2025-02-21T23:30:36","slug":"os-10-itens-que-vao-bombar-na-decoracao","status":"publish","type":"post","link":"https:\/\/www.aarquiteta.com.br\/blog\/os-10-itens-que-vao-bombar-na-decoracao\/","title":{"rendered":"5 solu\u00e7\u00f5es criativas para decorar cozinhas em 2025."},"content":{"rendered":"<p>As cozinhas est\u00e3o se transformando em verdadeiros ref\u00fagios de estilo e funcionalidade, e as tend\u00eancias para 2025 prometem trazer inova\u00e7\u00f5es que v\u00e3o deixar qualquer ambiente mais moderno e acolhedor. A arquiteta Mariana Cabral, do canal Dicas Decor, compartilha as principais apostas para a decora\u00e7\u00e3o desse espa\u00e7o t\u00e3o especial.<\/p>\n<h2>Destaques principais<\/h2>\n<ul>\n<li><b>Eletrodom\u00e9sticos embutidos<\/b>: A tend\u00eancia \u00e9 que geladeiras e lava-lou\u00e7as sejam camufladas na marcenaria, criando um visual minimalista.<\/li>\n<li><b>Cores vibrantes<\/b>: Arm\u00e1rios e detalhes em tons fortes v\u00e3o trazer mais personalidade e alegria para as cozinhas.<\/li>\n<li><b>Cozinhas aconchegantes<\/b>: Espa\u00e7os para refei\u00e7\u00f5es r\u00e1pidas e intera\u00e7\u00f5es sociais v\u00e3o se tornar cada vez mais comuns.<\/li>\n<\/ul>\n<h2>Os itens que v\u00e3o bombar em 2025 nas cozinhas<\/h2>\n<h3>Eletrodom\u00e9sticos embutidos<\/h3>\n<p>Os <b>eletrodom\u00e9sticos embutidos<\/b> est\u00e3o se tornando uma verdadeira sensa\u00e7\u00e3o nas cozinhas modernas. Geladeiras e lava-lou\u00e7as que se integram \u00e0 marcenaria n\u00e3o apenas economizam espa\u00e7o, mas tamb\u00e9m criam um ambiente mais harmonioso e minimalista. Imagine abrir a porta da cozinha e ser recebido por um espa\u00e7o que parece uma extens\u00e3o da sala de estar, onde tudo se encaixa perfeitamente. Essa tend\u00eancia \u00e9 ideal para quem busca um visual clean e sofisticado.<\/p>\n<h3>Arandelas e abajures de mesa<\/h3>\n<figure style=\"width: 1024px\" class=\"wp-caption aligncenter\"><img decoding=\"async\" src=\"https:\/\/www.aarquiteta.com.br\/blog\/wp-content\/uploads\/2025\/02\/tendencias-para-cozinhas-em-2025.jpg\" alt=\"5 solu\u00e7\u00f5es criativas para decorar cozinhas em 2025.\" width=\"1024\" height=\"1024\" title=\"\"><figcaption class=\"wp-caption-text\">Source: <a href=\"https:\/\/ndmais.com.br\/arquitetura-e-decoracao\/os-10-itens-que-vao-bombar-na-decoracao-das-cozinhas-em-2025\/\" target=\"_blank\" rel=\"noopener\">NDMAIS<\/a><\/figcaption><\/figure>\n<p>A ilumina\u00e7\u00e3o \u00e9 um dos aspectos mais importantes na decora\u00e7\u00e3o de qualquer ambiente, e nas cozinhas n\u00e3o \u00e9 diferente. As <b>arandelas e abajures de mesa<\/b> est\u00e3o ganhando destaque, trazendo charme e aconchego ao espa\u00e7o. Esses elementos n\u00e3o apenas iluminam, mas tamb\u00e9m adicionam um toque de personalidade. Uma luz suave pode transformar uma simples refei\u00e7\u00e3o em um momento especial, criando uma atmosfera convidativa para amigos e familiares.<\/p>\n<h3>Cubas maiores<\/h3>\n<p>Para aqueles que valorizam a <b>funcionalidade<\/b>, as cubas maiores s\u00e3o uma tend\u00eancia que promete fazer sucesso em 2025. Com uma profundidade maior, elas facilitam o dia a dia na cozinha, permitindo que tarefas como lavar lou\u00e7as e preparar alimentos sejam realizadas com mais conforto. Al\u00e9m disso, uma cuba bem projetada pode se tornar um verdadeiro ponto focal, elevando o design do ambiente.<\/p>\n<h3>Torneiras discretas e minimalistas<\/h3>\n<h3>Assista agora a minha recomenda\u00e7\u00e3o de video abaixo sobre o tema que estamos tratando neste artigo: <\/h3>\n<p><iframe title=\"YouTube video player\" src=\"\" width=\"560\" height=\"315\" frameborder=\"0\" allowfullscreen=\"allowfullscreen\"><\/iframe><\/p>\n<p>As <b>torneiras discretas e minimalistas<\/b> tamb\u00e9m est\u00e3o em alta. Modelos simples, sem muitos detalhes extravagantes, trazem um ar de eleg\u00e2ncia e funcionalidade. Essas torneiras n\u00e3o apenas cumprem seu papel, mas tamb\u00e9m se integram ao design da cozinha, contribuindo para um visual coeso e moderno. A simplicidade \u00e9 a chave, e essas pe\u00e7as s\u00e3o perfeitas para quem busca um estilo mais clean.<\/p>\n<h3>Rebaixo italiano<\/h3>\n<p>O <b>rebaixo italiano<\/b> \u00e9 uma tend\u00eancia que promete encantar os amantes de design. Essa t\u00e9cnica cria uma transi\u00e7\u00e3o suave entre a \u00e1rea seca e a \u00e1rea molhada da cozinha, proporcionando um toque delicado e sofisticado. Al\u00e9m de ser esteticamente agrad\u00e1vel, o rebaixo tamb\u00e9m \u00e9 pr\u00e1tico, evitando que a \u00e1gua se espalhe e garantindo um ambiente mais organizado. \u00c9 uma solu\u00e7\u00e3o que combina beleza e funcionalidade de forma harmoniosa.<\/p>\n<h3>Pedras naturais e granitos escovados<\/h3>\n<p>As <b>pedras naturais e granitos escovados<\/b> est\u00e3o se tornando cada vez mais populares nas cozinhas. Materiais como o Branco Paran\u00e1 oferecem um acabamento luxuoso e dur\u00e1vel, al\u00e9m de um visual moderno e elegante. Essas superf\u00edcies n\u00e3o apenas s\u00e3o resistentes, mas tamb\u00e9m trazem um toque de natureza para o ambiente, criando uma conex\u00e3o com o exterior. Uma bancada bem escolhida pode ser o destaque da cozinha, atraindo todos os olhares.<\/p>\n<h3>L\u00e2minas sinterizadas<\/h3>\n<p>As <b>l\u00e2minas sinterizadas<\/b> s\u00e3o uma inova\u00e7\u00e3o que promete revolucionar o mercado de materiais para cozinhas. Com alta resist\u00eancia e durabilidade, esses materiais imitam m\u00e1rmores e superam outros itens em resist\u00eancia a manchas e riscos. Al\u00e9m disso, sua variedade de acabamentos permite que cada pessoa encontre a op\u00e7\u00e3o perfeita para seu estilo. \u00c9 uma escolha inteligente para quem busca beleza e praticidade.<\/p>\n<h3>Cores nas cozinhas<\/h3>\n<p>As <b>cores vibrantes<\/b> est\u00e3o de volta e prometem ganhar espa\u00e7o nas cozinhas em 2025. Arm\u00e1rios e detalhes em tons fortes trazem mais personalidade e alegria ao ambiente. Essa tend\u00eancia \u00e9 perfeita para aqueles que desejam expressar sua individualidade e criar um espa\u00e7o que reflita seu estilo pessoal. Cores como azul, verde e amarelo podem transformar uma cozinha comum em um verdadeiro espet\u00e1culo visual.<\/p>\n<h3>Cozinhas madeiradas<\/h3>\n<p>As <b>cozinhas madeiradas<\/b> continuam a ser uma escolha popular, proporcionando um visual atemporal e aconchegante. Elementos de madeira, seja natural ou com acabamento em MDF, trazem calor e conforto ao ambiente. Essa tend\u00eancia \u00e9 ideal para quem busca um espa\u00e7o que seja ao mesmo tempo moderno e acolhedor, perfeito para receber amigos e familiares.<\/p>\n<h3>Cozinhas com espa\u00e7os para receber<\/h3>\n<p>Por fim, a cria\u00e7\u00e3o de <b>espa\u00e7os para receber<\/b> na cozinha \u00e9 uma tend\u00eancia que deve crescer em 2025. Cantinhos aconchegantes para refei\u00e7\u00f5es r\u00e1pidas ou um caf\u00e9, com pequenas mesas ou bancos, s\u00e3o ideais para promover a intera\u00e7\u00e3o social. Esses espa\u00e7os se tornam o cora\u00e7\u00e3o da casa, onde as pessoas se re\u00fanem para compartilhar momentos especiais. A cozinha deixa de ser apenas um local de preparo de alimentos e se transforma em um verdadeiro ponto de encontro.<\/p>\n<h2>Conclus\u00e3o<\/h2>\n<p>As tend\u00eancias para a decora\u00e7\u00e3o das cozinhas em 2025 prometem trazer um mix de <b>funcionalidade<\/b> e <b>estilo<\/b>, criando ambientes que s\u00e3o ao mesmo tempo modernos e acolhedores. Com a ado\u00e7\u00e3o de eletrodom\u00e9sticos embutidos, cores vibrantes e espa\u00e7os para receber, as cozinhas se tornam verdadeiros ref\u00fagios de conviv\u00eancia e prazer. Portanto, \u00e9 hora de se inspirar e preparar o espa\u00e7o mais querido da casa para as novidades que est\u00e3o por vir!<\/p>\n","protected":false},"excerpt":{"rendered":"<p>As cozinhas est\u00e3o se transformando em verdadeiros ref\u00fagios de estilo e funcionalidade, e as tend\u00eancias para 2025 prometem trazer inova\u00e7\u00f5es que v\u00e3o deixar qualquer ambiente mais moderno e acolhedor. A arquiteta Mariana Cabral, do canal Dicas Decor, compartilha as principais apostas para a decora\u00e7\u00e3o desse espa\u00e7o t\u00e3o especial. Destaques principais Eletrodom\u00e9sticos embutidos: A tend\u00eancia \u00e9 [&hellip;]<\/p>\n","protected":false},"author":102,"featured_media":144972,"comment_status":"open","ping_status":"","sticky":false,"template":"","format":"standard","meta":{"footnotes":""},"categories":[249,19127],"tags":[],"class_list":["post-144973","post","type-post","status-publish","format-standard","has-post-thumbnail","category-engenharia-e-construcao-civil","category-reforma-e-manutencao"],"_wp_attached_file":null,"_wp_attachment_metadata":null,"_wp_attachment_context":null,"_wp_attachment_is_custom_header":null,"geo_longitude":null,"geo_public":null,"geo_latitude":null,"_publicize_done_external":null,"_wpas_done_3897181":null,"publicize_twitter_user":null,"_wpas_done_3897175":null,"_wpas_skip_3897181":null,"_wpas_skip_3897175":null,"_wpas_skip_3924723":null,"_wpas_mess":null,"_wpas_done_3924723":null,"wps_subtitle":"","_links":{"self":[{"href":"https:\/\/www.aarquiteta.com.br\/blog\/wp-json\/wp\/v2\/posts\/144973","targetHints":{"allow":["GET"]}}],"collection":[{"href":"https:\/\/www.aarquiteta.com.br\/blog\/wp-json\/wp\/v2\/posts"}],"about":[{"href":"https:\/\/www.aarquiteta.com.br\/blog\/wp-json\/wp\/v2\/types\/post"}],"author":[{"embeddable":true,"href":"https:\/\/www.aarquiteta.com.br\/blog\/wp-json\/wp\/v2\/users\/102"}],"replies":[{"embeddable":true,"href":"https:\/\/www.aarquiteta.com.br\/blog\/wp-json\/wp\/v2\/comments?post=144973"}],"version-history":[{"count":0,"href":"https:\/\/www.aarquiteta.com.br\/blog\/wp-json\/wp\/v2\/posts\/144973\/revisions"}],"wp:featuredmedia":[{"embeddable":true,"href":"https:\/\/www.aarquiteta.com.br\/blog\/wp-json\/wp\/v2\/media\/144972"}],"wp:attachment":[{"href":"https:\/\/www.aarquiteta.com.br\/blog\/wp-json\/wp\/v2\/media?parent=144973"}],"wp:term":[{"taxonomy":"category","embeddable":true,"href":"https:\/\/www.aarquiteta.com.br\/blog\/wp-json\/wp\/v2\/categories?post=144973"},{"taxonomy":"post_tag","embeddable":true,"href":"https:\/\/www.aarquiteta.com.br\/blog\/wp-json\/wp\/v2\/tags?post=144973"}],"curies":[{"name":"wp","href":"https:\/\/api.w.org\/{rel}","templated":true}]}}