{"id":144969,"date":"2025-02-21T19:03:32","date_gmt":"2025-02-21T22:03:32","guid":{"rendered":"https:\/\/www.aarquiteta.com.br\/blog\/sofa-rustico-3\/"},"modified":"2025-02-21T19:03:32","modified_gmt":"2025-02-21T22:03:32","slug":"sofa-rustico-3","status":"publish","type":"post","link":"https:\/\/www.aarquiteta.com.br\/blog\/sofa-rustico-3\/","title":{"rendered":"Transforme Seu Ambiente com Sof\u00e1s R\u00fasticos: 60 Modelos que Trazem o Charme do Campo para Sua Casa!"},"content":{"rendered":"<p>Voc\u00ea j\u00e1 parou pra pensar como um <b>sof\u00e1 r\u00fastico<\/b> pode dar uma cara nova \u00e0 sua casa? Esses m\u00f3veis trazem a ess\u00eancia do campo e, ao mesmo tempo, s\u00e3o vers\u00e1teis o suficiente para se encaixar em diversos estilos de decora\u00e7\u00e3o. Vamos explorar juntos 60 modelos que podem transformar seu ambiente!<\/p>\n<h3>Um Toque Campestre na Sua Casa<\/h3>\n<figure style=\"width: 1024px\" class=\"wp-caption aligncenter\"><img decoding=\"async\" src=\"https:\/\/tuacasa.uol.com.br\/wp-content\/uploads\/2020\/10\/sofa-rustico-62-730x512.jpg\" alt=\"Modelo de sof\u00e1 r\u00fastico\" title=\"\"><figcaption class=\"wp-caption-text\">Modelo de sof\u00e1 r\u00fastico<\/figcaption><\/figure>\n<p>Comecemos pelo que realmente importa: o sof\u00e1 r\u00fastico \u00e9 mais do que um m\u00f3vel, ele \u00e9 uma <b>express\u00e3o de estilo<\/b>! Assim como um abra\u00e7o apertado, ele traz uma sensa\u00e7\u00e3o de acolhimento para qualquer espa\u00e7o. A beleza desse sof\u00e1 reside em sua capacidade de <b>carregar a simplicidade do campo<\/b>, fazendo a casa parecer mais viva e calorosa.<\/p>\n<p>Al\u00e9m disso, o sof\u00e1 r\u00fastico se destaca porque pode ser feito de diferentes materiais, como <b>madeira, vime ou couro<\/b>. Isso significa que op\u00e7\u00f5es n\u00e3o faltam para voc\u00ea escolher o que mais combina com a sua casa e o seu gosto.<\/p>\n<h3>Materiais que Fazem a Diferen\u00e7a<\/h3>\n<figure style=\"width: 1024px\" class=\"wp-caption aligncenter\"><img decoding=\"async\" src=\"https:\/\/www.aarquiteta.com.br\/blog\/wp-content\/uploads\/2025\/02\/sofa-rustico01.jpg\" alt=\"Sof\u00e1s r\u00fasticos: 60 modelos para dar um ar campestre ao seu ambiente\" width=\"1024\" height=\"1024\" title=\"\"><figcaption class=\"wp-caption-text\">Sof\u00e1s r\u00fasticos: 60 modelos para dar um ar campestre ao seu ambiente<\/figcaption><\/figure>\n<p>Aqui, a resist\u00eancia \u00e9 a palavra de ordem! Um sof\u00e1 r\u00fastico \u00e9 geralmente feito de <b>materiais dur\u00e1veis<\/b>, o que n\u00e3o s\u00f3 proporciona longevidade, mas tamb\u00e9m\u2728 enriquece o ambiente. O uso de madeira de demoli\u00e7\u00e3o \u00e9 um grande exemplo: al\u00e9m de ser nobre, ela traz um ar vintage que est\u00e1 super em alta.<\/p>\n<p>Outra ideia bem legal \u00e9 optar por sof\u00e1s de <b>pallets<\/b>. Voc\u00ea sabia que eles s\u00e3o simples de fazer e podem ser encontrados em diferentes tamanhos e acabamentos? Eles criam um ambiente despojado que \u00e9 super charmoso! <\/p>\n<h3>Funcionalidade e Estilo na Medida Certa<\/h3>\n<figure style=\"width: 1024px\" class=\"wp-caption aligncenter\"><img decoding=\"async\" src=\"https:\/\/www.aarquiteta.com.br\/blog\/wp-content\/uploads\/2025\/02\/sofa-rustico-0.jpg\" alt=\"Modelo de sof\u00e1 r\u00fastico\" title=\"\"><figcaption class=\"wp-caption-text\">Modelo de sof\u00e1 r\u00fastico<\/figcaption><\/figure>\n<p>Agora, imagina um sof\u00e1 r\u00fastico que, al\u00e9m de bonito, tamb\u00e9m \u00e9 <b>multifuncional<\/b>? Isso mesmo! Muitas vezes esses sof\u00e1s podem servir como banco, armazenamento ou at\u00e9 espa\u00e7o para exibir suas plantas favoritas. Ah, e n\u00e3o vamos esquecer do conforto! Com almofadas bonitinhas, voc\u00ea tem um lugar perfeito para relaxar ap\u00f3s o dia cansativo.<\/p>\n<p>Ademais, os sof\u00e1s r\u00fasticos se destacam em ambientes onde o r\u00fastico n\u00e3o \u00e9 o principal. Eles podem ser usados em salas mais modernas, criando um <b>contraste elegante<\/b> que atrai olhares e coment\u00e1rios!<\/p>\n<h3>Decora\u00e7\u00f5es que Combinam<\/h3>\n<figure style=\"width: 1024px\" class=\"wp-caption aligncenter\"><img decoding=\"async\" src=\"https:\/\/www.aarquiteta.com.br\/blog\/wp-content\/uploads\/2025\/02\/sofa-rustico02.jpg\" alt=\"Sof\u00e1s r\u00fasticos: 60 modelos para dar um ar campestre ao seu ambiente\" width=\"1024\" height=\"1024\" title=\"\"><figcaption class=\"wp-caption-text\">Sof\u00e1s r\u00fasticos: 60 modelos para dar um ar campestre ao seu ambiente<\/figcaption><\/figure>\n<p>Uma das minhas combina\u00e7\u00f5es preferidas \u00e9  <b>fazer o sof\u00e1 r\u00fastico se destacar<\/b> em um espa\u00e7o mais contempor\u00e2neo. Isso traz um visual impactante e autentico, como se a sua casa tivesse personalidade! Combine com mesas r\u00fasticas, enfeites naturais e at\u00e9 almofadas coloridas. O c\u00e9u \u00e9 o limite!<\/p>\n<p>Ah, e as op\u00e7\u00f5es n\u00e3o param por a\u00ed: que tal se inspirar no estilo boho ou tropical? Sou f\u00e3 dessas misturas, pois elas trazem uma vibra\u00e7\u00e3o alegre e leve para casa.<\/p>\n<h3>Conclus\u00e3o: Sof\u00e1 R\u00fastico \u00e9 Amor \u00e0 Primeira Vista<\/h3>\n<figure style=\"width: 1024px\" class=\"wp-caption aligncenter\"><img decoding=\"async\" src=\"https:\/\/www.aarquiteta.com.br\/blog\/wp-content\/uploads\/2025\/02\/1_sofa-rustico-1-730x730.jpg\" alt=\"Modelo de sof\u00e1 r\u00fastico\" title=\"\"><figcaption class=\"wp-caption-text\">Modelo de sof\u00e1 r\u00fastico<\/figcaption><\/figure>\n<p>Resumo da \u00f3pera: o sof\u00e1 r\u00fastico n\u00e3o apenas embeleza sua casa, mas traz uma <b>sensa\u00e7\u00e3o de aconchego<\/b> e autenticidade. Se voc\u00ea quer misturar charme do campo com um toque moderno, essa \u00e9 a aposta certa.<\/p>\n<p>Ent\u00e3o, pronto para transformar seu ambiente? Olhe em volta e sinta a inspira\u00e7\u00e3o surgindo! E n\u00e3o esque\u00e7a: sempre que voc\u00ea tiver alguma d\u00favida ou ideia, deixa um coment\u00e1rio aqui embaixo! Vamos trocar figurinhas!<\/p>\n<h3>Perguntas Frequentes<\/h3>\n<figure style=\"width: 1024px\" class=\"wp-caption aligncenter\"><img decoding=\"async\" src=\"https:\/\/www.aarquiteta.com.br\/blog\/wp-content\/uploads\/2025\/02\/sofa-rustico03.jpg\" alt=\"Sof\u00e1s r\u00fasticos: 60 modelos para dar um ar campestre ao seu ambiente\" width=\"1024\" height=\"1024\" title=\"\"><figcaption class=\"wp-caption-text\">Sof\u00e1s r\u00fasticos: 60 modelos para dar um ar campestre ao seu ambiente<\/figcaption><\/figure>\n<ul>\n<li><b>Os sof\u00e1s r\u00fasticos s\u00e3o confort\u00e1veis?<\/b> Sim! Eles podem ser t\u00e3o confort\u00e1veis quanto sof\u00e1s modernos, especialmente com boas almofadas.<\/li>\n<li><b>Posso usar um sof\u00e1 r\u00fastico em um ambiente pequeno?<\/b> Claro! Existem v\u00e1rias op\u00e7\u00f5es compactas que se encaixam perfeitamente em espa\u00e7os pequenos.<\/li>\n<li><b>Qual material \u00e9 o melhor para um sof\u00e1 r\u00fastico?<\/b> Depende do estilo, mas a madeira e o vime s\u00e3o \u00f3timas escolhas!<\/li>\n<\/ul>\n<figure style=\"width: 1024px\" class=\"wp-caption aligncenter\"><img decoding=\"async\" src=\"https:\/\/www.aarquiteta.com.br\/blog\/wp-content\/uploads\/2025\/02\/1_sofa-rustico-2-730x730.jpg\" alt=\"Modelo de sof\u00e1 r\u00fastico\" title=\"\"><figcaption class=\"wp-caption-text\">Modelo de sof\u00e1 r\u00fastico<\/figcaption><\/figure>\n<figure style=\"width: 1024px\" class=\"wp-caption aligncenter\"><img decoding=\"async\" src=\"https:\/\/www.aarquiteta.com.br\/blog\/wp-content\/uploads\/2025\/02\/sofa-rustico4.jpg\" alt=\"Sof\u00e1s r\u00fasticos: 60 modelos para dar um ar campestre ao seu ambiente\" width=\"1024\" height=\"1024\" title=\"\"><figcaption class=\"wp-caption-text\">Sof\u00e1s r\u00fasticos: 60 modelos para dar um ar campestre ao seu ambiente<\/figcaption><\/figure>\n<figure style=\"width: 1024px\" class=\"wp-caption aligncenter\"><img decoding=\"async\" src=\"https:\/\/www.aarquiteta.com.br\/blog\/wp-content\/uploads\/2025\/02\/1_sofa-rustico-3-730x730.jpg\" alt=\"Modelo de sof\u00e1 r\u00fastico\" title=\"\"><figcaption class=\"wp-caption-text\">Modelo de sof\u00e1 r\u00fastico<\/figcaption><\/figure>\n<h3>Para se aprofundar mais sobre o tema, veja a minha recomenda\u00e7\u00e3o sobre o tema deste artigo no v\u00eddeo a seguir abaixo:<\/h3>\n<p><iframe title=\"YouTube video player\" src=\"https:\/\/www.youtube.com\/embed\/3WKQeU2cKLY\" width=\"560\" height=\"315\" frameborder=\"0\" allowfullscreen=\"allowfullscreen\"><\/iframe><\/p>\n<figure style=\"width: 1024px\" class=\"wp-caption aligncenter\"><img decoding=\"async\" src=\"https:\/\/www.aarquiteta.com.br\/blog\/wp-content\/uploads\/2025\/02\/sofa-rustico-4-730x572.jpg\" alt=\"Modelo de sof\u00e1 r\u00fastico\" title=\"\"><figcaption class=\"wp-caption-text\">Modelo de sof\u00e1 r\u00fastico<\/figcaption><\/figure>\n","protected":false},"excerpt":{"rendered":"<p>Descubra 60 modelos de sof\u00e1 r\u00fastico que trazem charme e aconchego para a sua casa.<\/p>\n","protected":false},"author":102,"featured_media":144965,"comment_status":"open","ping_status":"","sticky":false,"template":"","format":"standard","meta":{"footnotes":""},"categories":[1484],"tags":[],"class_list":["post-144969","post","type-post","status-publish","format-standard","has-post-thumbnail","category-decoracao"],"_wp_attached_file":null,"_wp_attachment_metadata":null,"_wp_attachment_context":null,"_wp_attachment_is_custom_header":null,"geo_longitude":null,"geo_public":null,"geo_latitude":null,"_publicize_done_external":null,"_wpas_done_3897181":null,"publicize_twitter_user":null,"_wpas_done_3897175":null,"_wpas_skip_3897181":null,"_wpas_skip_3897175":null,"_wpas_skip_3924723":null,"_wpas_mess":null,"_wpas_done_3924723":null,"wps_subtitle":"","_links":{"self":[{"href":"https:\/\/www.aarquiteta.com.br\/blog\/wp-json\/wp\/v2\/posts\/144969","targetHints":{"allow":["GET"]}}],"collection":[{"href":"https:\/\/www.aarquiteta.com.br\/blog\/wp-json\/wp\/v2\/posts"}],"about":[{"href":"https:\/\/www.aarquiteta.com.br\/blog\/wp-json\/wp\/v2\/types\/post"}],"author":[{"embeddable":true,"href":"https:\/\/www.aarquiteta.com.br\/blog\/wp-json\/wp\/v2\/users\/102"}],"replies":[{"embeddable":true,"href":"https:\/\/www.aarquiteta.com.br\/blog\/wp-json\/wp\/v2\/comments?post=144969"}],"version-history":[{"count":0,"href":"https:\/\/www.aarquiteta.com.br\/blog\/wp-json\/wp\/v2\/posts\/144969\/revisions"}],"wp:featuredmedia":[{"embeddable":true,"href":"https:\/\/www.aarquiteta.com.br\/blog\/wp-json\/wp\/v2\/media\/144965"}],"wp:attachment":[{"href":"https:\/\/www.aarquiteta.com.br\/blog\/wp-json\/wp\/v2\/media?parent=144969"}],"wp:term":[{"taxonomy":"category","embeddable":true,"href":"https:\/\/www.aarquiteta.com.br\/blog\/wp-json\/wp\/v2\/categories?post=144969"},{"taxonomy":"post_tag","embeddable":true,"href":"https:\/\/www.aarquiteta.com.br\/blog\/wp-json\/wp\/v2\/tags?post=144969"}],"curies":[{"name":"wp","href":"https:\/\/api.w.org\/{rel}","templated":true}]}}