{"id":144961,"date":"2025-02-21T18:53:37","date_gmt":"2025-02-21T21:53:37","guid":{"rendered":"https:\/\/www.aarquiteta.com.br\/blog\/ideias-varanda-gourmet-pequena\/"},"modified":"2025-02-21T18:53:37","modified_gmt":"2025-02-21T21:53:37","slug":"ideias-varanda-gourmet-pequena","status":"publish","type":"post","link":"https:\/\/www.aarquiteta.com.br\/blog\/ideias-varanda-gourmet-pequena\/","title":{"rendered":"Transforme seu Espa\u00e7o Pequeno: Dicas de Gourmet para Aproveitar Cada Metro!"},"content":{"rendered":"<p>Voc\u00ea sabia que \u00e9 poss\u00edvel transformar seu espa\u00e7o pequeno em um verdadeiro cantinho gourmet? Com algumas dicas simples e criativas, d\u00e1 pra aproveitar cada metro quadrado e ainda deixar o ambiente super acolhedor! Vamos juntos explorar algumas ideias que v\u00e3o inspirar sua decora\u00e7\u00e3o e funcionalidade!<\/p>\n<h3>Por que apostar em um espa\u00e7o gourmet?<\/h3>\n<img decoding=\"async\" src=\"\" alt=\"\" title=\"\">\n<p>Ter um <b>espa\u00e7o gourmet<\/b> hoje em dia \u00e9 quase como ter um peda\u00e7o de programa de TV na sua casa. Se voc\u00ea j\u00e1 pensou em reunir seus amigos para um churrasco ou um jantar \u00e0 luz de velas, sabe que esse espa\u00e7o pode ser o <b>cora\u00e7\u00e3o<\/b> da sua casa. Imagine a felicidade de fazer uma refei\u00e7\u00e3o rodeado de pessoas queridas, com aromas deliciosos no ar. Por que n\u00e3o dedicar um tempo para transformar a sua varanda ou cozinha em um local especial, que represente a sua ess\u00eancia?<\/p>\n<h3>Dicas para otimizar seu espa\u00e7o pequeno<\/h3>\n<figure style=\"width: 1024px\" class=\"wp-caption aligncenter\"><img decoding=\"async\" src=\"https:\/\/www.aarquiteta.com.br\/blog\/wp-content\/uploads\/2025\/02\/ideias-varanda-gourmet-pequena01.jpg\" alt=\"Varanda Gourmet Pequena: Dicas para Maximizar o Espa\u00e7o\" width=\"1024\" height=\"1024\" title=\"\"><figcaption class=\"wp-caption-text\">Varanda Gourmet Pequena: Dicas para Maximizar o Espa\u00e7o<\/figcaption><\/figure>\n<p>A primeira dica que eu daria \u00e9 a escolha de <b>m\u00f3veis multifuncionais<\/b>. Sabe aquelas mesas que se dobram ou cadeiras que podem empilhar? Uau! Elas s\u00e3o verdadeiros super-her\u00f3is quando o assunto \u00e9 aproveitar cada cent\u00edmetro. E n\u00e3o para por a\u00ed! Um <b>barzinho retr\u00e1til<\/b> na parede pode ser o detalhe que falta para sua varanda gourmet ficar genial!<\/p>\n<p><b>Ilumina\u00e7\u00e3o<\/b> \u00e9 outro item que n\u00e3o d\u00e1 pra esquecer! Um ambiente bem iluminado n\u00e3o s\u00f3 \u00e9 mais convidativo, como tamb\u00e9m aparece na foto do Instagram como um profissional. Invista em luzes pendentes ou em fita de LED; sua varanda vai brilhar mais do que um filtro de rede social!<\/p>\n<h3>Decora\u00e7\u00e3o que encanta<\/h3>\n<figure style=\"width: 1024px\" class=\"wp-caption aligncenter\"><img decoding=\"async\" src=\"https:\/\/www.aarquiteta.com.br\/blog\/wp-content\/uploads\/2025\/02\/varanda-gourmet-equena-2.jpg\" alt=\"Imagem de uma varanda gourmet pequena, decorada de maneira acolhedora e funcional.\" title=\"\"><figcaption class=\"wp-caption-text\">Imagem de uma varanda gourmet pequena, decorada de maneira acolhedora e funcional.<\/figcaption><\/figure>\n<p>Agora, vamos falar de <b>decora\u00e7\u00e3o<\/b>. Um espa\u00e7o pequeno pede um toque especial de aconchego. Que tal usar <b>plantas?<\/b> Elas n\u00e3o s\u00f3 purificam o ar, mas tamb\u00e9m trazem vida e cor ao ambiente. Al\u00e9m disso, funcionam como a cereja do bolo na sua est\u00e9tica. E se voc\u00ea tiver prateleiras, aproveite-as para colocar ervas arom\u00e1ticas que v\u00e3o servir como tempero e decorativas na hora de cozinhar!<\/p>\n<p>Um truque \u00e9 instigar os sentidos! Um aroma gostoso de tempero, uma luz amarelada ao entardecer e, por que n\u00e3o, um som suave ao fundo? Voc\u00ea vai ver como isso transforma a experi\u00eancia de qualquer reuni\u00e3o.<\/p>\n<h3>Use as paredes como aliadas<\/h3>\n<figure style=\"width: 1024px\" class=\"wp-caption aligncenter\"><img decoding=\"async\" src=\"https:\/\/www.aarquiteta.com.br\/blog\/wp-content\/uploads\/2025\/02\/ideias-varanda-gourmet-pequena02.jpg\" alt=\"Varanda Gourmet Pequena: Dicas para Maximizar o Espa\u00e7o\" width=\"1024\" height=\"1024\" title=\"\"><figcaption class=\"wp-caption-text\">Varanda Gourmet Pequena: Dicas para Maximizar o Espa\u00e7o<\/figcaption><\/figure>\n<p>Se o seu espa\u00e7o \u00e9 pequeno, <b>aproveite as paredes<\/b> para decor\u00e1-las. Prateleiras finas podem ser o seu melhor amigo! Al\u00e9m de otimizar espa\u00e7o, elas servem para colocar livros de receitas, utens\u00edlios e at\u00e9 uma garrafa de vinho para aquela ocasi\u00e3o especial. Voc\u00ea vai perceber que n\u00e3o \u00e9 s\u00f3 um jeito de organizar, mas tamb\u00e9m de <b>decorar com estilo<\/b>.<\/p>\n<p>Pode parecer bobo, mas um espelho na parede ajuda a criar a falsa impress\u00e3o de que o espa\u00e7o \u00e9 maior. Aposte no espelho certo e o resultado pode ser surpreendente. \u00c9 como se eu tivesse um amigo secreto que s\u00f3 aparece quando eu quero impressionar!<\/p>\n<h3>Perguntas Frequentes<\/h3>\n<figure style=\"width: 1024px\" class=\"wp-caption aligncenter\"><img decoding=\"async\" src=\"https:\/\/www.aarquiteta.com.br\/blog\/wp-content\/uploads\/2025\/02\/varanda-gourmet-equena-1.jpg\" alt=\"Imagem de uma mesa dobr\u00e1vel na varanda gourmet, ideal para economizar espa\u00e7o diurno.\" title=\"\"><figcaption class=\"wp-caption-text\">Imagem de uma mesa dobr\u00e1vel na varanda gourmet, ideal para economizar espa\u00e7o diurno.<\/figcaption><\/figure>\n<ul>\n<li><b>Como escolher a paleta de cores ideal?<\/b><br \/>Massssss&#8230; Em espa\u00e7os pequenos, tons claros e neutros trazem leveza, enquanto pequenos toques de cor podem fazer a diferen\u00e7a!<\/li>\n<li><b>Qual a melhor ilumina\u00e7\u00e3o para um espa\u00e7o gourmet?<\/b><br \/>Luzes quentes \u00e0 noite criam um clima agrad\u00e1vel. Teste diferentes intensidades!<\/li>\n<li><b>Posso colocar um grill em um espa\u00e7o pequeno?<\/b><br \/>Sim, escolha modelos compactos ou el\u00e9tricos, que funcionam superbem e n\u00e3o ocupam muito espa\u00e7o!<\/li>\n<\/ul>\n<p>Ent\u00e3o, pronto para transformar seu espa\u00e7o? Com essas dicas de <b>gourmet<\/b>, acredito que mesmo o menor dos espa\u00e7os pode ganhar vida e se tornar um local maravilhoso. Diga adeus ao espa\u00e7o em desuso e comece a aproveitar cada metro quadrado! Se voc\u00ea ainda tem d\u00favida ou precisa de mais dicas, pode deixar seu coment\u00e1rio abaixo que vou adorar responder. Muito carinho, muito amor e&#8230; Vamos juntos transformar o seu lar em um lar gourmet!<\/p>\n<figure style=\"width: 1024px\" class=\"wp-caption aligncenter\"><img decoding=\"async\" src=\"https:\/\/www.aarquiteta.com.br\/blog\/wp-content\/uploads\/2025\/02\/ideias-varanda-gourmet-pequena03.jpg\" alt=\"Varanda Gourmet Pequena: Dicas para Maximizar o Espa\u00e7o\" width=\"1024\" height=\"1024\" title=\"\"><figcaption class=\"wp-caption-text\">Varanda Gourmet Pequena: Dicas para Maximizar o Espa\u00e7o<\/figcaption><\/figure>\n<figure style=\"width: 1024px\" class=\"wp-caption aligncenter\"><img decoding=\"async\" src=\"https:\/\/www.aarquiteta.com.br\/blog\/wp-content\/uploads\/2025\/02\/varanda-gourmet-equena-5.jpg\" alt=\"Imagem de uma varanda bem iluminada, mostrando plantas e uma atmosfera relaxante.\" title=\"\"><figcaption class=\"wp-caption-text\">Imagem de uma varanda bem iluminada, mostrando plantas e uma atmosfera relaxante.<\/figcaption><\/figure>\n<figure style=\"width: 1024px\" class=\"wp-caption aligncenter\"><img decoding=\"async\" src=\"https:\/\/www.aarquiteta.com.br\/blog\/wp-content\/uploads\/2025\/02\/ideias-varanda-gourmet-pequena4.jpg\" alt=\"Varanda Gourmet Pequena: Dicas para Maximizar o Espa\u00e7o\" width=\"1024\" height=\"1024\" title=\"\"><figcaption class=\"wp-caption-text\">Varanda Gourmet Pequena: Dicas para Maximizar o Espa\u00e7o<\/figcaption><\/figure>\n<figure style=\"width: 1024px\" class=\"wp-caption aligncenter\"><img decoding=\"async\" src=\"https:\/\/www.aarquiteta.com.br\/blog\/wp-content\/uploads\/2025\/02\/varanda-gourmet-equena-3.jpg\" alt=\"Imagem de uma varanda gourmet com decora\u00e7\u00e3o vertical, incluindo prateleiras e utens\u00edlios de cozinha.\" title=\"\"><figcaption class=\"wp-caption-text\">Imagem de uma varanda gourmet com decora\u00e7\u00e3o vertical, incluindo prateleiras e utens\u00edlios de cozinha.<\/figcaption><\/figure>\n<h3>Para se aprofundar mais sobre o tema, veja a minha recomenda\u00e7\u00e3o sobre o tema deste artigo no v\u00eddeo a seguir abaixo:<\/h3>\n<p><iframe title=\"YouTube video player\" src=\"https:\/\/www.youtube.com\/embed\/iYO6k17WVco\" width=\"560\" height=\"315\" frameborder=\"0\" allowfullscreen=\"allowfullscreen\"><\/iframe><\/p>\n<figure style=\"width: 1024px\" class=\"wp-caption aligncenter\"><img decoding=\"async\" src=\"https:\/\/www.aarquiteta.com.br\/blog\/wp-content\/uploads\/2025\/02\/PARTICIPE-DO-NOSSO-GRUPO-VIP.jpg\" alt=\"Imagem do convite para participar do grupo VIP, relacionado \u00e0 decora\u00e7\u00e3o. \" title=\"\"><figcaption class=\"wp-caption-text\">Imagem do convite para participar do grupo VIP, relacionado \u00e0 decora\u00e7\u00e3o.<\/figcaption><\/figure>\n","protected":false},"excerpt":{"rendered":"<p>Transforme sua varanda gourmet pequena em um espa\u00e7o funcional e acolhedor com dicas de decora\u00e7\u00e3o pr\u00e1ticas e criativas.<\/p>\n","protected":false},"author":102,"featured_media":144955,"comment_status":"open","ping_status":"","sticky":false,"template":"","format":"standard","meta":{"footnotes":""},"categories":[1484],"tags":[],"class_list":["post-144961","post","type-post","status-publish","format-standard","has-post-thumbnail","category-decoracao"],"_wp_attached_file":null,"_wp_attachment_metadata":null,"_wp_attachment_context":null,"_wp_attachment_is_custom_header":null,"geo_longitude":null,"geo_public":null,"geo_latitude":null,"_publicize_done_external":null,"_wpas_done_3897181":null,"publicize_twitter_user":null,"_wpas_done_3897175":null,"_wpas_skip_3897181":null,"_wpas_skip_3897175":null,"_wpas_skip_3924723":null,"_wpas_mess":null,"_wpas_done_3924723":null,"wps_subtitle":"","_links":{"self":[{"href":"https:\/\/www.aarquiteta.com.br\/blog\/wp-json\/wp\/v2\/posts\/144961","targetHints":{"allow":["GET"]}}],"collection":[{"href":"https:\/\/www.aarquiteta.com.br\/blog\/wp-json\/wp\/v2\/posts"}],"about":[{"href":"https:\/\/www.aarquiteta.com.br\/blog\/wp-json\/wp\/v2\/types\/post"}],"author":[{"embeddable":true,"href":"https:\/\/www.aarquiteta.com.br\/blog\/wp-json\/wp\/v2\/users\/102"}],"replies":[{"embeddable":true,"href":"https:\/\/www.aarquiteta.com.br\/blog\/wp-json\/wp\/v2\/comments?post=144961"}],"version-history":[{"count":0,"href":"https:\/\/www.aarquiteta.com.br\/blog\/wp-json\/wp\/v2\/posts\/144961\/revisions"}],"wp:featuredmedia":[{"embeddable":true,"href":"https:\/\/www.aarquiteta.com.br\/blog\/wp-json\/wp\/v2\/media\/144955"}],"wp:attachment":[{"href":"https:\/\/www.aarquiteta.com.br\/blog\/wp-json\/wp\/v2\/media?parent=144961"}],"wp:term":[{"taxonomy":"category","embeddable":true,"href":"https:\/\/www.aarquiteta.com.br\/blog\/wp-json\/wp\/v2\/categories?post=144961"},{"taxonomy":"post_tag","embeddable":true,"href":"https:\/\/www.aarquiteta.com.br\/blog\/wp-json\/wp\/v2\/tags?post=144961"}],"curies":[{"name":"wp","href":"https:\/\/api.w.org\/{rel}","templated":true}]}}