{"id":144939,"date":"2025-02-21T13:58:12","date_gmt":"2025-02-21T16:58:12","guid":{"rendered":"https:\/\/www.aarquiteta.com.br\/blog\/como-escolher-a-paleta-de-cores-ideal-para-sua-sala\/"},"modified":"2025-02-21T13:58:12","modified_gmt":"2025-02-21T16:58:12","slug":"como-escolher-a-paleta-de-cores-ideal-para-sua-sala","status":"publish","type":"post","link":"https:\/\/www.aarquiteta.com.br\/blog\/como-escolher-a-paleta-de-cores-ideal-para-sua-sala\/","title":{"rendered":"Como escolher a paleta de cores ideal para sua sala."},"content":{"rendered":"<p>Voc\u00ea j\u00e1 parou pra pensar como a <b>cor certa<\/b> pode transformar a atmosfera da sua sala? Escolher a paleta ideal pode parecer um desafio, mas eu t\u00f4 aqui pra te guiar nessa jornada colorida e cheia de estilo. Vem comigo que eu vou mostrar como transformar seu espa\u00e7o em um verdadeiro cart\u00e3o postal do aconchego e da personalidade!<\/p>\n<h3>O Impacto das Cores no Ambiente<\/h3>\n<figure style=\"width: 1024px\" class=\"wp-caption aligncenter\"><img decoding=\"async\" src=\"https:\/\/www.aarquiteta.com.br\/blog\/wp-content\/uploads\/2025\/02\/como-escolher-a-paleta-de-cores-ideal-para-sua-sala04.jpg\" alt=\"Como escolher a paleta de cores ideal para sua sala.\" width=\"1024\" height=\"1024\" title=\"\"><figcaption class=\"wp-caption-text\">Como escolher a paleta de cores ideal para sua sala.<\/figcaption><\/figure>\n<p>Quando falamos sobre <b>cores<\/b>, n\u00e3o estamos apenas brincando com tintas e pinc\u00e9is; estamos criando emo\u00e7\u00f5es! J\u00e1 reparou como um azul suave traz calma e tranquilidade, enquanto um vermelho vibrante pode deixar o ambiente mais animado? Essa \u00e9 a magia das <b>cores<\/b>, elas t\u00eam o poder de nos fazer sentir diferentes. E sim, escolher a cor certa pode at\u00e9 fazer sua sala parecer maior ou mais aconchegante!<\/p>\n<p>Por exemplo, eu conheci uma mo\u00e7a chamada Tatiane. Ela tinha uma sala super pequena e queria uma vibe relaxante. Optou por um verde claro e puff! Seu espa\u00e7o agora reflete frescor e tranquilidade, e ainda parece maior. E voc\u00ea, o que gostaria que sua sala transmitisse?<\/p>\n<h3>Dicas Pr\u00e1ticas para Escolher sua Paleta<\/h3>\n<figure style=\"width: 1024px\" class=\"wp-caption aligncenter\"><img decoding=\"async\" src=\"https:\/\/www.aarquiteta.com.br\/blog\/wp-content\/uploads\/2025\/02\/como-escolher-a-paleta-de-cores-ideal-para-sua-sala03.jpg\" alt=\"Como escolher a paleta de cores ideal para sua sala.\" width=\"1024\" height=\"1024\" title=\"\"><figcaption class=\"wp-caption-text\">Como escolher a paleta de cores ideal para sua sala.<\/figcaption><\/figure>\n<p>Vamos l\u00e1, eu trago algumas <b>dicas pr\u00e1ticas<\/b> que podem te ajudar a acertar na escolha das cores. Primeira coisa: pense no estilo que voc\u00ea quer transmitir. Se sua vibe \u00e9 mais moderna, que tal optar por um toque de cinza ou azul escuro? J\u00e1 se voc\u00ea curte um clima mais r\u00fastico, os tons terrosos s\u00e3o uma \u00f3tima pedida!<\/p>\n<ul>\n<li><b>Escolha uma cor base<\/b>: Essa ser\u00e1 a \u00e2ncora das demais cores.<\/li>\n<li><b>Adicione uma cor secund\u00e1ria<\/b>: Para dar um contraste bacana!<\/li>\n<li><b>Finalize com uma cor de destaque<\/b>: Seja um quadro vibrante ou uma almofada cheia de vida.<\/li>\n<\/ul>\n<h3>A Import\u00e2ncia da Ilumina\u00e7\u00e3o<\/h3>\n<figure style=\"width: 1024px\" class=\"wp-caption aligncenter\"><img decoding=\"async\" src=\"https:\/\/www.aarquiteta.com.br\/blog\/wp-content\/uploads\/2025\/02\/como-escolher-a-paleta-de-cores-ideal-para-sua-sala02.jpg\" alt=\"Como escolher a paleta de cores ideal para sua sala.\" width=\"1024\" height=\"1024\" title=\"\"><figcaption class=\"wp-caption-text\">Como escolher a paleta de cores ideal para sua sala.<\/figcaption><\/figure>\n<p>Voc\u00ea sabia que a <b>ilumina\u00e7\u00e3o<\/b> pode alterar totalmente a percep\u00e7\u00e3o das cores? Com luz natural, sua sala pode parecer de um jeito, mas com luz artificial, completamente diferente. Experimente observar sua paleta de cores em diferentes ilumina\u00e7\u00f5es. Isso pode fazer toda a diferen\u00e7a no resultado final!<\/p>\n<p>Aposte em <b>lumin\u00e1rias<\/b> que ajudam a real\u00e7ar suas escolhas de cor, e n\u00e3o se esque\u00e7a das cortinas! Um tecido leve pode fazer com que a luz entre de forma mais suave, mudando a sensa\u00e7\u00e3o do ambiente.<\/p>\n<h3>N\u00e3o Tenha Medo de Errar<\/h3>\n<figure style=\"width: 1024px\" class=\"wp-caption aligncenter\"><img decoding=\"async\" src=\"https:\/\/www.aarquiteta.com.br\/blog\/wp-content\/uploads\/2025\/02\/como-escolher-a-paleta-de-cores-ideal-para-sua-sala01.jpg\" alt=\"Como escolher a paleta de cores ideal para sua sala.\" width=\"1024\" height=\"1024\" title=\"\"><figcaption class=\"wp-caption-text\">Como escolher a paleta de cores ideal para sua sala.<\/figcaption><\/figure>\n<p>Por \u00faltimo, mas n\u00e3o menos importante, lembre-se: fazer escolhas de <b>decorar<\/b> \u00e9 um processo! Muitas pessoas se sentem inseguras e acham que v\u00e3o errar. Olha, todo mundo j\u00e1 passou por isso, incluindo eu! O truque \u00e9: comece aos poucos e n\u00e3o tenha medo de experimentar.<\/p>\n<p>Se voc\u00ea n\u00e3o gostou do resultado final, simplesmente mude! Afinal, pintar uma parede n\u00e3o \u00e9 como um compromisso para a vida toda, n\u00e9? <b>Divirta-se<\/b> com o processo!<\/p>\n<h3>Conclus\u00e3o e Resumo<\/h3>\n<p>Em suma, escolher a paleta de cores ideal para sua sala n\u00e3o precisa ser um bicho de sete cabe\u00e7as. Pense no que voc\u00ea quer transmitir, use suas cores base e secund\u00e1rias, e nunca subestime o poder da ilumina\u00e7\u00e3o. Lembre-se: <b>retroceder n\u00e3o \u00e9 um erro<\/b>, e sim parte da aventura!<\/p>\n<h3>Perguntas Frequentes<\/h3>\n<h3>Assista agora a minha recomenda\u00e7\u00e3o de video abaixo sobre o tema que estamos tratando neste artigo: <\/h3>\n<p><div class=\"youtube-embed\" data-video_id=\"PW2q_ySt1js\"><iframe title=\"COMO ESCOLHER CORES - PALETA DE CORES NA DECORA\u00c7\u00c3O DA SUA CASA\" width=\"696\" height=\"392\" src=\"https:\/\/www.youtube.com\/embed\/PW2q_ySt1js?feature=oembed&#038;enablejsapi=1\" frameborder=\"0\" allow=\"accelerometer; autoplay; clipboard-write; encrypted-media; gyroscope; picture-in-picture; web-share\" referrerpolicy=\"strict-origin-when-cross-origin\" allowfullscreen><\/iframe><\/div>\n<\/p>\n<p><b>1. Posso usar muitas cores?<\/b><br \/>\nSim, mas a dica \u00e9 balancear. Se voc\u00ea abusar, a sala pode ficar confusa.<\/p>\n<p><b>2. Quais cores ampliam o espa\u00e7o?<\/b><br \/>\nTons claros, como brancos, beges e azuis claros, s\u00e3o \u00f3timos para isso!<\/p>\n<p>Ficou com mais d\u00favidas ou quer compartilhar sua experi\u00eancia? <b>Deixe um coment\u00e1rio!<\/b> Estou aqui pra te ajudar nessa miss\u00e3o colorida! \ud83c\udf08<\/p>\n","protected":false},"excerpt":{"rendered":"<p>Veja dicas pr\u00e1ticas para selecionar as cores perfeitas que transformar\u00e3o sua sala em um ambiente harmonioso e cheio de personalidade.<\/p>\n","protected":false},"author":102,"featured_media":144936,"comment_status":"open","ping_status":"","sticky":false,"template":"","format":"standard","meta":{"footnotes":""},"categories":[1484,971,18792,18794],"tags":[],"class_list":["post-144939","post","type-post","status-publish","format-standard","has-post-thumbnail","category-decoracao","category-design-de-interiores","category-decoracao-de-apartamento","category-projetos-de-decoracao-de-casas"],"_wp_attached_file":null,"_wp_attachment_metadata":null,"_wp_attachment_context":null,"_wp_attachment_is_custom_header":null,"geo_longitude":null,"geo_public":null,"geo_latitude":null,"_publicize_done_external":null,"_wpas_done_3897181":null,"publicize_twitter_user":null,"_wpas_done_3897175":null,"_wpas_skip_3897181":null,"_wpas_skip_3897175":null,"_wpas_skip_3924723":null,"_wpas_mess":null,"_wpas_done_3924723":null,"wps_subtitle":"","_links":{"self":[{"href":"https:\/\/www.aarquiteta.com.br\/blog\/wp-json\/wp\/v2\/posts\/144939","targetHints":{"allow":["GET"]}}],"collection":[{"href":"https:\/\/www.aarquiteta.com.br\/blog\/wp-json\/wp\/v2\/posts"}],"about":[{"href":"https:\/\/www.aarquiteta.com.br\/blog\/wp-json\/wp\/v2\/types\/post"}],"author":[{"embeddable":true,"href":"https:\/\/www.aarquiteta.com.br\/blog\/wp-json\/wp\/v2\/users\/102"}],"replies":[{"embeddable":true,"href":"https:\/\/www.aarquiteta.com.br\/blog\/wp-json\/wp\/v2\/comments?post=144939"}],"version-history":[{"count":0,"href":"https:\/\/www.aarquiteta.com.br\/blog\/wp-json\/wp\/v2\/posts\/144939\/revisions"}],"wp:featuredmedia":[{"embeddable":true,"href":"https:\/\/www.aarquiteta.com.br\/blog\/wp-json\/wp\/v2\/media\/144936"}],"wp:attachment":[{"href":"https:\/\/www.aarquiteta.com.br\/blog\/wp-json\/wp\/v2\/media?parent=144939"}],"wp:term":[{"taxonomy":"category","embeddable":true,"href":"https:\/\/www.aarquiteta.com.br\/blog\/wp-json\/wp\/v2\/categories?post=144939"},{"taxonomy":"post_tag","embeddable":true,"href":"https:\/\/www.aarquiteta.com.br\/blog\/wp-json\/wp\/v2\/tags?post=144939"}],"curies":[{"name":"wp","href":"https:\/\/api.w.org\/{rel}","templated":true}]}}