{"id":144903,"date":"2025-02-21T06:53:32","date_gmt":"2025-02-21T09:53:32","guid":{"rendered":"https:\/\/www.aarquiteta.com.br\/blog\/plantas-que-suportam-vento\/"},"modified":"2025-02-21T06:53:32","modified_gmt":"2025-02-21T09:53:32","slug":"plantas-que-suportam-vento","status":"publish","type":"post","link":"https:\/\/www.aarquiteta.com.br\/blog\/plantas-que-suportam-vento\/","title":{"rendered":"Descubra as 9 plantas ideais para varandas em \u00e1reas ventosas"},"content":{"rendered":"<p>Se voc\u00ea mora em um lugar onde os ventos dessoram mais que um biscoito, j\u00e1 deve ter enfrentado a miss\u00e3o de manter plantas saud\u00e1veis na sua varanda. Mas calma! Neste artigo, vou apresentar <b>nove plantas ideais para \u00e1reas ventosas<\/b> que podem deixar seu espa\u00e7o mais bonito e ainda resistirem bravamente \u00e0s rajadas de vento.<\/p>\n<h3>Introdu\u00e7\u00e3o<\/h3>\n<figure style=\"width: 1024px\" class=\"wp-caption aligncenter\"><img decoding=\"async\" src=\"https:\/\/www.aarquiteta.com.br\/blog\/wp-content\/uploads\/2025\/02\/plantas-que-suportam-vento04.jpg\" alt=\"Descubra as 9 plantas ideais para varandas em \u00e1reas ventosas\" width=\"1024\" height=\"1024\" title=\"\"><figcaption class=\"wp-caption-text\">Descubra as 9 plantas ideais para varandas em \u00e1reas ventosas<\/figcaption><\/figure>\n<p>Ter uma varanda ou jardim bonito, mesmo em locais com muito vento, n\u00e3o \u00e9 uma miss\u00e3o imposs\u00edvel! Posso garantir que existem v\u00e1rias <b>plantas resistentes ao vento<\/b> que v\u00e3o embelezar e dar vida ao seu espa\u00e7o. Vamos juntos conhecer essas guerreiras da vegeta\u00e7\u00e3o?<\/p>\n<h3>1. Lavanda: a perfumada resistente<\/h3>\n<figure style=\"width: 1024px\" class=\"wp-caption aligncenter\"><img decoding=\"async\" src=\"https:\/\/www.aarquiteta.com.br\/blog\/wp-content\/uploads\/2025\/02\/plantas-que-suportam-vento03.jpg\" alt=\"Descubra as 9 plantas ideais para varandas em \u00e1reas ventosas\" width=\"1024\" height=\"1024\" title=\"\"><figcaption class=\"wp-caption-text\">Descubra as 9 plantas ideais para varandas em \u00e1reas ventosas<\/figcaption><\/figure>\n<p>A <b>lavanda<\/b> \u00e9 uma das minhas preferidas! Al\u00e9m de ter um cheirinho maravilhoso, ela \u00e9 resistente e se adapta bem a ventos fortes. E olha, o sol \u00e9 o melhor amigo dela! Coloque-a em um canto bem ensolarado e vai ter uma varanda cheirosa e colorida.<\/p>\n<h3>2. Flor-de-coral: vida e cor no seu espa\u00e7o<\/h3>\n<figure style=\"width: 1024px\" class=\"wp-caption aligncenter\"><img decoding=\"async\" src=\"https:\/\/www.aarquiteta.com.br\/blog\/wp-content\/uploads\/2025\/02\/plantas-que-suportam-vento02.jpg\" alt=\"Descubra as 9 plantas ideais para varandas em \u00e1reas ventosas\" width=\"1024\" height=\"1024\" title=\"\"><figcaption class=\"wp-caption-text\">Descubra as 9 plantas ideais para varandas em \u00e1reas ventosas<\/figcaption><\/figure>\n<p>Outra que n\u00e3o pode faltar \u00e9 a <b>flor-de-coral<\/b>. Essa plantinha d\u00e1 show quando o assunto \u00e9 resist\u00eancia e ainda atrai passarinhos! Perfeita para quem quer adicionar um pouco mais de vida ao ambiente.<\/p>\n<h3>3. Palmeiras: eleg\u00e2ncia flex\u00edvel<\/h3>\n<figure style=\"width: 1024px\" class=\"wp-caption aligncenter\"><img decoding=\"async\" src=\"https:\/\/www.aarquiteta.com.br\/blog\/wp-content\/uploads\/2025\/02\/plantas-que-suportam-vento01.jpg\" alt=\"Descubra as 9 plantas ideais para varandas em \u00e1reas ventosas\" width=\"1024\" height=\"1024\" title=\"\"><figcaption class=\"wp-caption-text\">Descubra as 9 plantas ideais para varandas em \u00e1reas ventosas<\/figcaption><\/figure>\n<p>As <b>palmeiras<\/b> s\u00e3o verdadeiras atraentes para quem busca um toque tropical. Seu trunfo? Elas se curvam com o vento e, adivinha? N\u00e3o quebram! Se tem um espa\u00e7o exposto, n\u00e3o pense duas vezes!<\/p>\n<h3>4. Bambu: a barreira natural<\/h3>\n<p>Entre as plantas que considero incr\u00edveis, o <b>bambu<\/b> \u00e9 um destaque. Ele cria barreiras naturais e d\u00e1 uma privacidade que a gente sempre ama. E ainda deixa o ambiente mais zen! Quer dizer, quem n\u00e3o quer um pouco de paz na varanda, n\u00e3o \u00e9 mesmo?<\/p>\n<h3>5. Ficus lyrata: o ex\u00f3tico na varanda<\/h3>\n<h3>Assista agora a minha recomenda\u00e7\u00e3o de video abaixo sobre o tema que estamos tratando neste artigo: <\/h3>\n<p><div class=\"youtube-embed\" data-video_id=\"eGhr1ieKn0E\"><iframe title=\"9 plantas para ambientes com muito vento\" width=\"696\" height=\"522\" src=\"https:\/\/www.youtube.com\/embed\/eGhr1ieKn0E?feature=oembed&#038;enablejsapi=1\" frameborder=\"0\" allow=\"accelerometer; autoplay; clipboard-write; encrypted-media; gyroscope; picture-in-picture; web-share\" referrerpolicy=\"strict-origin-when-cross-origin\" allowfullscreen><\/iframe><\/div>\n<\/p>\n<p>Se voc\u00ea busca algo mais estiloso, o <b>ficus lyrata<\/b> \u00e9 a escolha certa. As folhas grandes e ornamentais v\u00e3o deixar seu cantinho super elegante. Mas lembre-se: ele adora luz solar filtrada, ent\u00e3o nada de sol direto!<\/p>\n<h3>6. Cactos: sobreviventes do deserto<\/h3>\n<p>Se voc\u00ea \u00e9 do tipo que se esquece de regar (quem nunca?), os <b>cactos<\/b> v\u00e3o ser seus melhores amigos. Eles aguentam vento e ainda seguram a \u00e1gua como ningu\u00e9m! Ideal para aquelas semanas em que a gente esquece de cuidar.<\/p>\n<h3>7. Jiboia variegata: perfeita para \u00e1reas sombreadas<\/h3>\n<p>Agora, se seu espa\u00e7o n\u00e3o pega muito sol, a <b>jiboia variegata<\/b> \u00e9 uma boa pedida. Essa plantinha \u00e9 super f\u00e1cil de cuidar e pode ser suspensa. Se voc\u00ea ama verde, mas seus vasos s\u00e3o escassos, vale a pena investir nessa beleza!<\/p>\n<h3>8. Espada-de-s\u00e3o-jorge: prote\u00e7\u00e3o e resist\u00eancia<\/h3>\n<p>Outra que n\u00e3o caiu no esquecimento \u00e9 a <b>espada-de-s\u00e3o-jorge<\/b>. Al\u00e9m de ser resistente, ela ainda afasta as energias negativas. Ou seja, \u00e9 uma conquista tripla: beleza, resist\u00eancia e boas vibra\u00e7\u00f5es!<\/p>\n<h3>9. Ger\u00e2nios: floridas e resistentes<\/h3>\n<p>Pra finalizar, quem n\u00e3o ama um <b>ger\u00e2nio<\/b>? Essa flor, al\u00e9m de resistente, fica linda em qualquer lugar. Com um pouco de sol e regas controladas, a flora\u00e7\u00e3o \u00e9 garantida durante o ano todo!<\/p>\n<h3>Como proteger as plantas dos ventos<\/h3>\n<p>&#127793; Uma dica valiosa \u00e9 posicionar suas plantas em locais estrat\u00e9gicos, como perto de paredes ou em cantos protegidos. Isso ajuda a minimizar os efeitos do vento. Al\u00e9m disso, manuten\u00e7\u00f5es regulares fazem toda a diferen\u00e7a!<\/p>\n<h3>Conclus\u00e3o<\/h3>\n","protected":false},"excerpt":{"rendered":"<p>Descubra tudo sobre plantas que suportam vento. Dicas e cuidados essenciais para o cultivo e manuten\u00e7\u00e3o.<\/p>\n","protected":false},"author":102,"featured_media":144900,"comment_status":"open","ping_status":"","sticky":false,"template":"","format":"standard","meta":{"footnotes":""},"categories":[9612,18792,18794],"tags":[],"class_list":["post-144903","post","type-post","status-publish","format-standard","has-post-thumbnail","category-jardinagem","category-decoracao-de-apartamento","category-projetos-de-decoracao-de-casas"],"_wp_attached_file":null,"_wp_attachment_metadata":null,"_wp_attachment_context":null,"_wp_attachment_is_custom_header":null,"geo_longitude":null,"geo_public":null,"geo_latitude":null,"_publicize_done_external":null,"_wpas_done_3897181":null,"publicize_twitter_user":null,"_wpas_done_3897175":null,"_wpas_skip_3897181":null,"_wpas_skip_3897175":null,"_wpas_skip_3924723":null,"_wpas_mess":null,"_wpas_done_3924723":null,"wps_subtitle":"","_links":{"self":[{"href":"https:\/\/www.aarquiteta.com.br\/blog\/wp-json\/wp\/v2\/posts\/144903","targetHints":{"allow":["GET"]}}],"collection":[{"href":"https:\/\/www.aarquiteta.com.br\/blog\/wp-json\/wp\/v2\/posts"}],"about":[{"href":"https:\/\/www.aarquiteta.com.br\/blog\/wp-json\/wp\/v2\/types\/post"}],"author":[{"embeddable":true,"href":"https:\/\/www.aarquiteta.com.br\/blog\/wp-json\/wp\/v2\/users\/102"}],"replies":[{"embeddable":true,"href":"https:\/\/www.aarquiteta.com.br\/blog\/wp-json\/wp\/v2\/comments?post=144903"}],"version-history":[{"count":0,"href":"https:\/\/www.aarquiteta.com.br\/blog\/wp-json\/wp\/v2\/posts\/144903\/revisions"}],"wp:featuredmedia":[{"embeddable":true,"href":"https:\/\/www.aarquiteta.com.br\/blog\/wp-json\/wp\/v2\/media\/144900"}],"wp:attachment":[{"href":"https:\/\/www.aarquiteta.com.br\/blog\/wp-json\/wp\/v2\/media?parent=144903"}],"wp:term":[{"taxonomy":"category","embeddable":true,"href":"https:\/\/www.aarquiteta.com.br\/blog\/wp-json\/wp\/v2\/categories?post=144903"},{"taxonomy":"post_tag","embeddable":true,"href":"https:\/\/www.aarquiteta.com.br\/blog\/wp-json\/wp\/v2\/tags?post=144903"}],"curies":[{"name":"wp","href":"https:\/\/api.w.org\/{rel}","templated":true}]}}