{"id":144724,"date":"2025-02-19T19:05:14","date_gmt":"2025-02-19T22:05:14","guid":{"rendered":"https:\/\/www.aarquiteta.com.br\/blog\/casa-de-fazenda-2\/"},"modified":"2025-02-19T19:05:14","modified_gmt":"2025-02-19T22:05:14","slug":"casa-de-fazenda-2","status":"publish","type":"post","link":"https:\/\/www.aarquiteta.com.br\/blog\/casa-de-fazenda-2\/","title":{"rendered":"Transforme seu Ref\u00fagio: 10 Projetos de Casa de Fazenda que Ir\u00e3o Encantar Voc\u00ea!"},"content":{"rendered":"<p>Voc\u00ea j\u00e1 sonhou em ter um cantinho no campo, onde a simplicidade e o aconchego reinam absolutos? Pois bem, hoje eu vou te contar sobre projetos de casas de fazenda que s\u00e3o puro charme e boas inspira\u00e7\u00f5es de decora\u00e7\u00e3o que v\u00e3o fazer voc\u00ea querer sair correndo para o campo!<\/p>\n<h3>O que \u00e9 uma Casa de Fazenda?<\/h3>\n<figure style=\"width: 1024px\" class=\"wp-caption aligncenter\"><img decoding=\"async\" src=\"https:\/\/www.aarquiteta.com.br\/blog\/wp-content\/uploads\/2025\/02\/casa-de-fazenda-01.jpg\" alt=\"Casa de fazenda: 10 projetos com muito aconchego\" width=\"1024\" height=\"1024\" title=\"\"><figcaption class=\"wp-caption-text\">Casa de fazenda: 10 projetos com muito aconchego<\/figcaption><\/figure>\n<p>Uma <b>casa de fazenda<\/b> traz consigo uma conex\u00e3o profunda com a natureza e tradi\u00e7\u00e3o. Imagine um espa\u00e7o onde a rusticidade se encontra com o conforto! Esses lares oferecem a possibilidade de viver em harmonia com a paisagem, mesclando elementos naturais com um toque acolhedor.<\/p>\n<p>Existem projetos incr\u00edveis que podem transformar esse sonho em realidade! Com o uso de materiais naturais, como madeira e pedra, al\u00e9m de uma paleta de cores que remete ao campo, cada detalhe faz toda a diferen\u00e7a na arquitetura desse tipo de casa.<\/p>\n<h3>1. Casa de Fazenda com Grande Varanda<\/h3>\n<figure style=\"width: 1024px\" class=\"wp-caption aligncenter\"><img decoding=\"async\" src=\"https:\/\/www.aarquiteta.com.br\/blog\/wp-content\/uploads\/2025\/02\/image86-1200x800.jpg\" alt=\"Apesar de ampla, a \u00e1rea gourmet mant\u00e9m a ideia de acolhimento e reuni\u00e3o (Projeto: Cardoso Chouza Arquitetos) \/ Foto: Pem\u00f3n Chouza\" title=\"\"><figcaption class=\"wp-caption-text\">Apesar de ampla, a \u00e1rea gourmet mant\u00e9m a ideia de acolhimento e reuni\u00e3o (Projeto: Cardoso Chouza Arquitetos) \/ Foto: Pem\u00f3n Chouza<\/figcaption><\/figure>\n<p>Quem n\u00e3o ama uma <b>varanda ampla<\/b> para receber amigos e familiares? Nesse tipo de projeto, as varandas se tornam verdadeiros pontos de encontro, decoradas com sof\u00e1s confort\u00e1veis e plantas, criando um espa\u00e7o de conv\u00edvio irresist\u00edvel. A integra\u00e7\u00e3o com o entorno \u00e9 fundamental: imagina-se tomando um caf\u00e9 enquanto se aprecia a natureza ao redor!<\/p>\n<h3>2. Aconchego com Lareira<\/h3>\n<figure style=\"width: 1024px\" class=\"wp-caption aligncenter\"><img decoding=\"async\" src=\"https:\/\/www.aarquiteta.com.br\/blog\/wp-content\/uploads\/2025\/02\/casadefazendaabre-1200x800.jpg\" alt=\"Casa de fazenda pode incorporar elementos modernos para se tornar mais pr\u00e1tica (Projeto: Pedro Motta \/ Foto: Walter Dias)\" title=\"\"><figcaption class=\"wp-caption-text\">Casa de fazenda pode incorporar elementos modernos para se tornar mais pr\u00e1tica (Projeto: Pedro Motta \/ Foto: Walter Dias)<\/figcaption><\/figure>\n<p>Nada como uma <b>lareira<\/b> para aquecer os cora\u00e7\u00f5es e os ambientes, n\u00e3o \u00e9 mesmo? Esse elemento \u00e9 um cl\u00e1ssico nas casas de fazenda, feito de pedras, com uma chama dan\u00e7ante e um sof\u00e1 em frente. Senti-la crepitando enquanto o frio l\u00e1 fora gelado \u00e9 a verdadeira defini\u00e7\u00e3o de aconchego!<\/p>\n<h3>3. Elementos R\u00fasticos<\/h3>\n<figure style=\"width: 1024px\" class=\"wp-caption aligncenter\"><img decoding=\"async\" src=\"https:\/\/www.aarquiteta.com.br\/blog\/wp-content\/uploads\/2025\/02\/casa-de-fazenda-02.jpg\" alt=\"Casa de fazenda: 10 projetos com muito aconchego\" width=\"1024\" height=\"1024\" title=\"\"><figcaption class=\"wp-caption-text\">Casa de fazenda: 10 projetos com muito aconchego<\/figcaption><\/figure>\n<p>Os <b>elementos r\u00fasticos<\/b> s\u00e3o essenciais. Como um bom exemplo, temos as mesas de madeira maci\u00e7a, aquelas que contam hist\u00f3rias e s\u00e3o perfeitas para longas refei\u00e7\u00f5es. Aproveitar m\u00f3veis antigos e reaproveitar materiais tamb\u00e9m traz um ar vintage que harmoniza com o espa\u00e7o.<\/p>\n<h3>4. Ilumina\u00e7\u00e3o Natural<\/h3>\n<figure style=\"width: 1024px\" class=\"wp-caption aligncenter\"><img decoding=\"async\" src=\"https:\/\/www.aarquiteta.com.br\/blog\/wp-content\/uploads\/2025\/02\/image-84-800x1200.jpg\" alt=\"Pe\u00e7as antigas ou reprodu\u00e7\u00f5es d\u00e3o toque r\u00fastico \u00e0 casa de fazenda (Projeto: Natalia Lemos Arquitetura)\" title=\"\"><figcaption class=\"wp-caption-text\">Pe\u00e7as antigas ou reprodu\u00e7\u00f5es d\u00e3o toque r\u00fastico \u00e0 casa de fazenda (Projeto: Natalia Lemos Arquitetura)<\/figcaption><\/figure>\n<p>Deixar a luz do sol entrar \u00e9 uma maneira de dar vida \u00e0 casa. Grandes janelas e portas de vidro trazem essa <b>ilumina\u00e7\u00e3o natural<\/b> e ainda proporcionam uma vista maravilhosa. Isso faz com que o espa\u00e7o pare\u00e7a mais livre, fluido e, claro, mais agrad\u00e1vel.<\/p>\n<h3>5. Cores Neutras e Terrosas<\/h3>\n<figure style=\"width: 1024px\" class=\"wp-caption aligncenter\"><img decoding=\"async\" src=\"https:\/\/www.aarquiteta.com.br\/blog\/wp-content\/uploads\/2025\/02\/casa-de-fazenda-03.jpg\" alt=\"Casa de fazenda: 10 projetos com muito aconchego\" width=\"1024\" height=\"1024\" title=\"\"><figcaption class=\"wp-caption-text\">Casa de fazenda: 10 projetos com muito aconchego<\/figcaption><\/figure>\n<p>As <b>cores neutras<\/b> ajudam a criar um clima sereno e relaxante. Tons como bege, marrom e verde-oliva s\u00e3o perfeitos para a paleta da casa de fazenda, integrando as divis\u00f5es ao entorno natural e proporcionando um toque de tranquilidade.<\/p>\n<h3>6. Jardim e Horta<\/h3>\n<figure style=\"width: 1024px\" class=\"wp-caption aligncenter\"><img decoding=\"async\" src=\"https:\/\/www.aarquiteta.com.br\/blog\/wp-content\/uploads\/2025\/02\/image-81-801x1200.jpg\" alt=\"Mesmo usando elementos modernos, casa de fazenda se mant\u00e9m r\u00fastica (Projeto: Fabiana Oliveira)\" title=\"\"><figcaption class=\"wp-caption-text\">Mesmo usando elementos modernos, casa de fazenda se mant\u00e9m r\u00fastica (Projeto: Fabiana Oliveira)<\/figcaption><\/figure>\n<p>Imagina ter um <b>jardim<\/b> e uma horta que s\u00e3o parte fundamental do seu lar? Flores e ervas arom\u00e1ticas n\u00e3o apenas decoram, mas tamb\u00e9m trazem frescor e sabor \u00e0 mesa. Um espa\u00e7o verde \u00e9 sempre um convite \u00e0 contempla\u00e7\u00e3o e ao relaxamento!<\/p>\n<h3>7. Aconchego das Cortinas<\/h3>\n<figure style=\"width: 1024px\" class=\"wp-caption aligncenter\"><img decoding=\"async\" src=\"https:\/\/www.aarquiteta.com.br\/blog\/wp-content\/uploads\/2025\/02\/casa-de-fazenda-4.jpg\" alt=\"Casa de fazenda: 10 projetos com muito aconchego\" width=\"1024\" height=\"1024\" title=\"\"><figcaption class=\"wp-caption-text\">Casa de fazenda: 10 projetos com muito aconchego<\/figcaption><\/figure>\n<p>As <b>cortinas leves<\/b> d\u00e3o um charme especial e permitem a entrada de luz sem perder a privacidade. Escolher tecidos que flutuam com o vento traz um aspecto et\u00e9reo para os ambientes, enquanto acrescentam um toque de suavidade.<\/p>\n<h3>8. Detalhes que Fazem a Diferen\u00e7a<\/h3>\n<figure style=\"width: 1024px\" class=\"wp-caption aligncenter\"><img decoding=\"async\" src=\"https:\/\/www.aarquiteta.com.br\/blog\/wp-content\/uploads\/2025\/02\/image-83-800x1200.jpg\" alt=\"Cores que remetem \u00e0 natureza combinam com a est\u00e9tica de fazenda (Projeto: Lana Rocha) \/ Foto: Raiana Medina\" title=\"\"><figcaption class=\"wp-caption-text\">Cores que remetem \u00e0 natureza combinam com a est\u00e9tica de fazenda (Projeto: Lana Rocha) \/ Foto: Raiana Medina<\/figcaption><\/figure>\n<p>Um bom <b>detalhe<\/b>, como almofadas coloridas, quadros de natureza ou cer\u00e2micas artesanais, pode fazer toda a diferen\u00e7a na decora\u00e7\u00e3o. Eles trazem personalidade e toques especiais que conquistam o cora\u00e7\u00e3o!<\/p>\n<h3>9. Espa\u00e7os de Leitura<\/h3>\n<h3>Para se aprofundar mais sobre o tema, veja a minha recomenda\u00e7\u00e3o sobre o tema deste artigo no v\u00eddeo a seguir abaixo:<\/h3>\n<p><iframe title=\"YouTube video player\" src=\"https:\/\/www.youtube.com\/embed\/rMbgx1APyB8\" width=\"560\" height=\"315\" frameborder=\"0\" allowfullscreen=\"allowfullscreen\"><\/iframe><\/p>\n<p>Um <b>cantinho de leitura<\/b> \u00e9 um convite para a tranquilidade. Com uma poltrona confort\u00e1vel e uma boa ilumina\u00e7\u00e3o, esse espa\u00e7o se torna perfeito para relaxar e aproveitar boas hist\u00f3rias.<\/p>\n<h3>10. Integrando \u00e0 Natureza<\/h3>\n<p>Por \u00faltimo, mas n\u00e3o menos importante, a integra\u00e7\u00e3o com a natureza. Que tal um <b>deck<\/b> ou patio ao ar livre, onde se pode sentir a brisa e conviver com a paisagem? A casa de fazenda \u00e9 um convite \u00e0 vida ao ar livre!<\/p>\n<p>Em resumo, as casas de fazenda s\u00e3o verdadeiros ref\u00fagios de conforto e aconchego. Investir em um projeto assim vale a pena, e essas dicas de decora\u00e7\u00e3o v\u00e3o transformar seu espa\u00e7o em um lar acolhedor e cheio de charme! Agora, se voc\u00ea tiver alguma d\u00favida ou quiser compartilhar sua experi\u00eancia com casas de fazenda, deixa um coment\u00e1rio abaixo que vou ficar super feliz em responder. \ud83c\udf3f<\/p>\n<h3>Perguntas Frequentes<\/h3>\n<figure style=\"width: 1024px\" class=\"wp-caption aligncenter\"><img decoding=\"async\" src=\"https:\/\/www.aarquiteta.com.br\/blog\/wp-content\/uploads\/2025\/02\/image82-1200x800.jpg\" alt=\"Materiais como madeira e ferro est\u00e3o entre os cl\u00e1ssicos do estilo campestre (Projeto: \u00c2ngela Villar Nogueira Paes Cambraia) \/ Foto: Edgard C\u00e9sar\" title=\"\"><figcaption class=\"wp-caption-text\">Materiais como madeira e ferro est\u00e3o entre os cl\u00e1ssicos do estilo campestre (Projeto: \u00c2ngela Villar Nogueira Paes Cambraia) \/ Foto: Edgard C\u00e9sar<\/figcaption><\/figure>\n<ul>\n<li><b>Como posso decorar minha casa de fazenda com um or\u00e7amento limitado?<\/b> Aposte em reformas simples e em m\u00f3veis de segunda m\u00e3o!<\/li>\n<li><b>Quais plantas s\u00e3o ideais para jardins de casas de fazenda?<\/b> Suculentas e ervas s\u00e3o \u00f3timas op\u00e7\u00f5es para dar vida ao seu espa\u00e7o.<\/li>\n<li><b>Posso misturar estilos na decora\u00e7\u00e3o?<\/b> Sim, combine o r\u00fastico com o contempor\u00e2neo para um efeito surpreendente!<\/li>\n<\/ul>\n","protected":false},"excerpt":{"rendered":"<p>Descubra 10 projetos inspiradores de casas de fazenda que trazem aconchego e as melhores dicas de decora\u00e7\u00e3o.<\/p>\n","protected":false},"author":102,"featured_media":144711,"comment_status":"open","ping_status":"","sticky":false,"template":"","format":"standard","meta":{"footnotes":""},"categories":[35375,971,19206],"tags":[],"class_list":["post-144724","post","type-post","status-publish","format-standard","has-post-thumbnail","category-acabamentos","category-design-de-interiores","category-revestimentos"],"_wp_attached_file":null,"_wp_attachment_metadata":null,"_wp_attachment_context":null,"_wp_attachment_is_custom_header":null,"geo_longitude":null,"geo_public":null,"geo_latitude":null,"_publicize_done_external":null,"_wpas_done_3897181":null,"publicize_twitter_user":null,"_wpas_done_3897175":null,"_wpas_skip_3897181":null,"_wpas_skip_3897175":null,"_wpas_skip_3924723":null,"_wpas_mess":null,"_wpas_done_3924723":null,"wps_subtitle":"","_links":{"self":[{"href":"https:\/\/www.aarquiteta.com.br\/blog\/wp-json\/wp\/v2\/posts\/144724","targetHints":{"allow":["GET"]}}],"collection":[{"href":"https:\/\/www.aarquiteta.com.br\/blog\/wp-json\/wp\/v2\/posts"}],"about":[{"href":"https:\/\/www.aarquiteta.com.br\/blog\/wp-json\/wp\/v2\/types\/post"}],"author":[{"embeddable":true,"href":"https:\/\/www.aarquiteta.com.br\/blog\/wp-json\/wp\/v2\/users\/102"}],"replies":[{"embeddable":true,"href":"https:\/\/www.aarquiteta.com.br\/blog\/wp-json\/wp\/v2\/comments?post=144724"}],"version-history":[{"count":0,"href":"https:\/\/www.aarquiteta.com.br\/blog\/wp-json\/wp\/v2\/posts\/144724\/revisions"}],"wp:featuredmedia":[{"embeddable":true,"href":"https:\/\/www.aarquiteta.com.br\/blog\/wp-json\/wp\/v2\/media\/144711"}],"wp:attachment":[{"href":"https:\/\/www.aarquiteta.com.br\/blog\/wp-json\/wp\/v2\/media?parent=144724"}],"wp:term":[{"taxonomy":"category","embeddable":true,"href":"https:\/\/www.aarquiteta.com.br\/blog\/wp-json\/wp\/v2\/categories?post=144724"},{"taxonomy":"post_tag","embeddable":true,"href":"https:\/\/www.aarquiteta.com.br\/blog\/wp-json\/wp\/v2\/tags?post=144724"}],"curies":[{"name":"wp","href":"https:\/\/api.w.org\/{rel}","templated":true}]}}